{"id":364912,"date":"2022-12-07T19:42:05","date_gmt":"2022-12-07T22:42:05","guid":{"rendered":"https:\/\/notinor.com\/jujuy\/?p=364912"},"modified":"2022-12-07T19:43:53","modified_gmt":"2022-12-07T22:43:53","slug":"dina-boluarte-juro-como-nueva-presidenta-e-hizo-un-llamado-al-dialogo","status":"publish","type":"post","link":"https:\/\/notinor.com\/jujuy\/dina-boluarte-juro-como-nueva-presidenta-e-hizo-un-llamado-al-dialogo\/","title":{"rendered":"Dina Boluarte jur\u00f3 como nueva presidenta e hizo un llamado al di\u00e1logo"},"content":{"rendered":"\n<p class=\"has-medium-font-size\"><em><strong>La nueva jefa de Estado en su primer mensaje a la Naci\u00f3n convoc\u00f3 \u201ca un amplio proceso de di\u00e1logo entre todas las fuerzas pol\u00edticas\u201d<\/strong><\/em><\/p>\n\n\n\n<figure class=\"wp-block-image size-large\"><img decoding=\"async\" loading=\"lazy\" width=\"721\" height=\"480\" src=\"https:\/\/notinor.com\/jujuy\/wp-content\/uploads\/2022\/12\/0077-721x480.png\" alt=\"\" class=\"wp-image-364913\" srcset=\"https:\/\/notinor.com\/jujuy\/wp-content\/uploads\/2022\/12\/0077-721x480.png 721w, https:\/\/notinor.com\/jujuy\/wp-content\/uploads\/2022\/12\/0077-549x365.png 549w, https:\/\/notinor.com\/jujuy\/wp-content\/uploads\/2022\/12\/0077.png 732w\" sizes=\"(max-width: 721px) 100vw, 721px\" \/><\/figure>\n\n\n\n<p>En medio de una crisis pol\u00edtica provocada por Pedro Castillo, <strong>Dina Boluarte jurament\u00f3 en el Congreso como nueva presidenta de la Rep\u00fablica del Per\u00fa.<\/strong><\/p>\n\n\n\n<p>La abogada, que<strong> hasta hace unos d\u00edas enfrentaba una acusaci\u00f3n constitucional en el Parlamento, decidi\u00f3 asumir las riendas del Estado peruano luego que Pedro Castillo fuera vacado por incapacidad moral permanente tras un mensaje a la Naci\u00f3n en el que intent\u00f3 cerrar el Poder Legislativo <\/strong>y ordenar la \u2018reorganizaci\u00f3n\u2019 del Poder Judicial y el Ministerio P\u00fablico.<\/p>\n\n\n\n<p>\u201cSiendo consciente de la enorme responsabilidad que me toca,<strong> mi primera invocaci\u00f3n, como no pod\u00eda ser de otra manera, es convocar a la m\u00e1s amplia unidad de todas y todos los peruanos<\/strong>. Se\u00f1ores, conversar, dialogar, como ponernos de acuerdo (es) algo tan sencillo como tan impracticable en los \u00faltimos meses. Convoco por ello a un amplio proceso de di\u00e1logo entre todas las fuerzas pol\u00edticas representadas o no en el Congreso\u201d, dijo en sus primeras palabras como presidenta.<\/p>\n\n\n\n<p>Durante su primer mensaje a la Naci\u00f3n hizo referencia al autogolpe de Pedro Castillo.<strong> \u201cSe ha producido un intento de golpe de Estado a una impronta promovida por Pedro Castillo, que no ha encontrado eco en las instituciones de la democracia y en la calle\u201d,<\/strong> dijo Boluarte.<\/p>\n\n\n\n<p><strong>\u201cMi primera medida ser\u00e1 pedir apoyo de la Fiscal\u00eda, a la Procuradur\u00eda P\u00fablica para ingresar sin medias tintas a las estructuras corrompidas <\/strong>por las mafias al interior del Estado y se impulsen investigaciones y sanciones r\u00e1pidas\u201d, continu\u00f3 Dina Boluarte en medio de aplausas.<\/p>\n\n\n\n<p><strong>La presidenta de la Rep\u00fablica, culmin\u00f3 pidiendo una tregua pol\u00edtica para instalar un gobierno de unidad nacional.<\/strong><\/p>\n\n\n\n<p>Esta decisi\u00f3n le cost\u00f3 el puesto a Castillo Terrones, quien se encuentra detenido en la sede de la Prefectura hasta donde lleg\u00f3 conducido por la Polic\u00eda Nacional.<\/p>\n\n\n\n<p>\u201cRechazo la decisi\u00f3n de Pedro Castillo de perpetrar el quiebre del orden constitucional con el cierre del Congreso. Se trata de un golpe de Estado que agrava la crisis pol\u00edtica e institucional que la sociedad peruana tendr\u00e1 que superar con estricto apego a la ley\u201d, dijo Dina Boluarte marcando distancia con el destituido expresidente.<\/p>\n\n\n\n<p><strong>Dina Boluarte entra en la historia del Per\u00fa al convertirse en la primera mujer en asumir el m\u00e1ximo cargo del pa\u00eds. <\/strong>Anteriormente, lo hab\u00eda intentado Keiko Fujimori y Lourdes Flores, pero ambas perdieron en elecciones populares.<\/p>\n\n\n\n<p>Boluarte naci\u00f3 el 31 de mayo de 1962 en Chalhuanca, Apur\u00edmac, Per\u00fa. Se gradu\u00f3 de abogada en la Universidad de San Mart\u00edn de Porres e hizo estudios de posgrado en esta misma universidad.<\/p>\n\n\n\n<p>Trabaj\u00f3 como funcionaria en el Registro Nacional de Identificaci\u00f3n y Estado Civil (Reniec) como abogada y jefa de una de sus oficinas, cargos que ocup\u00f3 desde 2007 y en agosto de 2020 pidi\u00f3 una licencia para poder presentarse en las elecciones generales de ese a\u00f1o ya que su cargo era incompatible con las funciones en el Ejecutivo. Posteriormente renunci\u00f3 a su cargo de jefa encargada de la Oficina Registral Surco - Higuereta, que ocupaba desde 2015.<\/p>\n\n\n\n<p>Fue candidata a la vicepresidencia, durante las elecciones generales de 2021, por el partido Per\u00fa Libre junto a Pedro Castillo.<\/p>\n\n\n\n<p>Fue nombrada ministra de Desarrollo e Inclusi\u00f3n Social en el Gobierno de Pedro Castillo, pero luego de un a\u00f1o dej\u00f3 el cargo, aparentemente por estar en contra del nombramiento de Betssy Ch\u00e1vez como Presidenta del Consejo de Ministros.<\/p>\n","protected":false},"excerpt":{"rendered":"<p>La nueva jefa de Estado en su primer mensaje a la Naci\u00f3n convoc\u00f3 \u201ca un amplio proceso de di\u00e1logo entre todas las fuerzas pol\u00edticas\u201d En medio de una crisis pol\u00edtica provocada por Pedro Castillo, Dina Boluarte jurament\u00f3 en el Congreso como nueva presidenta de la Rep\u00fablica del Per\u00fa. La abogada, que hasta hace unos d\u00edas [&hellip;]<\/p>\n","protected":false},"author":54,"featured_media":364913,"comment_status":"open","ping_status":"open","sticky":false,"template":"","format":"standard","meta":{"_stopmodifiedupdate":false,"_modified_date":"","inline_featured_image":false,"spay_email":"","jetpack_publicize_message":""},"categories":[2,6],"tags":[],"jetpack_featured_media_url":"https:\/\/notinor.com\/jujuy\/wp-content\/uploads\/2022\/12\/0077.png","jetpack_publicize_connections":[],"_links":{"self":[{"href":"https:\/\/notinor.com\/jujuy\/wp-json\/wp\/v2\/posts\/364912"}],"collection":[{"href":"https:\/\/notinor.com\/jujuy\/wp-json\/wp\/v2\/posts"}],"about":[{"href":"https:\/\/notinor.com\/jujuy\/wp-json\/wp\/v2\/types\/post"}],"author":[{"embeddable":true,"href":"https:\/\/notinor.com\/jujuy\/wp-json\/wp\/v2\/users\/54"}],"replies":[{"embeddable":true,"href":"https:\/\/notinor.com\/jujuy\/wp-json\/wp\/v2\/comments?post=364912"}],"version-history":[{"count":1,"href":"https:\/\/notinor.com\/jujuy\/wp-json\/wp\/v2\/posts\/364912\/revisions"}],"predecessor-version":[{"id":364914,"href":"https:\/\/notinor.com\/jujuy\/wp-json\/wp\/v2\/posts\/364912\/revisions\/364914"}],"wp:featuredmedia":[{"embeddable":true,"href":"https:\/\/notinor.com\/jujuy\/wp-json\/wp\/v2\/media\/364913"}],"wp:attachment":[{"href":"https:\/\/notinor.com\/jujuy\/wp-json\/wp\/v2\/media?parent=364912"}],"wp:term":[{"taxonomy":"category","embeddable":true,"href":"https:\/\/notinor.com\/jujuy\/wp-json\/wp\/v2\/categories?post=364912"},{"taxonomy":"post_tag","embeddable":true,"href":"https:\/\/notinor.com\/jujuy\/wp-json\/wp\/v2\/tags?post=364912"}],"curies":[{"name":"wp","href":"https:\/\/api.w.org\/{rel}","templated":true}]}}