{"id":364905,"date":"2022-12-07T19:14:45","date_gmt":"2022-12-07T22:14:45","guid":{"rendered":"https:\/\/notinor.com\/jujuy\/?p=364905"},"modified":"2022-12-07T19:14:48","modified_gmt":"2022-12-07T22:14:48","slug":"hablo-una-de-las-acusadas-por-el-asesinato-de-lucio-dupuy-mi-intencion-jamas-fue-lastimarlo-y-mucho-menos-matarlo","status":"publish","type":"post","link":"https:\/\/notinor.com\/jujuy\/hablo-una-de-las-acusadas-por-el-asesinato-de-lucio-dupuy-mi-intencion-jamas-fue-lastimarlo-y-mucho-menos-matarlo\/","title":{"rendered":"Habl\u00f3 una de las acusadas por el asesinato de Lucio Dupuy: \u201cMi intenci\u00f3n jam\u00e1s fue lastimarlo y mucho menos matarlo\u201d"},"content":{"rendered":"\n<p class=\"has-medium-font-size\"><br><strong><em>En el marco del juicio por el asesinato del ni\u00f1o de 5 a\u00f1os, Abigail P\u00e1ez sorprendi\u00f3 a los presentes y declar\u00f3 frente al Tribunal. La mujer es juzgada junto a la madre del menor, en La Pampa<\/em><\/strong><\/p>\n\n\n\n<figure class=\"wp-block-image size-full\"><img decoding=\"async\" loading=\"lazy\" width=\"735\" height=\"405\" src=\"https:\/\/notinor.com\/jujuy\/wp-content\/uploads\/2022\/12\/0075.png\" alt=\"\" class=\"wp-image-364906\" srcset=\"https:\/\/notinor.com\/jujuy\/wp-content\/uploads\/2022\/12\/0075.png 735w, https:\/\/notinor.com\/jujuy\/wp-content\/uploads\/2022\/12\/0075-660x365.png 660w\" sizes=\"(max-width: 735px) 100vw, 735px\" \/><\/figure>\n\n\n\n<p>La audiencia de hoy por el crimen de Lucio Dupuy, el nene de 5 a\u00f1os abusado y golpeado hasta la muerte en La Pampa, termin\u00f3 con una sorpresa. <strong>Una de las acusadas pidi\u00f3 declarar. \u201cMi intenci\u00f3n jam\u00e1s fue lastimarlo y mucho menos matarlo. Me duele en el alma, lo extra\u00f1o mucho\u201d, afirm\u00f3 Abigail P\u00e1ez<\/strong>, una de las dos mujeres juzgadas por el crimen, ante el Tribunal de Audiencias en la ciudad de Santa Rosa.<\/p>\n\n\n\n<p>P\u00e1ez es la <strong>pareja de Magdalena Esp\u00f3sito Valenti, la madre de Lucio. Esp\u00f3sito Valenti est\u00e1 imputada por homicidio triplemente calificado por el v\u00ednculo y con ensa\u00f1amiento y alevos\u00eda; en concurso real con abuso sexual gravemente ultrajante por su duraci\u00f3n y formas concretas de realizaci\u00f3n, triplemente agravado por ser la guardadora al momento de los hechos, por ser cometido por dos personas y por existir convivencia con la v\u00edctima menor de 18 a\u00f1os, como delito continuado. P\u00e1ez, por su parte, est\u00e1 acusada del mismo delito, pero sin el agravante<\/strong> del v\u00ednculo.<\/p>\n\n\n\n<p>As\u00ed, esta \u00faltima sorprendi\u00f3 a los presentes en la 14\u00b0 jornada del juicio, donde ya pasaron 61 testigos frente al tribunal integrado por la jueza Alejandro Ongaro y los jueces Andr\u00e9s Oli\u00e9 y Daniel S\u00e1ez Zamora.<\/p>\n\n\n\n<p>Cuando Pablo De Biasi \u2014letrado de la mujer\u2014 dijo que P\u00e1ez iba a declarar, acot\u00f3 que Esp\u00f3sito Valent\u00ed se retirar\u00eda de la sala y que no escuchar\u00eda el testimonio ni siquiera por los parlantes. As\u00ed, la mujer comenz\u00f3 su relato y dijo: \u201cMi intenci\u00f3n jam\u00e1s fue lastimarlo y mucho menos matarlo. Me duele en el alma, lo extra\u00f1o mucho\u201d. Luego, detall\u00f3 todo lo que hizo el d\u00eda del crimen y concluy\u00f3 la declaraci\u00f3n.<\/p>\n\n\n\n<p>Seg\u00fan la reconstrucci\u00f3n que hicieron los fiscales que investigaci\u00f3n el caso,<strong> aquel d\u00eda Lucio recibi\u00f3 una brutal golpiza entre las 17.30 y las 19.40 dentro del departamento que compart\u00eda con Magdalena, su madre, y la pareja de ella, ubicado en la calle Allan Kardec 2.385 de la capital pampeana. Una c\u00e1mara de seguridad registr\u00f3 a las mujeres saliendo de la vivienda 19.30 y dejando s\u00f3lo al menor. Unos minutos despu\u00e9s, en la filmaci\u00f3n se observa que solo vuelve P\u00e1ez, quien luego llev\u00f3 al menor a una posta sanitaria del barrio R\u00edo Atuel porque se hab\u00eda descompensado por los golpes.<\/strong><\/p>\n\n\n\n<p>Lucio estaba en muy mal estado, con m\u00faltiples lesiones y casi sin signos vitales. De hecho, la autopsia posterior determin\u00f3 que <strong>la muerte se produjo por una \u201chemorragia interna\u201d, producto de las agresiones.<\/strong><\/p>\n\n\n\n<p>Adem\u00e1s de P\u00e1ez,<strong> declararon ocho testigos requeridos por las defensas p\u00fablicas. <\/strong>Las primeras cuatro testigos de hoy declararon v\u00eda Zoom, ya que estaban localidades pampeanas y en Buenos Aires. Se trat\u00f3 de tres m\u00e9dicas del hospital Gobernador Centeno, ubicado en General Pico, y de una joven que ven\u00eda entradas.<\/p>\n\n\n\n<p>Dos de las<strong> tres m\u00e9dicos que atendieron a Lucio en la guardia del hospital, en 2019 y 2020, por una herida cortante superficial, un traumatismo, una otitis y una faringitis.<\/strong> Por ello las preguntas estuvieron orientadas espec\u00edficamente a esas atenciones profesionales.<\/p>\n\n\n\n<p>A su vez, declar\u00f3 una la joven, desde la Ciudad Aut\u00f3noma de Buenos Aires, quien dio detalles de los mensajes que mantuvo por Whatsapp con P\u00e1ez ese mismo 26 de noviembre, ya que le vendi\u00f3 dos entradas para un evento que se realizar\u00eda en la madrugada del s\u00e1bado 27. Las preguntas de los defensores oficiales Mar\u00eda Silvina Blanco G\u00f3mez y De Biasi \u2013representantes de Esp\u00f3sito Valenti y P\u00e1ez\u2013 profundizaron en el horario en que la imputada fue a comprar los tickets y c\u00f3mo se la ve\u00eda.<\/p>\n\n\n\n<p>En la \u00faltima audiencia estuvieron presentes, adem\u00e1s, las fiscales Mar\u00eda M\u00f3nica Rivero y Ver\u00f3nica Ferrero, el fiscal Marcos Sacco, la defensora oficial Paula Arrigone, el querellante particular Jos\u00e9 Mario Aguerrido y la asesora de ni\u00f1as, ni\u00f1os y adolescentes, Graciela Massara. El juicio, por su parte, continuar\u00e1 el mi\u00e9rcoles pr\u00f3ximo.<\/p>\n","protected":false},"excerpt":{"rendered":"<p>En el marco del juicio por el asesinato del ni\u00f1o de 5 a\u00f1os, Abigail P\u00e1ez sorprendi\u00f3 a los presentes y declar\u00f3 frente al Tribunal. La mujer es juzgada junto a la madre del menor, en La Pampa La audiencia de hoy por el crimen de Lucio Dupuy, el nene de 5 a\u00f1os abusado y golpeado [&hellip;]<\/p>\n","protected":false},"author":54,"featured_media":364906,"comment_status":"closed","ping_status":"closed","sticky":false,"template":"","format":"standard","meta":{"_stopmodifiedupdate":false,"_modified_date":"","inline_featured_image":false,"spay_email":"","jetpack_publicize_message":""},"categories":[3],"tags":[],"jetpack_featured_media_url":"https:\/\/notinor.com\/jujuy\/wp-content\/uploads\/2022\/12\/0075.png","jetpack_publicize_connections":[],"_links":{"self":[{"href":"https:\/\/notinor.com\/jujuy\/wp-json\/wp\/v2\/posts\/364905"}],"collection":[{"href":"https:\/\/notinor.com\/jujuy\/wp-json\/wp\/v2\/posts"}],"about":[{"href":"https:\/\/notinor.com\/jujuy\/wp-json\/wp\/v2\/types\/post"}],"author":[{"embeddable":true,"href":"https:\/\/notinor.com\/jujuy\/wp-json\/wp\/v2\/users\/54"}],"replies":[{"embeddable":true,"href":"https:\/\/notinor.com\/jujuy\/wp-json\/wp\/v2\/comments?post=364905"}],"version-history":[{"count":1,"href":"https:\/\/notinor.com\/jujuy\/wp-json\/wp\/v2\/posts\/364905\/revisions"}],"predecessor-version":[{"id":364907,"href":"https:\/\/notinor.com\/jujuy\/wp-json\/wp\/v2\/posts\/364905\/revisions\/364907"}],"wp:featuredmedia":[{"embeddable":true,"href":"https:\/\/notinor.com\/jujuy\/wp-json\/wp\/v2\/media\/364906"}],"wp:attachment":[{"href":"https:\/\/notinor.com\/jujuy\/wp-json\/wp\/v2\/media?parent=364905"}],"wp:term":[{"taxonomy":"category","embeddable":true,"href":"https:\/\/notinor.com\/jujuy\/wp-json\/wp\/v2\/categories?post=364905"},{"taxonomy":"post_tag","embeddable":true,"href":"https:\/\/notinor.com\/jujuy\/wp-json\/wp\/v2\/tags?post=364905"}],"curies":[{"name":"wp","href":"https:\/\/api.w.org\/{rel}","templated":true}]}}