{"id":363675,"date":"2022-11-25T19:42:27","date_gmt":"2022-11-25T22:42:27","guid":{"rendered":"https:\/\/notinor.com\/jujuy\/?p=363675"},"modified":"2022-11-25T19:42:32","modified_gmt":"2022-11-25T22:42:32","slug":"ecuador-consiguio-un-empate-agridulce-ante-la-naranja-mecanica","status":"publish","type":"post","link":"https:\/\/notinor.com\/jujuy\/ecuador-consiguio-un-empate-agridulce-ante-la-naranja-mecanica\/","title":{"rendered":"Ecuador consigui\u00f3 un empate agridulce ante la \u2018Naranja Mec\u00e1nica\u2019"},"content":{"rendered":"\n<p class=\"has-medium-font-size\"><strong><em>El empate de Ecuador lleg\u00f3 al inicio del segundo tiempo, y aunque domin\u00f3 durante los segundos 45 minutos, la expectativa por la condici\u00f3n de Enner Valencia tiene en vilo a Gustavo Alfaro. Tanto Pa\u00edses Bajos, como los sudamericanos, dependen de s\u00ed mismos para obtener la clasificaci\u00f3n a los octavos de final del Mundial Qatar 2022.<\/em><\/strong><\/p>\n\n\n\n<figure class=\"wp-block-image size-large\"><img decoding=\"async\" loading=\"lazy\" width=\"723\" height=\"480\" src=\"https:\/\/notinor.com\/jujuy\/wp-content\/uploads\/2022\/11\/0123-1-723x480.png\" alt=\"\" class=\"wp-image-363676\" srcset=\"https:\/\/notinor.com\/jujuy\/wp-content\/uploads\/2022\/11\/0123-1-723x480.png 723w, https:\/\/notinor.com\/jujuy\/wp-content\/uploads\/2022\/11\/0123-1-550x365.png 550w, https:\/\/notinor.com\/jujuy\/wp-content\/uploads\/2022\/11\/0123-1-768x510.png 768w, https:\/\/notinor.com\/jujuy\/wp-content\/uploads\/2022\/11\/0123-1-750x498.png 750w, https:\/\/notinor.com\/jujuy\/wp-content\/uploads\/2022\/11\/0123-1.png 800w\" sizes=\"(max-width: 723px) 100vw, 723px\" \/><\/figure>\n\n\n\n<p>Pa\u00edses Bajos y Ecuador <strong>se enfrentaron en Internacional Jalifa de Doha,<\/strong> en un partido colmado de especulaciones por el historial de ambos combinados, sin embargo,<strong> en los papeles el eventual vencedor podr\u00eda ser el elenco europeo, que ven\u00eda de vencer a la siempre dif\u00edcil Senegal.<\/strong> As\u00ed las cosas, la disputa mundialista, brind\u00f3 sorpresas y espect\u00e1culo que asistieron para ver a sus selecciones en la segunda fecha del grupo A.<\/p>\n\n\n\n<p><strong>En el primer tiempo, <\/strong>\u2018La Naranja Mec\u00e1nica\u2019 se fue arriba en los primeros seis minutos, sin embargo, los sudamericanos sintieron la obligaci\u00f3n de ir por el empate y empezaron a fortalecer la zona de ataque, acerc\u00e1ndose m\u00ednimamente y buscando la anotaci\u00f3n, que incluso estuvo cerca tras la jugada de gol anulada en la reposici\u00f3n de la primera parte, luego que el juez decidiera no validar el disparo de Pervis Estupi\u00f1an por fuera de juego.<\/p>\n\n\n\n<p><strong>Ya en el segundo<\/strong> tiempo, Gustavo Alfaro acudi\u00f3 a la motivaci\u00f3n en el camerino, pues sus jugadores salieron al campo a batirse en una feroz batalla poco esperada. La Tri mejor\u00f3 de manera notoria y domin\u00f3 con nueve disparos al arco, de las cuales una termin\u00f3 en gol y varias estuvieron cerca. De igual forma, finalizando el encuentro, las alarmas se encendieron, pues Enner Valencia sali\u00f3 en camilla luego de un fuerte choque contra el rival, hecho que dio por finalizado el partido para el ecuatoriano, quien espera parte m\u00e9dico.<\/p>\n\n\n\n<p><strong>Este resultado deja el grupo abierto para Ecuador y Pa\u00edses Bajos, quienes dependen de s\u00ed mismos para clasificar, pues el \u00fanico eliminado hasta el momento es el afitri\u00f3n, Qatar.<\/strong><\/p>\n","protected":false},"excerpt":{"rendered":"<p>El empate de Ecuador lleg\u00f3 al inicio del segundo tiempo, y aunque domin\u00f3 durante los segundos 45 minutos, la expectativa por la condici\u00f3n de Enner Valencia tiene en vilo a Gustavo Alfaro. Tanto Pa\u00edses Bajos, como los sudamericanos, dependen de s\u00ed mismos para obtener la clasificaci\u00f3n a los octavos de final del Mundial Qatar 2022. [&hellip;]<\/p>\n","protected":false},"author":54,"featured_media":363676,"comment_status":"closed","ping_status":"closed","sticky":false,"template":"","format":"standard","meta":{"_stopmodifiedupdate":false,"_modified_date":"","inline_featured_image":false,"spay_email":"","jetpack_publicize_message":""},"categories":[7],"tags":[],"jetpack_featured_media_url":"https:\/\/notinor.com\/jujuy\/wp-content\/uploads\/2022\/11\/0123-1.png","jetpack_publicize_connections":[],"_links":{"self":[{"href":"https:\/\/notinor.com\/jujuy\/wp-json\/wp\/v2\/posts\/363675"}],"collection":[{"href":"https:\/\/notinor.com\/jujuy\/wp-json\/wp\/v2\/posts"}],"about":[{"href":"https:\/\/notinor.com\/jujuy\/wp-json\/wp\/v2\/types\/post"}],"author":[{"embeddable":true,"href":"https:\/\/notinor.com\/jujuy\/wp-json\/wp\/v2\/users\/54"}],"replies":[{"embeddable":true,"href":"https:\/\/notinor.com\/jujuy\/wp-json\/wp\/v2\/comments?post=363675"}],"version-history":[{"count":1,"href":"https:\/\/notinor.com\/jujuy\/wp-json\/wp\/v2\/posts\/363675\/revisions"}],"predecessor-version":[{"id":363677,"href":"https:\/\/notinor.com\/jujuy\/wp-json\/wp\/v2\/posts\/363675\/revisions\/363677"}],"wp:featuredmedia":[{"embeddable":true,"href":"https:\/\/notinor.com\/jujuy\/wp-json\/wp\/v2\/media\/363676"}],"wp:attachment":[{"href":"https:\/\/notinor.com\/jujuy\/wp-json\/wp\/v2\/media?parent=363675"}],"wp:term":[{"taxonomy":"category","embeddable":true,"href":"https:\/\/notinor.com\/jujuy\/wp-json\/wp\/v2\/categories?post=363675"},{"taxonomy":"post_tag","embeddable":true,"href":"https:\/\/notinor.com\/jujuy\/wp-json\/wp\/v2\/tags?post=363675"}],"curies":[{"name":"wp","href":"https:\/\/api.w.org\/{rel}","templated":true}]}}