{"id":363666,"date":"2022-11-25T16:56:39","date_gmt":"2022-11-25T19:56:39","guid":{"rendered":"https:\/\/notinor.com\/jujuy\/?p=363666"},"modified":"2022-11-25T16:59:05","modified_gmt":"2022-11-25T19:59:05","slug":"se-viene-la-feria-regional-de-intercambio-de-camelidos-y-cultivos-andinos","status":"publish","type":"post","link":"https:\/\/notinor.com\/jujuy\/se-viene-la-feria-regional-de-intercambio-de-camelidos-y-cultivos-andinos\/","title":{"rendered":"Se viene la Feria Regional de Intercambio de Cam\u00e9lidos y Cultivos Andinos"},"content":{"rendered":"\n<p class=\"has-medium-font-size\"><strong><em>Abra Pampa se prepara para lo que ser\u00e1 este esperado evento programado para el primer fin de semana de diciembre.<\/em><\/strong><\/p>\n\n\n\n<figure class=\"wp-block-image size-full\"><img decoding=\"async\" loading=\"lazy\" width=\"672\" height=\"394\" src=\"https:\/\/notinor.com\/jujuy\/wp-content\/uploads\/2022\/11\/0121-2.png\" alt=\"\" class=\"wp-image-363668\" srcset=\"https:\/\/notinor.com\/jujuy\/wp-content\/uploads\/2022\/11\/0121-2.png 672w, https:\/\/notinor.com\/jujuy\/wp-content\/uploads\/2022\/11\/0121-2-623x365.png 623w\" sizes=\"(max-width: 672px) 100vw, 672px\" \/><\/figure>\n\n\n\n<p>El evento que <strong>convoca a productores rurales de la zona de Quebrada y Puna comenzar\u00e1 el pr\u00f3ximo viernes 2 y se extender\u00e1 hasta el domingo 4 del \u00faltimo mes del a\u00f1o, y tendr\u00e1 lugar en el Predio Ferial de la localidad, sito en el Acceso Sur de la misma.<\/strong><\/p>\n\n\n\n<p>El mismo contar\u00e1 con una <strong>amplia variedad de espacios gastron\u00f3micos, culturales, y productivos para visitantes y participantes, a la vez que est\u00e1 previsto la realizaci\u00f3n de talleres y capacitaciones a cargo de reconocidos especialistas.<\/strong><\/p>\n\n\n\n<p>El principal objetivo es <strong>promover el desarrollo sustentable de la cr\u00eda de llamas y la producci\u00f3n de su fibra, carne y cuero.<\/strong> Para esta edici\u00f3n la participaci\u00f3n animal ser\u00e1 solo de ejemplares \u201cmachos reproductores\u201d.<\/p>\n\n\n\n<p>La novedosa iniciativa pretende <strong>seguir posicionando al sector cam\u00e9lido en los mercados <\/strong>como as\u00ed tambi\u00e9n seguir visibilizando las actividades de campo, y socializando las buenas pr\u00e1cticas como las normativas de SENASA.<\/p>\n","protected":false},"excerpt":{"rendered":"<p>Abra Pampa se prepara para lo que ser\u00e1 este esperado evento programado para el primer fin de semana de diciembre. El evento que convoca a productores rurales de la zona de Quebrada y Puna comenzar\u00e1 el pr\u00f3ximo viernes 2 y se extender\u00e1 hasta el domingo 4 del \u00faltimo mes del a\u00f1o, y tendr\u00e1 lugar en [&hellip;]<\/p>\n","protected":false},"author":54,"featured_media":363668,"comment_status":"closed","ping_status":"closed","sticky":false,"template":"","format":"standard","meta":{"_stopmodifiedupdate":false,"_modified_date":"","inline_featured_image":false,"spay_email":"","jetpack_publicize_message":""},"categories":[4,2542],"tags":[],"jetpack_featured_media_url":"https:\/\/notinor.com\/jujuy\/wp-content\/uploads\/2022\/11\/0121-2.png","jetpack_publicize_connections":[],"_links":{"self":[{"href":"https:\/\/notinor.com\/jujuy\/wp-json\/wp\/v2\/posts\/363666"}],"collection":[{"href":"https:\/\/notinor.com\/jujuy\/wp-json\/wp\/v2\/posts"}],"about":[{"href":"https:\/\/notinor.com\/jujuy\/wp-json\/wp\/v2\/types\/post"}],"author":[{"embeddable":true,"href":"https:\/\/notinor.com\/jujuy\/wp-json\/wp\/v2\/users\/54"}],"replies":[{"embeddable":true,"href":"https:\/\/notinor.com\/jujuy\/wp-json\/wp\/v2\/comments?post=363666"}],"version-history":[{"count":1,"href":"https:\/\/notinor.com\/jujuy\/wp-json\/wp\/v2\/posts\/363666\/revisions"}],"predecessor-version":[{"id":363669,"href":"https:\/\/notinor.com\/jujuy\/wp-json\/wp\/v2\/posts\/363666\/revisions\/363669"}],"wp:featuredmedia":[{"embeddable":true,"href":"https:\/\/notinor.com\/jujuy\/wp-json\/wp\/v2\/media\/363668"}],"wp:attachment":[{"href":"https:\/\/notinor.com\/jujuy\/wp-json\/wp\/v2\/media?parent=363666"}],"wp:term":[{"taxonomy":"category","embeddable":true,"href":"https:\/\/notinor.com\/jujuy\/wp-json\/wp\/v2\/categories?post=363666"},{"taxonomy":"post_tag","embeddable":true,"href":"https:\/\/notinor.com\/jujuy\/wp-json\/wp\/v2\/tags?post=363666"}],"curies":[{"name":"wp","href":"https:\/\/api.w.org\/{rel}","templated":true}]}}