{"id":363661,"date":"2022-11-25T16:35:26","date_gmt":"2022-11-25T19:35:26","guid":{"rendered":"https:\/\/notinor.com\/jujuy\/?p=363661"},"modified":"2022-11-25T16:57:29","modified_gmt":"2022-11-25T19:57:29","slug":"se-derrumbo-el-balcon-de-una-vivienda-en-la-zona-de-vieja-terminal","status":"publish","type":"post","link":"https:\/\/notinor.com\/jujuy\/se-derrumbo-el-balcon-de-una-vivienda-en-la-zona-de-vieja-terminal\/","title":{"rendered":"Se derrumb\u00f3 el balc\u00f3n de una vivienda en la zona de Vieja Terminal"},"content":{"rendered":"\n<p class=\"has-medium-font-size\"><strong><em>La ma\u00f1ana sorprendi\u00f3 a los vecinos de la intersecci\u00f3n de Santiago del Estero y Leandro Alem tras el s\u00fabito y sorpresivo derrumbe de un balc\u00f3n de una vivienda de dicha esquina.<\/em><\/strong><\/p>\n\n\n\n<figure class=\"wp-block-image size-large\"><img decoding=\"async\" loading=\"lazy\" width=\"363\" height=\"480\" src=\"https:\/\/notinor.com\/jujuy\/wp-content\/uploads\/2022\/11\/0120-1-363x480.png\" alt=\"\" class=\"wp-image-363662\" srcset=\"https:\/\/notinor.com\/jujuy\/wp-content\/uploads\/2022\/11\/0120-1-363x480.png 363w, https:\/\/notinor.com\/jujuy\/wp-content\/uploads\/2022\/11\/0120-1-276x365.png 276w, https:\/\/notinor.com\/jujuy\/wp-content\/uploads\/2022\/11\/0120-1.png 411w\" sizes=\"(max-width: 363px) 100vw, 363px\" \/><\/figure>\n\n\n\n<p>Si bien aun se desconocen las causas, lo cierto es que <strong>el balc\u00f3n del segundo piso del domicilio siniestrado colaps\u00f3 y cay\u00f3 sobre el balc\u00f3n del primer piso, provocando serios destrozos<\/strong> que afectaron el cableado de suministro de energ\u00eda el\u00e9ctrica.<\/p>\n\n\n\n<p>Por precauci\u00f3n, <strong>las autoridades dispusieron un cerramiento de la zona, causando inconvenientes a los vecinos de las inmediaciones que se vieron imposibilitados de salir de sus domicilios, mientras que los transeuntes y el tr\u00e1nsito vehicular tuvo que ser desviado.<\/strong><\/p>\n\n\n\n<p>Seg\u00fan se pudo conocer, <strong>solo se produjeron da\u00f1os materiales,<\/strong> afortunadamente.  <strong>Personal de bomberos y cuadrillas de EJESA concurrieron al lugar inmediatamente <\/strong>tras recibir aviso.<\/p>\n","protected":false},"excerpt":{"rendered":"<p>La ma\u00f1ana sorprendi\u00f3 a los vecinos de la intersecci\u00f3n de Santiago del Estero y Leandro Alem tras el s\u00fabito y sorpresivo derrumbe de un balc\u00f3n de una vivienda de dicha esquina. Si bien aun se desconocen las causas, lo cierto es que el balc\u00f3n del segundo piso del domicilio siniestrado colaps\u00f3 y cay\u00f3 sobre el [&hellip;]<\/p>\n","protected":false},"author":54,"featured_media":363662,"comment_status":"closed","ping_status":"closed","sticky":false,"template":"","format":"standard","meta":{"_stopmodifiedupdate":false,"_modified_date":"","inline_featured_image":false,"spay_email":"","jetpack_publicize_message":""},"categories":[3],"tags":[],"jetpack_featured_media_url":"https:\/\/notinor.com\/jujuy\/wp-content\/uploads\/2022\/11\/0120-1.png","jetpack_publicize_connections":[],"_links":{"self":[{"href":"https:\/\/notinor.com\/jujuy\/wp-json\/wp\/v2\/posts\/363661"}],"collection":[{"href":"https:\/\/notinor.com\/jujuy\/wp-json\/wp\/v2\/posts"}],"about":[{"href":"https:\/\/notinor.com\/jujuy\/wp-json\/wp\/v2\/types\/post"}],"author":[{"embeddable":true,"href":"https:\/\/notinor.com\/jujuy\/wp-json\/wp\/v2\/users\/54"}],"replies":[{"embeddable":true,"href":"https:\/\/notinor.com\/jujuy\/wp-json\/wp\/v2\/comments?post=363661"}],"version-history":[{"count":1,"href":"https:\/\/notinor.com\/jujuy\/wp-json\/wp\/v2\/posts\/363661\/revisions"}],"predecessor-version":[{"id":363663,"href":"https:\/\/notinor.com\/jujuy\/wp-json\/wp\/v2\/posts\/363661\/revisions\/363663"}],"wp:featuredmedia":[{"embeddable":true,"href":"https:\/\/notinor.com\/jujuy\/wp-json\/wp\/v2\/media\/363662"}],"wp:attachment":[{"href":"https:\/\/notinor.com\/jujuy\/wp-json\/wp\/v2\/media?parent=363661"}],"wp:term":[{"taxonomy":"category","embeddable":true,"href":"https:\/\/notinor.com\/jujuy\/wp-json\/wp\/v2\/categories?post=363661"},{"taxonomy":"post_tag","embeddable":true,"href":"https:\/\/notinor.com\/jujuy\/wp-json\/wp\/v2\/tags?post=363661"}],"curies":[{"name":"wp","href":"https:\/\/api.w.org\/{rel}","templated":true}]}}