{"id":363647,"date":"2022-11-25T16:19:33","date_gmt":"2022-11-25T19:19:33","guid":{"rendered":"https:\/\/notinor.com\/jujuy\/?p=363647"},"modified":"2022-11-25T16:48:15","modified_gmt":"2022-11-25T19:48:15","slug":"noche-de-los-museos-hoy-podran-visitar-museos-centros-salas-culturales-y-espacios-de-artes","status":"publish","type":"post","link":"https:\/\/notinor.com\/jujuy\/noche-de-los-museos-hoy-podran-visitar-museos-centros-salas-culturales-y-espacios-de-artes\/","title":{"rendered":"Gran expectativa para vivir la noche de los museos"},"content":{"rendered":"\n<p class=\"has-medium-font-size\"><strong><em>Jujuy se viste de gala para la apertura de casi 60 espacios culturales en toda la provincia. Esta noche abrir\u00e1n sus puertas hasta la medianoche museos, salas y centros culturales con diversas propuestas en forma gratuita.<\/em><\/strong><\/p>\n\n\n<div class=\"wp-block-image\">\n<figure class=\"aligncenter size-large\"><img decoding=\"async\" loading=\"lazy\" width=\"480\" height=\"480\" src=\"https:\/\/notinor.com\/jujuy\/wp-content\/uploads\/2022\/11\/juan-galo-lavalle-historical-2-480x480.jpg\" alt=\"\" class=\"wp-image-363651\" srcset=\"https:\/\/notinor.com\/jujuy\/wp-content\/uploads\/2022\/11\/juan-galo-lavalle-historical-2-480x480.jpg 480w, https:\/\/notinor.com\/jujuy\/wp-content\/uploads\/2022\/11\/juan-galo-lavalle-historical-2-365x365.jpg 365w, https:\/\/notinor.com\/jujuy\/wp-content\/uploads\/2022\/11\/juan-galo-lavalle-historical-2-768x768.jpg 768w, https:\/\/notinor.com\/jujuy\/wp-content\/uploads\/2022\/11\/juan-galo-lavalle-historical-2-75x75.jpg 75w, https:\/\/notinor.com\/jujuy\/wp-content\/uploads\/2022\/11\/juan-galo-lavalle-historical-2-750x750.jpg 750w, https:\/\/notinor.com\/jujuy\/wp-content\/uploads\/2022\/11\/juan-galo-lavalle-historical-2-1140x1140.jpg 1140w, https:\/\/notinor.com\/jujuy\/wp-content\/uploads\/2022\/11\/juan-galo-lavalle-historical-2.jpg 1200w\" sizes=\"(max-width: 480px) 100vw, 480px\" \/><\/figure><\/div>\n\n\n<p>Por Elizabeth Aybar<\/p>\n\n\n\n<p><strong>NOTINOR.COM<\/strong> dialog\u00f3 con <strong>la Prosecretaria de la Red de Museos de Jujuy, Viviana Cortez<\/strong>, quien invit\u00f3 un a\u00f1o m\u00e1s a vivir la propuesta de la noche de los museos. Instalada hace once a\u00f1os  hoy cuenta con mayores espacios culturales que fueron incorporados al estatuto de la Red de Museos.<\/p>\n\n\n<div class=\"wp-block-image\">\n<figure class=\"aligncenter size-large\"><img decoding=\"async\" loading=\"lazy\" width=\"480\" height=\"480\" src=\"https:\/\/notinor.com\/jujuy\/wp-content\/uploads\/2022\/11\/Copia-de-DEPORTES-480x480.jpg\" alt=\"\" class=\"wp-image-363649\" srcset=\"https:\/\/notinor.com\/jujuy\/wp-content\/uploads\/2022\/11\/Copia-de-DEPORTES-480x480.jpg 480w, https:\/\/notinor.com\/jujuy\/wp-content\/uploads\/2022\/11\/Copia-de-DEPORTES-365x365.jpg 365w, https:\/\/notinor.com\/jujuy\/wp-content\/uploads\/2022\/11\/Copia-de-DEPORTES-768x768.jpg 768w, https:\/\/notinor.com\/jujuy\/wp-content\/uploads\/2022\/11\/Copia-de-DEPORTES-75x75.jpg 75w, https:\/\/notinor.com\/jujuy\/wp-content\/uploads\/2022\/11\/Copia-de-DEPORTES-750x750.jpg 750w, https:\/\/notinor.com\/jujuy\/wp-content\/uploads\/2022\/11\/Copia-de-DEPORTES.jpg 1080w\" sizes=\"(max-width: 480px) 100vw, 480px\" \/><\/figure><\/div>\n\n\n<p><strong>\u201cLo que propone la Red de Museos es brindar al p\u00fablico una diversidad de propuestas para que pueda elegir entre actividades recreativas, musicales, art\u00edsticas. Significa much\u00edsimo porque es una noche libre y m\u00e1gica\u201d,<\/strong> destac\u00f3 Cortez.<\/p>\n\n\n\n<figure class=\"wp-block-pullquote\"><blockquote><p>Se trata de <strong>la 11\u00b0 Edici\u00f3n de la Noche de los Museos<\/strong>, y esta noche a partir de las 18 horas en las 4 regiones (<strong>Yungas, Valles, Quebrada y Puna<\/strong>), estar\u00e1n habilitados los museos, salas y espacios culturales de la Provincia, municipales e independientes para esta actividad. La nueva edici\u00f3n, que se extiende <strong>hasta las 12 de la noche<\/strong> y fue declarada de <strong>Inter\u00e9s provincial por la Legislatura de la provincia<\/strong>.<\/p><\/blockquote><\/figure>\n\n\n\n<p>Cortez celebr\u00f3 que los juje\u00f1os ya tienen incorporada est\u00e1 propuesta y hasta realizan una l\u00ednea de recorrido planeando las actividades con tiempo a elegir durante la jornada. A su vez celebr\u00f3 la incorporaci\u00f3n de nuevos espacios <strong>\u201cnosotros apoyamos mucho los museos y esta red naci\u00f3 en principio con una Red de Museos y a partir de esta suma de los Centros, Salas Culturales y Espacios de Artes, se tuvo que modificar su estatuto e incorpor\u00f3 a todos ellos como parte de la misma\u201d<\/strong>.<\/p>\n\n\n\n<p>La gente podr\u00e1 visitar los m\u00e1s de <strong>55 museos, centros culturales y espacios de arte de la provincia y privados hasta la medianoche<\/strong>. <strong>\u201cDifundir y educar todo lo que es el acervo cultural de la provincia forma parte del objetivo central de la Red de Museos\u201d<\/strong>, destac\u00f3 Cortez.<\/p>\n\n\n\n<p>Por \u00faltimo manifest\u00f3 que la noche de los museos es una actividad a desarrollarse a nivel nacional <strong>\u201cgeneralmente se lo da en el mes de noviembre y cada provincia se adhiere a la fecha. Pero estos \u00faltimos a\u00f1os se fue modificando y las provincias fueron buscando fechas m\u00e1s acertadas a su calendario y actividades y por eso se fue modificando\u201d<\/strong> aclar\u00f3.<\/p>\n\n\n\n<figure class=\"is-layout-flex wp-block-gallery-1 wp-block-gallery has-nested-images columns-default is-cropped\">\n<figure class=\"wp-block-image size-large\"><img decoding=\"async\" loading=\"lazy\" width=\"480\" height=\"480\" data-id=\"363657\"  src=\"https:\/\/notinor.com\/jujuy\/wp-content\/uploads\/2022\/11\/m7-480x480.jpg\" alt=\"\" class=\"wp-image-363657\" srcset=\"https:\/\/notinor.com\/jujuy\/wp-content\/uploads\/2022\/11\/m7-480x480.jpg 480w, https:\/\/notinor.com\/jujuy\/wp-content\/uploads\/2022\/11\/m7-365x365.jpg 365w, https:\/\/notinor.com\/jujuy\/wp-content\/uploads\/2022\/11\/m7-768x768.jpg 768w, https:\/\/notinor.com\/jujuy\/wp-content\/uploads\/2022\/11\/m7-75x75.jpg 75w, https:\/\/notinor.com\/jujuy\/wp-content\/uploads\/2022\/11\/m7-750x750.jpg 750w, https:\/\/notinor.com\/jujuy\/wp-content\/uploads\/2022\/11\/m7.jpg 960w\" sizes=\"(max-width: 480px) 100vw, 480px\" \/><\/figure>\n\n\n\n<figure class=\"wp-block-image size-large\"><img decoding=\"async\" loading=\"lazy\" width=\"480\" height=\"480\" data-id=\"363654\"  src=\"https:\/\/notinor.com\/jujuy\/wp-content\/uploads\/2022\/11\/m6-480x480.jpg\" alt=\"\" class=\"wp-image-363654\" srcset=\"https:\/\/notinor.com\/jujuy\/wp-content\/uploads\/2022\/11\/m6-480x480.jpg 480w, https:\/\/notinor.com\/jujuy\/wp-content\/uploads\/2022\/11\/m6-365x365.jpg 365w, https:\/\/notinor.com\/jujuy\/wp-content\/uploads\/2022\/11\/m6-768x768.jpg 768w, https:\/\/notinor.com\/jujuy\/wp-content\/uploads\/2022\/11\/m6-75x75.jpg 75w, https:\/\/notinor.com\/jujuy\/wp-content\/uploads\/2022\/11\/m6-750x750.jpg 750w, https:\/\/notinor.com\/jujuy\/wp-content\/uploads\/2022\/11\/m6.jpg 960w\" sizes=\"(max-width: 480px) 100vw, 480px\" \/><\/figure>\n\n\n\n<figure class=\"wp-block-image size-large\"><img decoding=\"async\" loading=\"lazy\" width=\"480\" height=\"480\" data-id=\"363656\"  src=\"https:\/\/notinor.com\/jujuy\/wp-content\/uploads\/2022\/11\/m5-480x480.jpg\" alt=\"\" class=\"wp-image-363656\" srcset=\"https:\/\/notinor.com\/jujuy\/wp-content\/uploads\/2022\/11\/m5-480x480.jpg 480w, https:\/\/notinor.com\/jujuy\/wp-content\/uploads\/2022\/11\/m5-365x365.jpg 365w, https:\/\/notinor.com\/jujuy\/wp-content\/uploads\/2022\/11\/m5-768x768.jpg 768w, https:\/\/notinor.com\/jujuy\/wp-content\/uploads\/2022\/11\/m5-75x75.jpg 75w, https:\/\/notinor.com\/jujuy\/wp-content\/uploads\/2022\/11\/m5-750x750.jpg 750w, https:\/\/notinor.com\/jujuy\/wp-content\/uploads\/2022\/11\/m5.jpg 960w\" sizes=\"(max-width: 480px) 100vw, 480px\" \/><\/figure>\n\n\n\n<figure class=\"wp-block-image size-large\"><img decoding=\"async\" loading=\"lazy\" width=\"480\" height=\"480\" data-id=\"363659\"  src=\"https:\/\/notinor.com\/jujuy\/wp-content\/uploads\/2022\/11\/m4-480x480.jpg\" alt=\"\" class=\"wp-image-363659\" srcset=\"https:\/\/notinor.com\/jujuy\/wp-content\/uploads\/2022\/11\/m4-480x480.jpg 480w, https:\/\/notinor.com\/jujuy\/wp-content\/uploads\/2022\/11\/m4-365x365.jpg 365w, https:\/\/notinor.com\/jujuy\/wp-content\/uploads\/2022\/11\/m4-768x768.jpg 768w, https:\/\/notinor.com\/jujuy\/wp-content\/uploads\/2022\/11\/m4-75x75.jpg 75w, https:\/\/notinor.com\/jujuy\/wp-content\/uploads\/2022\/11\/m4-750x750.jpg 750w, https:\/\/notinor.com\/jujuy\/wp-content\/uploads\/2022\/11\/m4.jpg 960w\" sizes=\"(max-width: 480px) 100vw, 480px\" \/><\/figure>\n\n\n\n<figure class=\"wp-block-image size-large\"><img decoding=\"async\" loading=\"lazy\" width=\"480\" height=\"480\" data-id=\"363658\"  src=\"https:\/\/notinor.com\/jujuy\/wp-content\/uploads\/2022\/11\/m3-480x480.jpg\" alt=\"\" class=\"wp-image-363658\" srcset=\"https:\/\/notinor.com\/jujuy\/wp-content\/uploads\/2022\/11\/m3-480x480.jpg 480w, https:\/\/notinor.com\/jujuy\/wp-content\/uploads\/2022\/11\/m3-365x365.jpg 365w, https:\/\/notinor.com\/jujuy\/wp-content\/uploads\/2022\/11\/m3-768x768.jpg 768w, https:\/\/notinor.com\/jujuy\/wp-content\/uploads\/2022\/11\/m3-75x75.jpg 75w, https:\/\/notinor.com\/jujuy\/wp-content\/uploads\/2022\/11\/m3-750x750.jpg 750w, https:\/\/notinor.com\/jujuy\/wp-content\/uploads\/2022\/11\/m3.jpg 960w\" sizes=\"(max-width: 480px) 100vw, 480px\" \/><\/figure>\n\n\n\n<figure class=\"wp-block-image size-large\"><img decoding=\"async\" loading=\"lazy\" width=\"640\" height=\"480\" data-id=\"363655\"  src=\"https:\/\/notinor.com\/jujuy\/wp-content\/uploads\/2022\/11\/m2-640x480.jpg\" alt=\"\" class=\"wp-image-363655\" srcset=\"https:\/\/notinor.com\/jujuy\/wp-content\/uploads\/2022\/11\/m2-640x480.jpg 640w, https:\/\/notinor.com\/jujuy\/wp-content\/uploads\/2022\/11\/m2-487x365.jpg 487w, https:\/\/notinor.com\/jujuy\/wp-content\/uploads\/2022\/11\/m2-768x576.jpg 768w, https:\/\/notinor.com\/jujuy\/wp-content\/uploads\/2022\/11\/m2-750x563.jpg 750w, https:\/\/notinor.com\/jujuy\/wp-content\/uploads\/2022\/11\/m2.jpg 960w\" sizes=\"(max-width: 640px) 100vw, 640px\" \/><\/figure>\n\n\n\n<figure class=\"wp-block-image size-large\"><img decoding=\"async\" loading=\"lazy\" width=\"640\" height=\"480\" data-id=\"363653\"  src=\"https:\/\/notinor.com\/jujuy\/wp-content\/uploads\/2022\/11\/m1-640x480.jpg\" alt=\"\" class=\"wp-image-363653\" srcset=\"https:\/\/notinor.com\/jujuy\/wp-content\/uploads\/2022\/11\/m1-640x480.jpg 640w, https:\/\/notinor.com\/jujuy\/wp-content\/uploads\/2022\/11\/m1-487x365.jpg 487w, https:\/\/notinor.com\/jujuy\/wp-content\/uploads\/2022\/11\/m1-768x576.jpg 768w, https:\/\/notinor.com\/jujuy\/wp-content\/uploads\/2022\/11\/m1-750x563.jpg 750w, https:\/\/notinor.com\/jujuy\/wp-content\/uploads\/2022\/11\/m1.jpg 960w\" sizes=\"(max-width: 640px) 100vw, 640px\" \/><\/figure>\n<\/figure>\n\n\n\n<p class=\"has-medium-font-size\"><strong>Propuesta municipal para \u201cLa Noche de los Museos\u201d<\/strong><\/p>\n\n\n\n<p>En la explanada del <strong>Centro Cultural Manuel Belgrano<\/strong>, a partir de las <strong>18 horas<\/strong>, se realizar\u00e1 el proyecto \u201c<strong>Llamaradas<\/strong>\u201d, un espect\u00e1culo de tango y la <strong>apertura del Museo \u201cJorge Mendoza\u201d.<\/strong><\/p>\n\n\n\n<p>Paralelamente en la <strong>Plaza \u201cHip\u00f3lito Yrigoyen\u201d de Ciudad de Nieva<\/strong>, con la colaboraci\u00f3n de un supermercado, se concretar\u00e1 la muestra de los t\u00f3tems con r\u00e9plicas de artistas pl\u00e1sticos que donaron obras al Museo de Bellas Artes para <strong>el programa \u201cM\u00e1s artes en todas partes\u201d,<\/strong> m\u00fasica en vivo y talleres del sector independiente y privado de artistas reconocidos del citado barrio.<\/p>\n\n\n<div class=\"wp-block-image\">\n<figure class=\"aligncenter size-large\"><img decoding=\"async\" loading=\"lazy\" width=\"436\" height=\"480\" src=\"https:\/\/notinor.com\/jujuy\/wp-content\/uploads\/2022\/11\/WhatsApp-Image-2022-11-24-at-11.32.50-PM-436x480.jpeg\" alt=\"\" class=\"wp-image-363652\" srcset=\"https:\/\/notinor.com\/jujuy\/wp-content\/uploads\/2022\/11\/WhatsApp-Image-2022-11-24-at-11.32.50-PM-436x480.jpeg 436w, https:\/\/notinor.com\/jujuy\/wp-content\/uploads\/2022\/11\/WhatsApp-Image-2022-11-24-at-11.32.50-PM-332x365.jpeg 332w, https:\/\/notinor.com\/jujuy\/wp-content\/uploads\/2022\/11\/WhatsApp-Image-2022-11-24-at-11.32.50-PM-768x846.jpeg 768w, https:\/\/notinor.com\/jujuy\/wp-content\/uploads\/2022\/11\/WhatsApp-Image-2022-11-24-at-11.32.50-PM-750x826.jpeg 750w, https:\/\/notinor.com\/jujuy\/wp-content\/uploads\/2022\/11\/WhatsApp-Image-2022-11-24-at-11.32.50-PM.jpeg 1080w\" sizes=\"(max-width: 436px) 100vw, 436px\" \/><\/figure><\/div>","protected":false},"excerpt":{"rendered":"<p>Jujuy se viste de gala para la apertura de casi 60 espacios culturales en toda la provincia. Esta noche abrir\u00e1n sus puertas hasta la medianoche museos, salas y centros culturales con diversas propuestas en forma gratuita. Por Elizabeth Aybar NOTINOR.COM dialog\u00f3 con la Prosecretaria de la Red de Museos de Jujuy, Viviana Cortez, quien invit\u00f3 [&hellip;]<\/p>\n","protected":false},"author":52,"featured_media":363648,"comment_status":"open","ping_status":"open","sticky":false,"template":"","format":"standard","meta":{"_stopmodifiedupdate":false,"_modified_date":"","inline_featured_image":false,"spay_email":"","jetpack_publicize_message":""},"categories":[2,21,13],"tags":[2725,543,19,2724,2726],"jetpack_featured_media_url":"https:\/\/notinor.com\/jujuy\/wp-content\/uploads\/2022\/11\/juan-galo-lavalle-historical.jpg","jetpack_publicize_connections":[],"_links":{"self":[{"href":"https:\/\/notinor.com\/jujuy\/wp-json\/wp\/v2\/posts\/363647"}],"collection":[{"href":"https:\/\/notinor.com\/jujuy\/wp-json\/wp\/v2\/posts"}],"about":[{"href":"https:\/\/notinor.com\/jujuy\/wp-json\/wp\/v2\/types\/post"}],"author":[{"embeddable":true,"href":"https:\/\/notinor.com\/jujuy\/wp-json\/wp\/v2\/users\/52"}],"replies":[{"embeddable":true,"href":"https:\/\/notinor.com\/jujuy\/wp-json\/wp\/v2\/comments?post=363647"}],"version-history":[{"count":3,"href":"https:\/\/notinor.com\/jujuy\/wp-json\/wp\/v2\/posts\/363647\/revisions"}],"predecessor-version":[{"id":363665,"href":"https:\/\/notinor.com\/jujuy\/wp-json\/wp\/v2\/posts\/363647\/revisions\/363665"}],"wp:featuredmedia":[{"embeddable":true,"href":"https:\/\/notinor.com\/jujuy\/wp-json\/wp\/v2\/media\/363648"}],"wp:attachment":[{"href":"https:\/\/notinor.com\/jujuy\/wp-json\/wp\/v2\/media?parent=363647"}],"wp:term":[{"taxonomy":"category","embeddable":true,"href":"https:\/\/notinor.com\/jujuy\/wp-json\/wp\/v2\/categories?post=363647"},{"taxonomy":"post_tag","embeddable":true,"href":"https:\/\/notinor.com\/jujuy\/wp-json\/wp\/v2\/tags?post=363647"}],"curies":[{"name":"wp","href":"https:\/\/api.w.org\/{rel}","templated":true}]}}