{"id":363644,"date":"2022-11-25T16:04:59","date_gmt":"2022-11-25T19:04:59","guid":{"rendered":"https:\/\/notinor.com\/jujuy\/?p=363644"},"modified":"2022-11-25T16:06:29","modified_gmt":"2022-11-25T19:06:29","slug":"el-municipio-capitalino-cumple-30-anos-de-asistencia-a-victimas-de-violencia-de-genero","status":"publish","type":"post","link":"https:\/\/notinor.com\/jujuy\/el-municipio-capitalino-cumple-30-anos-de-asistencia-a-victimas-de-violencia-de-genero\/","title":{"rendered":"El municipio capitalino cumple 30 a\u00f1os de asistencia a v\u00edctimas de violencia de g\u00e9nero"},"content":{"rendered":"\n<p class=\"has-medium-font-size\"><strong><em>Asumida como responsabilidad propia de la Ciudad, la asistencia integral de la comuna fue pionera en el abordaje de la tem\u00e1tica de la violencia hacia las mujeres<\/em><\/strong><\/p>\n\n\n\n<figure class=\"wp-block-image size-large\"><img decoding=\"async\" loading=\"lazy\" width=\"710\" height=\"480\" src=\"https:\/\/notinor.com\/jujuy\/wp-content\/uploads\/2022\/11\/0117-710x480.jpg\" alt=\"\" class=\"wp-image-363645\" srcset=\"https:\/\/notinor.com\/jujuy\/wp-content\/uploads\/2022\/11\/0117-710x480.jpg 710w, https:\/\/notinor.com\/jujuy\/wp-content\/uploads\/2022\/11\/0117-540x365.jpg 540w, https:\/\/notinor.com\/jujuy\/wp-content\/uploads\/2022\/11\/0117.jpg 748w\" sizes=\"(max-width: 710px) 100vw, 710px\" \/><\/figure>\n\n\n\n<p>Se llev\u00f3 a cabo un<strong> acto en el Cine Teatro Municipal \u201cSelect\u201d Conmemorando el D\u00eda Internacional de la Eliminaci\u00f3n de la Violencia contra la Mujer y celebrando el treintavo aniversario de la creaci\u00f3n del primer programa de contenci\u00f3n y asistencia de la violencia hacia la mujer y en la familia. <\/strong>En la actualidad los servicios de atenci\u00f3n de la Direcci\u00f3n de Paridad de G\u00e9nero juegan un rol vital, que incluye detectar abusos de forma temprana, proveer a las v\u00edctimas un tratamiento adecuado y referirlas a cuidados m\u00e9dicos apropiados.<\/p>\n\n\n\n<p>Presente en el acto estuvo el secretario de Desarrollo Humano Rodrigo Altea, qui\u00e9n destac\u00f3 que \u201ccumplidos treinta a\u00f1os de la primera vez que se formaliz\u00f3 una atenci\u00f3n dirigida a violencia de g\u00e9nero en el municipio, <strong>decidimos llevar adelante este acto entendiendo que se debe destacar a cada una de las personas que trabajaron en pos del objetivo<\/strong> final que es la erradicaci\u00f3n de la violencia hacia la mujer; y tambi\u00e9n con la obligaci\u00f3n que tenemos como Municipio de destacar a las personas que abren caminos, que muestran un rumbo a seguir, en esta clara misi\u00f3n de lograr una ciudad sin violencia y donde cada persona pueda desarrollarse seg\u00fan su propia autodeterminaci\u00f3n\u201d.<\/p>\n\n\n\n<p>Por su parte, la directora de Paridad de G\u00e9nero, Raquel Nadal, explic\u00f3 que el acto se realiza en conmemoraci\u00f3n a los<strong> treinta a\u00f1os del servicio de asistencia integral a la violencia familiar y de g\u00e9nero en el municipio, que surgi\u00f3 en el a\u00f1o 1992, \u201cque fue pionero en el abordaje de la tem\u00e1tica de la violencia hacia las mujeres,<\/strong> as\u00ed que es todo un reconocimiento, justamente se entregan menciones a las personas que han transitado a lo largo de estos a\u00f1os el acompa\u00f1amiento y asistencia a mujeres. Nos llena de satisfacci\u00f3n poder entregar estas menciones a muchas profesionales que hicieron historia en la provincia y en la ciudad en un momento en el que todav\u00eda no se realizaba este tipo de acompa\u00f1amiento y no hab\u00eda un marco normativo, un momento en el que esta tem\u00e1tica no era parte de una pol\u00edtica p\u00fablica, pero en el que las mujeres trabajadoras empezaron como buenas guerreras a entablar una lucha y una asistencia integral a v\u00edctimas de violencia\u201d.<\/p>\n\n\n\n<p>Por \u00faltimo Nadal subray\u00f3 que \u201cdesde su primer momento<strong> este Centro de Asistencia estuvo conformado por equipos interdisciplinarios: psic\u00f3logas, trabajadoras sociales y abogadas que tienen el objetivo de realizar un abordaje y una orientaci\u00f3n oportuna al momento en que se realizan las consultas\u201d.<\/strong><\/p>\n\n\n\n<p><strong>Si sos v\u00edctima o conoc\u00e9s a alguien que sufra violencia de g\u00e9nero llam\u00e1 al 144 las 24 horas.<\/strong><\/p>\n\n\n\n<p>A su vez,<strong> la Municipalidad de San Salvador de Jujuy posee canales propios de atenci\u00f3n:<\/strong> L\u00ednea de atenci\u00f3n en toda la ciudad:<strong> 388 5799834 <\/strong>\u2013 L\u00ednea de atenci\u00f3n en Alto Comedero <strong>3884383277.<\/strong><\/p>\n\n\n\n<p>O bien dirigirse a calle<strong> Freire esquina Hugo Wast ,<\/strong> San Salvador de Jujuy<strong>, lunes a viernes de 8 a 20 hs.<\/strong><\/p>\n","protected":false},"excerpt":{"rendered":"<p>Asumida como responsabilidad propia de la Ciudad, la asistencia integral de la comuna fue pionera en el abordaje de la tem\u00e1tica de la violencia hacia las mujeres Se llev\u00f3 a cabo un acto en el Cine Teatro Municipal \u201cSelect\u201d Conmemorando el D\u00eda Internacional de la Eliminaci\u00f3n de la Violencia contra la Mujer y celebrando el [&hellip;]<\/p>\n","protected":false},"author":54,"featured_media":363645,"comment_status":"closed","ping_status":"closed","sticky":false,"template":"","format":"standard","meta":{"_stopmodifiedupdate":false,"_modified_date":"","inline_featured_image":false,"spay_email":"","jetpack_publicize_message":""},"categories":[514],"tags":[],"jetpack_featured_media_url":"https:\/\/notinor.com\/jujuy\/wp-content\/uploads\/2022\/11\/0117.jpg","jetpack_publicize_connections":[],"_links":{"self":[{"href":"https:\/\/notinor.com\/jujuy\/wp-json\/wp\/v2\/posts\/363644"}],"collection":[{"href":"https:\/\/notinor.com\/jujuy\/wp-json\/wp\/v2\/posts"}],"about":[{"href":"https:\/\/notinor.com\/jujuy\/wp-json\/wp\/v2\/types\/post"}],"author":[{"embeddable":true,"href":"https:\/\/notinor.com\/jujuy\/wp-json\/wp\/v2\/users\/54"}],"replies":[{"embeddable":true,"href":"https:\/\/notinor.com\/jujuy\/wp-json\/wp\/v2\/comments?post=363644"}],"version-history":[{"count":1,"href":"https:\/\/notinor.com\/jujuy\/wp-json\/wp\/v2\/posts\/363644\/revisions"}],"predecessor-version":[{"id":363646,"href":"https:\/\/notinor.com\/jujuy\/wp-json\/wp\/v2\/posts\/363644\/revisions\/363646"}],"wp:featuredmedia":[{"embeddable":true,"href":"https:\/\/notinor.com\/jujuy\/wp-json\/wp\/v2\/media\/363645"}],"wp:attachment":[{"href":"https:\/\/notinor.com\/jujuy\/wp-json\/wp\/v2\/media?parent=363644"}],"wp:term":[{"taxonomy":"category","embeddable":true,"href":"https:\/\/notinor.com\/jujuy\/wp-json\/wp\/v2\/categories?post=363644"},{"taxonomy":"post_tag","embeddable":true,"href":"https:\/\/notinor.com\/jujuy\/wp-json\/wp\/v2\/tags?post=363644"}],"curies":[{"name":"wp","href":"https:\/\/api.w.org\/{rel}","templated":true}]}}