{"id":363639,"date":"2022-11-25T15:58:11","date_gmt":"2022-11-25T18:58:11","guid":{"rendered":"https:\/\/notinor.com\/jujuy\/?p=363639"},"modified":"2022-11-25T15:58:16","modified_gmt":"2022-11-25T18:58:16","slug":"el-plan-de-obras-mixtas-de-pavimento-sigue-transformado-barrio-general-arias","status":"publish","type":"post","link":"https:\/\/notinor.com\/jujuy\/el-plan-de-obras-mixtas-de-pavimento-sigue-transformado-barrio-general-arias\/","title":{"rendered":"El Plan de Obras Mixtas de pavimento sigue transformado Barrio General Arias"},"content":{"rendered":"\n<p class=\"has-medium-font-size\"><strong><em>\u201cGral. Arias es un ejemplo de barrio comprometido con 12 cuadras de obras mixtas de pavimento<\/em><\/strong>\u201d<\/p>\n\n\n\n<figure class=\"wp-block-image size-full\"><img decoding=\"async\" loading=\"lazy\" width=\"738\" height=\"415\" src=\"https:\/\/notinor.com\/jujuy\/wp-content\/uploads\/2022\/11\/0119-1.png\" alt=\"\" class=\"wp-image-363641\" srcset=\"https:\/\/notinor.com\/jujuy\/wp-content\/uploads\/2022\/11\/0119-1.png 738w, https:\/\/notinor.com\/jujuy\/wp-content\/uploads\/2022\/11\/0119-1-649x365.png 649w, https:\/\/notinor.com\/jujuy\/wp-content\/uploads\/2022\/11\/0119-1-500x280.png 500w\" sizes=\"(max-width: 738px) 100vw, 738px\" \/><\/figure>\n\n\n\n<p>Lo afirm\u00f3 el intendente Ra\u00fal \u201cChuli\u201d Jorge quien supervis\u00f3 las <strong>tareas que se realizan en Alberti entre avenida Presidente Per\u00f3n y Mariano Moreno<\/strong>. El exitoso programa del municipio capitalino s<strong>uma de esta manera dos cuadras m\u00e1s en el sector del barrio Gral. Arias<\/strong><\/p>\n\n\n\n<p>Luego de la visita a las tareas, el intendente Ra\u00fal Jorge destac\u00f3 que <strong>\u201cson obras que mejoran la infraestructura urbana, valorizan cada una de las propiedades y fundamentalmente cambia la calidad de vida de sectores que colaboran y son parte activa de la transformaci\u00f3n de barrios enteros\u201d.<\/strong><\/p>\n\n\n\n<p>Agreg\u00f3 que <strong>General Arias es un ejemplo con 12 cuadras de pavimento <\/strong>\u201cdonde se suman dos cuadras con lo cual se van complementando circuitos enteros que se transitan mejor, se vive en mejores condiciones, se evitan los polvillos que siempre est\u00e1n latentes en estas \u00e9pocas de viento que llegan en los meses de agosto hasta noviembre\u201d.<\/p>\n\n\n\n<p>Consider\u00f3 el Ra\u00fal Jorge que avanzar en infraestructura <strong>\u201cconlleva mejoras que son muy valoradas por el municipio, porque tambi\u00e9n van complementando las infraestructuras b\u00e1sicas <\/strong>que significa realmente un gran avance para todo Gral. Arias, que es uno de los m\u00e1s solidarios y comprometidos en ser parte de la soluci\u00f3n\u201d.<\/p>\n\n\n\n<figure class=\"wp-block-image size-large\"><img decoding=\"async\" loading=\"lazy\" width=\"840\" height=\"463\" src=\"https:\/\/notinor.com\/jujuy\/wp-content\/uploads\/2022\/11\/0116-840x463.jpg\" alt=\"\" class=\"wp-image-363642\" srcset=\"https:\/\/notinor.com\/jujuy\/wp-content\/uploads\/2022\/11\/0116-840x463.jpg 840w, https:\/\/notinor.com\/jujuy\/wp-content\/uploads\/2022\/11\/0116-660x365.jpg 660w, https:\/\/notinor.com\/jujuy\/wp-content\/uploads\/2022\/11\/0116-768x423.jpg 768w, https:\/\/notinor.com\/jujuy\/wp-content\/uploads\/2022\/11\/0116-750x413.jpg 750w, https:\/\/notinor.com\/jujuy\/wp-content\/uploads\/2022\/11\/0116.jpg 1024w\" sizes=\"(max-width: 840px) 100vw, 840px\" \/><\/figure>\n\n\n\n<p>Detalladamente el secretario de Obras P\u00fablicas, Aldo Montiel, se refiri\u00f3 al continuo trabajo de obras de pavimento en el barrio Gral. Arias \u201cdonde los vecinos est\u00e1n muy comprometidos con el programa de Obras Mixtas que se ejecuta en calle Alberti entre Presidente Per\u00f3n y Mariano Moreno; dos cuadras de pavimento que estamos iniciando y que se suman a las 10 que se ejecutan con los vecinos del sector\u201d.<\/p>\n\n\n\n<p>Consider\u00f3 el <strong>compromiso del barrio con la ciudad \u201cde mejorar la calidad de vida<\/strong> por lo que vamos a seguir trabajando con otro grupo de vecinos y tratar de llegar a un acuerdo para realizar el tramo de Mariano Moreno y Hellen Keller, con lo cual se cerrar\u00eda un circuito con acceso hasta avenida Savio\u201d.<\/p>\n","protected":false},"excerpt":{"rendered":"<p>\u201cGral. Arias es un ejemplo de barrio comprometido con 12 cuadras de obras mixtas de pavimento\u201d Lo afirm\u00f3 el intendente Ra\u00fal \u201cChuli\u201d Jorge quien supervis\u00f3 las tareas que se realizan en Alberti entre avenida Presidente Per\u00f3n y Mariano Moreno. El exitoso programa del municipio capitalino suma de esta manera dos cuadras m\u00e1s en el sector [&hellip;]<\/p>\n","protected":false},"author":54,"featured_media":363642,"comment_status":"closed","ping_status":"closed","sticky":false,"template":"","format":"standard","meta":{"_stopmodifiedupdate":false,"_modified_date":"","inline_featured_image":false,"spay_email":"","jetpack_publicize_message":""},"categories":[514],"tags":[],"jetpack_featured_media_url":"https:\/\/notinor.com\/jujuy\/wp-content\/uploads\/2022\/11\/0116.jpg","jetpack_publicize_connections":[],"_links":{"self":[{"href":"https:\/\/notinor.com\/jujuy\/wp-json\/wp\/v2\/posts\/363639"}],"collection":[{"href":"https:\/\/notinor.com\/jujuy\/wp-json\/wp\/v2\/posts"}],"about":[{"href":"https:\/\/notinor.com\/jujuy\/wp-json\/wp\/v2\/types\/post"}],"author":[{"embeddable":true,"href":"https:\/\/notinor.com\/jujuy\/wp-json\/wp\/v2\/users\/54"}],"replies":[{"embeddable":true,"href":"https:\/\/notinor.com\/jujuy\/wp-json\/wp\/v2\/comments?post=363639"}],"version-history":[{"count":1,"href":"https:\/\/notinor.com\/jujuy\/wp-json\/wp\/v2\/posts\/363639\/revisions"}],"predecessor-version":[{"id":363643,"href":"https:\/\/notinor.com\/jujuy\/wp-json\/wp\/v2\/posts\/363639\/revisions\/363643"}],"wp:featuredmedia":[{"embeddable":true,"href":"https:\/\/notinor.com\/jujuy\/wp-json\/wp\/v2\/media\/363642"}],"wp:attachment":[{"href":"https:\/\/notinor.com\/jujuy\/wp-json\/wp\/v2\/media?parent=363639"}],"wp:term":[{"taxonomy":"category","embeddable":true,"href":"https:\/\/notinor.com\/jujuy\/wp-json\/wp\/v2\/categories?post=363639"},{"taxonomy":"post_tag","embeddable":true,"href":"https:\/\/notinor.com\/jujuy\/wp-json\/wp\/v2\/tags?post=363639"}],"curies":[{"name":"wp","href":"https:\/\/api.w.org\/{rel}","templated":true}]}}