{"id":363636,"date":"2022-11-25T15:50:32","date_gmt":"2022-11-25T18:50:32","guid":{"rendered":"https:\/\/notinor.com\/jujuy\/?p=363636"},"modified":"2022-11-25T15:50:37","modified_gmt":"2022-11-25T18:50:37","slug":"se-avanza-en-acciones-para-potenciar-turisticamente-la-ciudad","status":"publish","type":"post","link":"https:\/\/notinor.com\/jujuy\/se-avanza-en-acciones-para-potenciar-turisticamente-la-ciudad\/","title":{"rendered":"Se avanza en acciones para potenciar tur\u00edsticamente la Ciudad"},"content":{"rendered":"\n<p class=\"has-medium-font-size\"><strong><em>Se ampl\u00edan las expectativas para seguir promocionando a Jujuy como Destino Tur\u00edstico 2023, con eje en la Capital como Centro Distribuidor y destino en si mismo<\/em><\/strong><\/p>\n\n\n\n<figure class=\"wp-block-image size-full\"><img decoding=\"async\" loading=\"lazy\" width=\"756\" height=\"361\" src=\"https:\/\/notinor.com\/jujuy\/wp-content\/uploads\/2022\/11\/0118-1.png\" alt=\"\" class=\"wp-image-363637\" srcset=\"https:\/\/notinor.com\/jujuy\/wp-content\/uploads\/2022\/11\/0118-1.png 756w, https:\/\/notinor.com\/jujuy\/wp-content\/uploads\/2022\/11\/0118-1-660x315.png 660w, https:\/\/notinor.com\/jujuy\/wp-content\/uploads\/2022\/11\/0118-1-750x358.png 750w\" sizes=\"(max-width: 756px) 100vw, 756px\" \/><\/figure>\n\n\n\n<p>De cara a una nueva temporada tur\u00edstica de verano 2023<strong>, la Direcci\u00f3n de Turismo del municipio capitalino, concret\u00f3 una reuni\u00f3n de trabajo y capacitaci\u00f3n con las agencias de viajes de todo el pa\u00eds, que formaron parte de la presentaci\u00f3n del destino San Salvador de Jujuy, como uno de los circuitos tur\u00edsticos m\u00e1s elegidos del pa\u00eds<\/strong>, a finde seguir potenciando la gesti\u00f3n articulada y permanente del gobierno de la provincia, el sector privado y la ciudad.<\/p>\n\n\n\n<p>Desde el municipio capitalino, <strong>se destac\u00f3 la importancia de que la ciudad de San Salvador de Jujuy siga creciendo como destino<\/strong>, y en este sentido manifestaron la importancia de seguir fomentando el <strong>trabajo conjunto entre el sector p\u00fablico y privado <\/strong>para ampliar las ofertas tur\u00edsticas.<\/p>\n\n\n\n<p>En lo que va del a\u00f1o y en diferentes temporadas estacionales, se reivindic\u00f3 la presentaci\u00f3n del destino San Salvador de Jujuy, los n\u00fameros crecen y cada ves son mas los turistas que eligen la ciudad como lugar para visitar; lo que demuestra que a\u00f1o a a\u00f1o se reinventa rompiendo r\u00e9cords de ocupaci\u00f3n.<\/p>\n\n\n\n<p>La finalidad de la jornada de capacitaci\u00f3n, puso de relieve la <strong>importancia de seguir posicionando a San Salvador de Jujuy como la ciudad capital del turismo, concentrando a los visitantes, cuando vienen a conocer la provincia, en diferentes circuitos culturales,<\/strong> art\u00edsticos, como Arte Barroco Andino (Pinturas cuzque\u00f1as- Arte sacro -P\u00falpito Iglesia Catedral); Belgrano y el \u00c9xodo Juje\u00f1o (Experiencia \u00c9xodo-Bandera Nacional de la Libertad Civil \u2013 Sal\u00f3n de la Bandera y el Museo del Cabildo -pr\u00f3ximamente); Patrimonio Escult\u00f3rico (Cementerio El Salvador \u2013 Esculturas de Lola Mora \u2013 Imperdible- y el Museo Lola Mora \u2013 pr\u00f3ximamente).<\/p>\n\n\n\n<p>En cuanto a<strong> Naturaleza en la Ciudad se ofrecen y se disfrutan del Parque Xibi Xibi; Parque Bot\u00e1nico Municipal; las Termas de Reyes; Reserva de Biosfera de las Yungas y Turismo de investigaci\u00f3n\/cient\u00edfico<\/strong>. Se complementa a esto, las experiencias vivenciales en eventos como carnaval febrero\/marzo; Pachamama (agosto); Fiesta de los estudiantes (septiembre) y pesebres diciembre -enero; junto a la gastronom\u00eda en platos regionales para degustar visitando Paseo Sarmiento; festival de la empanada; festival de la cerveza artesanal y la pizza juje\u00f1a y mercados.<\/p>\n\n\n\n<p>En resumen, se reconoci\u00f3 la responsabilidad de seguir articulando la gesti\u00f3n con el sector privado, una serie de pol\u00edticas activas para mantener un calendario cultural de eventos, un lugar para las reuniones y que se debatan las mejores propuestas.<\/p>\n","protected":false},"excerpt":{"rendered":"<p>Se ampl\u00edan las expectativas para seguir promocionando a Jujuy como Destino Tur\u00edstico 2023, con eje en la Capital como Centro Distribuidor y destino en si mismo De cara a una nueva temporada tur\u00edstica de verano 2023, la Direcci\u00f3n de Turismo del municipio capitalino, concret\u00f3 una reuni\u00f3n de trabajo y capacitaci\u00f3n con las agencias de viajes [&hellip;]<\/p>\n","protected":false},"author":54,"featured_media":363637,"comment_status":"open","ping_status":"open","sticky":false,"template":"","format":"standard","meta":{"_stopmodifiedupdate":false,"_modified_date":"","inline_featured_image":false,"spay_email":"","jetpack_publicize_message":""},"categories":[832],"tags":[],"jetpack_featured_media_url":"https:\/\/notinor.com\/jujuy\/wp-content\/uploads\/2022\/11\/0118-1.png","jetpack_publicize_connections":[],"_links":{"self":[{"href":"https:\/\/notinor.com\/jujuy\/wp-json\/wp\/v2\/posts\/363636"}],"collection":[{"href":"https:\/\/notinor.com\/jujuy\/wp-json\/wp\/v2\/posts"}],"about":[{"href":"https:\/\/notinor.com\/jujuy\/wp-json\/wp\/v2\/types\/post"}],"author":[{"embeddable":true,"href":"https:\/\/notinor.com\/jujuy\/wp-json\/wp\/v2\/users\/54"}],"replies":[{"embeddable":true,"href":"https:\/\/notinor.com\/jujuy\/wp-json\/wp\/v2\/comments?post=363636"}],"version-history":[{"count":1,"href":"https:\/\/notinor.com\/jujuy\/wp-json\/wp\/v2\/posts\/363636\/revisions"}],"predecessor-version":[{"id":363638,"href":"https:\/\/notinor.com\/jujuy\/wp-json\/wp\/v2\/posts\/363636\/revisions\/363638"}],"wp:featuredmedia":[{"embeddable":true,"href":"https:\/\/notinor.com\/jujuy\/wp-json\/wp\/v2\/media\/363637"}],"wp:attachment":[{"href":"https:\/\/notinor.com\/jujuy\/wp-json\/wp\/v2\/media?parent=363636"}],"wp:term":[{"taxonomy":"category","embeddable":true,"href":"https:\/\/notinor.com\/jujuy\/wp-json\/wp\/v2\/categories?post=363636"},{"taxonomy":"post_tag","embeddable":true,"href":"https:\/\/notinor.com\/jujuy\/wp-json\/wp\/v2\/tags?post=363636"}],"curies":[{"name":"wp","href":"https:\/\/api.w.org\/{rel}","templated":true}]}}