{"id":363625,"date":"2022-11-25T14:45:10","date_gmt":"2022-11-25T17:45:10","guid":{"rendered":"https:\/\/notinor.com\/jujuy\/?p=363625"},"modified":"2022-11-25T14:45:15","modified_gmt":"2022-11-25T17:45:15","slug":"jujuy-desdobla-elecciones-provinciales-y-elige-nuevo-gobierno-el-7-de-mayo","status":"publish","type":"post","link":"https:\/\/notinor.com\/jujuy\/jujuy-desdobla-elecciones-provinciales-y-elige-nuevo-gobierno-el-7-de-mayo\/","title":{"rendered":"Jujuy desdobla elecciones provinciales y elige nuevo gobierno el 7 de Mayo"},"content":{"rendered":"\n<p class=\"has-medium-font-size\"><strong><em>Tras varias especulaciones sobre la fecha de realizaci\u00f3n de los comicios provinciales, finalmente el Gobierno  de Jujuy decidi\u00f3 que se lleven a cabo el domingo\u00a07 de Mayo. Adem\u00e1s de los cargos provinciales, se elegir\u00e1n a los 48 convencionales constituyentes que deber\u00e1n realizar la reforma de la constituci\u00f3n de la provincia.<\/em><\/strong><\/p>\n\n\n\n<p><strong>Por Fabian Vargas<\/strong><\/p>\n\n\n<div class=\"wp-block-image\">\n<figure class=\"aligncenter size-full\"><img decoding=\"async\" loading=\"lazy\" width=\"800\" height=\"450\" src=\"https:\/\/notinor.com\/jujuy\/wp-content\/uploads\/2022\/11\/normando-alvarez-garcia.jpeg\" alt=\"\" class=\"wp-image-363627\" srcset=\"https:\/\/notinor.com\/jujuy\/wp-content\/uploads\/2022\/11\/normando-alvarez-garcia.jpeg 800w, https:\/\/notinor.com\/jujuy\/wp-content\/uploads\/2022\/11\/normando-alvarez-garcia-649x365.jpeg 649w, https:\/\/notinor.com\/jujuy\/wp-content\/uploads\/2022\/11\/normando-alvarez-garcia-500x280.jpeg 500w, https:\/\/notinor.com\/jujuy\/wp-content\/uploads\/2022\/11\/normando-alvarez-garcia-768x432.jpeg 768w, https:\/\/notinor.com\/jujuy\/wp-content\/uploads\/2022\/11\/normando-alvarez-garcia-750x422.jpeg 750w\" sizes=\"(max-width: 800px) 100vw, 800px\" \/><\/figure><\/div>\n\n\n<p>Esta ma\u00f1ana, representantes del Gobierno provincial confirmaron que<strong> las elecciones provinciales\u00a0en Jujuy\u00a0se realizar\u00e1n el domingo 7 de mayo del a\u00f1o que viene.<\/strong> La informaci\u00f3n fue anunciada por el Ministro de Gobierno y Justicia,\u00a0Normando \u00c1lvarez Garc\u00eda,\u00a0en un encuentro con los medios, donde explic\u00f3 que ya se firm\u00f3 el decreto correspondiente\u00a0para tal efecto.<\/p>\n\n\n\n<p><strong>La decisi\u00f3n de adelantar las elecciones provinciales ya hab\u00eda sido expresada por el Gobernador Gerardo Morales hace unos meses,<\/strong> cuando tambi\u00e9n confirm\u00f3 que,&nbsp;conjuntamente con estos comicios,&nbsp;se realizar\u00e1 la elecci\u00f3n de los 48 convencionales constituyentes que ser\u00e1n los encargados de reformar la Constituci\u00f3n provincial.<\/p>\n\n\n\n<p><strong>El Ministro de Gobierno y Justicia, Normando \u00c1lvarez Garc\u00eda,&nbsp;manifest\u00f3 en la ocasi\u00f3n que \"queremos comunicarles que hemos firmado el decreto por el cual hemos decidido realizar las Elecciones&nbsp;2023 el d\u00eda 7 de mayo.<\/strong> En estas elecciones, los juje\u00f1os vamos a elegir Gobernador, Vicegobernador, diputados, intendentes y comisionados municipales, con el hecho nuevo de que simult\u00e1nea y conjuntamente vamos a elegir los convencionales constituyentes que van a reformar la Constituci\u00f3n de la provincia\".<\/p>\n\n\n\n<p><strong>\"Creemos que es una fecha justa, intermedia, no vamos a 'amontonar' con la elecci\u00f3n nacional, ya est\u00e1 tomada la decisi\u00f3n y esperemos que de ahora en adelante todos sepan hacia d\u00f3nde vamos\",<\/strong> sostuvo.<\/p>\n\n\n\n<p>A partir de la promulgaci\u00f3n de este decreto, <strong>comienzan a correr los tiempos electorales, por lo cual ya deber\u00e1n ir organizando el cronograma electoral.&nbsp;<\/strong>\"Nosotros ya venimos trabajando con el ministro Sadir con el tema de la Secretar\u00eda Electoral, para ver todos los padrones y todo lo que sea la log\u00edstica para estas elecciones,<strong> para que se vote en cada ciudad y en cada pueblo de la provincia sin mayores inconvenientes\",<\/strong>&nbsp;dijo.<\/p>\n\n\n\n<iframe loading=\"lazy\" src=\"https:\/\/www.facebook.com\/plugins\/video.php?height=314&href=https%3A%2F%2Fwww.facebook.com%2Fdiarionotinor%2Fvideos%2F1304060923692334%2F&show_text=false&width=560&t=0\" width=\"560\" height=\"314\" style=\"border:none;overflow:hidden\" scrolling=\"no\" frameborder=\"0\" allowfullscreen=\"true\" allow=\"autoplay; clipboard-write; encrypted-media; picture-in-picture; web-share\" allowFullScreen=\"true\"><\/iframe>\n\n\n\n<p>Hace algunos meses se especulaba con que Morales habilitar\u00eda un tercer mandato para permanecer en la Gobernaci\u00f3n de Jujuy en caso de que sus planes presidenciales no prosperaran a nivel nacional. <strong>Pero todo fue desechado r\u00e1pidamente por el mandatario provincial, quien confirm\u00f3 sus intenciones de ser Presidente de la Naci\u00f3n.<\/strong><\/p>\n\n\n\n<p><strong>\"Se hablaba sobre la reelecci\u00f3n del Gobernador, pero ya est\u00e1n claras las cartas sobre la mesa y evidentemente el Gobernador Gerardo Morales no va a la reelecci\u00f3n porque va a ser nuestro candidato a Presidente\", <\/strong>indic\u00f3 \u00c1lvarez Garc\u00eda.<\/p>\n\n\n\n<p class=\"has-medium-font-size\"><strong>Adelant<\/strong><strong>a<\/strong><strong>r las elecciones<\/strong><\/p>\n\n\n\n<p>Por otro lado, el Ministro de Gobierno y Justicia tambi\u00e9n se refiri\u00f3 a la decisi\u00f3n de adelantar los comicios provinciales, subrayando que \"todas las provincias est\u00e1n adelantando las elecciones,&nbsp;nosotros creemos que&nbsp;mayo es un buen mes, a mitad de a\u00f1o.<strong>&nbsp;Nosotros creemos que Jujuy debe realizar sus propias elecciones&nbsp;y que debe estar alejado de lo que pasa en la Naci\u00f3n. Jujuy ha demostrado y crecido durante todos estos a\u00f1os y ahora es una provincia m\u00e1s respetada y nombrada de todo el pa\u00eds\".<\/strong><\/p>\n\n\n\n<p>\"El Gobernador adelant\u00f3 hace unos meses que \u00edbamos a hacer estas elecciones a mediados de a\u00f1o, se discut\u00eda si iba a ser mayo o junio, pero finalmente ser\u00e1 mayo y es mejor as\u00ed para que vayamos tranquilos a la nacional porque,&nbsp;<strong>posiblemente, el candidato a Presidente nuestro sea Gerardo Morales, as\u00ed que vamos a tener tiempo para trabajar en su campa\u00f1a tambi\u00e9n\",<\/strong> puntualiz\u00f3.<\/p>\n\n\n\n<p class=\"has-medium-font-size\"><strong>Y<\/strong><strong>a corren los plazos electorales<\/strong><\/p>\n\n\n\n<p>\u201cLa elecci\u00f3n va a tener el mismo presupuesto que todas las elecciones que se hacen para gobernador, estuvimos trabajando con el secretario electoral y es lo mismo de siempre pero no hay gastos extras\u201d, asegur\u00f3 \u00c1lvarez Garc\u00eda.<\/p>\n\n\n\n<p><strong>Se elegir\u00e1n&nbsp;todos los cargos de gobernador, vicegobernador, intendentes, diputados, concejales, comisionados, vocales de comisiones municipales y convencionales constituyentes.&nbsp;Todos asumir\u00e1n&nbsp;en diciembre de 2023.<\/strong><\/p>\n\n\n\n<p>La Ley indica que el&nbsp;Poder&nbsp;Ejecutivo tiene un plazo de 60 d\u00edas de recibida la comunicaci\u00f3n de la Legislatura para convocar a elecciones de convencionales constituyentes y las elecciones deben realizarse 90 d\u00edas despu\u00e9s o conjuntamente con la primera elecci\u00f3n provincial\". Esto&nbsp;\u00faltimo es lo que ocurrir\u00e1.<\/p>\n\n\n\n<p>Una vez que se realice la elecci\u00f3n y queden elegidos los convencionales, habr\u00e1 hasta 90 d\u00edas para que dicten la nueva Constituci\u00f3n que tendr\u00e1 el orden de temas del d\u00eda, por lo que al Gobierno que ingrese le llegar\u00e1 modificada con los temas y avances consolidados.<\/p>\n\n\n\n<p class=\"has-medium-font-size\"><strong>C<\/strong><strong>onvencionales constituyentes<\/strong><\/p>\n\n\n\n<p>La Convenci\u00f3n Constituyente estar\u00e1 integrada por igual n\u00famero de miembros que la Legislatura, es decir 48, elegidos por id\u00e9ntico sistema electoral. Deber\u00e1n reunir las condiciones que se exigen para ser diputado provincial y gozar\u00e1n de las mismas inmunidades.<\/p>\n\n\n\n<p><strong>Todos los candidatos tendr\u00e1n que presentarse a trav\u00e9s de un partido pol\u00edtico pero no necesariamente debe pertenecer al mismo, sino ser un independiente, afirmaron desde el gobierno.<\/strong><\/p>\n\n\n\n<p>En tanto, el ministro de Hacienda de la provincia, Carlos Sadir,&nbsp;se refiri\u00f3 al gasto que&nbsp;implicar\u00e1&nbsp;la realizaci\u00f3n de los comicios provinciales, destacando que \"lo que tenemos previsto en el Presupuesto es que hay una partida prevista para atender todos los gastos de las distintas elecciones para todo el a\u00f1o, que es de 500 millones de pesos, que estimamos que va a ser suficiente para tanto esta elecci\u00f3n provincial como la nacional\".<\/p>\n\n\n\n<iframe loading=\"lazy\" src=\"https:\/\/www.facebook.com\/plugins\/video.php?height=314&href=https%3A%2F%2Fwww.facebook.com%2Fdiarionotinor%2Fvideos%2F1270886116806292%2F&show_text=false&width=560&t=0\" width=\"560\" height=\"314\" style=\"border:none;overflow:hidden\" scrolling=\"no\" frameborder=\"0\" allowfullscreen=\"true\" allow=\"autoplay; clipboard-write; encrypted-media; picture-in-picture; web-share\" allowFullScreen=\"true\"><\/iframe>\n\n\n\n<p>\"Hay que pedir costos nuevos al centro de c\u00f3mputos ya que es muy cara la seguridad y sabemos lo que significa eso en la log\u00edstica\", afirm\u00f3.<\/p>\n\n\n\n<p class=\"has-medium-font-size\"><strong>D<\/strong><strong>esdoblan<\/strong><strong>&nbsp;<\/strong><strong>otras provincias<\/strong><\/p>\n\n\n\n<p><strong>\u2022 Tucum\u00e1n:<\/strong> uno de los primeros en anunciar el desdoblamiento fue Osvaldo Jaldo. La provincia norte\u00f1a votar\u00e1 en junio de 2023.<\/p>\n\n\n\n<p><strong>\u2022 Salta:<\/strong> en la provincia norte\u00f1a se inclinaron por suspender las PASO y llamar a elecciones para el 16 de abril de 2023.<\/p>\n\n\n\n<p><strong>\u2022 R\u00edo Negro:<\/strong> la gobernadora Arabela Carreras reconoci\u00f3 que desdoblar\u00e1 las elecciones en la provincia patag\u00f3nica. No obstante, a\u00fan no hay fecha prevista.<\/p>\n\n\n\n<p><strong>\u2022 Catamarca:<\/strong> la Constituci\u00f3n local establece que las elecciones provinciales deben ser el \u00faltimo domingo de marzo (en este caso, ser\u00eda el 26) o junto con las nacionales, en octubre. La definici\u00f3n depender\u00e1 del debate iniciado en la provincia acerca de la suspensi\u00f3n de las PASO o no. Se cree que ir\u00eda desdoblada.<\/p>\n\n\n\n<p><strong>\u2022 La Rioja:<\/strong> El gobierno de Ricardo Quintela habr\u00eda decidido adelantar los comicios para el mes de abril a fin de tener m\u00e1s chances de retener la gobernaci\u00f3n. En 2019, las elecciones provinciales se realizaron el 12 de ese mes.<\/p>\n\n\n\n<p><strong>\u2022 C\u00f3rdoba:<\/strong> se cree que el gobierno provincial convocar\u00eda a elecciones en junio. Esto depende de un detalle no menor: si el gobernador Juan Schiaretti decide competir en una candidatura presidencial, la fecha y la estrategia podr\u00edan cambiar.<\/p>\n\n\n\n<p><strong>\u2022 Chubut:<\/strong> el gobernador Mariano Arcioni impulsa la eliminaci\u00f3n de las PASO y todav\u00eda no defini\u00f3 si adelanta o unifica las elecciones con las nacionales. Se cree que desdoblar\u00eda las elecciones.<\/p>\n\n\n\n<p><strong>\u2022 Misiones:<\/strong> el gobernador Oscar Herrera Ahuad adelantar\u00e1 las elecciones, pero a\u00fan no hay fechas confirmadas. Se especula que podr\u00edan ser en marzo.<\/p>\n\n\n\n<p><strong>\u2022 Neuqu\u00e9n:<\/strong> en esta provincia patag\u00f3nica, las elecciones se realizar\u00edan en marzo, al igual que en 2019. Tradicionalmente, el Movimiento Popular Neuquino busca desdoblar las elecciones para que la l\u00f3gica nacional no influya en las elecciones para cargos provinciales.<\/p>\n\n\n\n<p><strong>\u2022 Santa Fe, Tierra del Fuego y Chaco:<\/strong> estas provincias tienen que desdoblar la elecci\u00f3n local porque as\u00ed lo indica su constituci\u00f3n provincial. En el caso de Santa Fe, el gobierno eval\u00faa realizar las PASO en abril y las generales en junio. En las otras dos, no hay definiciones.<\/p>\n\n\n\n<p><strong>\u2022 Jujuy:<\/strong> los comicios provinciales (nuevo gobernador, intendentes y cargos legislativos) se har\u00e1n en una jornada distinta a la de las PASO nacionales y los comicios nacionales. Se realizar\u00e1n el 7 de mayo<\/p>\n\n\n\n<p><strong>\u2022 La inc\u00f3gnita de las dos Buenos Aires:<\/strong> tanto CABA como PBA a\u00fan no dieron precisiones al respecto. Por Ley, la Capital Federal deber\u00eda tener las mismas fechas que las elecciones nacionales, pero Horacio Rodr\u00edguez Larreta dispone de los votos necesarios para modificar eso. En la Provincia, se analiza lo contrario: preferir\u00edan que se realice junto con las nacionales para traccionar votos (si el\/la candidato se encuentra alineado con el espacio de Axel Kicillof).<\/p>\n","protected":false},"excerpt":{"rendered":"<p>Tras varias especulaciones sobre la fecha de realizaci\u00f3n de los comicios provinciales, finalmente el Gobierno de Jujuy decidi\u00f3 que se lleven a cabo el domingo\u00a07 de Mayo. Adem\u00e1s de los cargos provinciales, se elegir\u00e1n a los 48 convencionales constituyentes que deber\u00e1n realizar la reforma de la constituci\u00f3n de la provincia. Por Fabian Vargas Esta ma\u00f1ana, [&hellip;]<\/p>\n","protected":false},"author":49,"featured_media":363627,"comment_status":"open","ping_status":"open","sticky":false,"template":"","format":"standard","meta":{"_stopmodifiedupdate":false,"_modified_date":"","inline_featured_image":false,"spay_email":"","jetpack_publicize_message":""},"categories":[2,501],"tags":[],"jetpack_featured_media_url":"https:\/\/notinor.com\/jujuy\/wp-content\/uploads\/2022\/11\/normando-alvarez-garcia.jpeg","jetpack_publicize_connections":[],"_links":{"self":[{"href":"https:\/\/notinor.com\/jujuy\/wp-json\/wp\/v2\/posts\/363625"}],"collection":[{"href":"https:\/\/notinor.com\/jujuy\/wp-json\/wp\/v2\/posts"}],"about":[{"href":"https:\/\/notinor.com\/jujuy\/wp-json\/wp\/v2\/types\/post"}],"author":[{"embeddable":true,"href":"https:\/\/notinor.com\/jujuy\/wp-json\/wp\/v2\/users\/49"}],"replies":[{"embeddable":true,"href":"https:\/\/notinor.com\/jujuy\/wp-json\/wp\/v2\/comments?post=363625"}],"version-history":[{"count":2,"href":"https:\/\/notinor.com\/jujuy\/wp-json\/wp\/v2\/posts\/363625\/revisions"}],"predecessor-version":[{"id":363632,"href":"https:\/\/notinor.com\/jujuy\/wp-json\/wp\/v2\/posts\/363625\/revisions\/363632"}],"wp:featuredmedia":[{"embeddable":true,"href":"https:\/\/notinor.com\/jujuy\/wp-json\/wp\/v2\/media\/363627"}],"wp:attachment":[{"href":"https:\/\/notinor.com\/jujuy\/wp-json\/wp\/v2\/media?parent=363625"}],"wp:term":[{"taxonomy":"category","embeddable":true,"href":"https:\/\/notinor.com\/jujuy\/wp-json\/wp\/v2\/categories?post=363625"},{"taxonomy":"post_tag","embeddable":true,"href":"https:\/\/notinor.com\/jujuy\/wp-json\/wp\/v2\/tags?post=363625"}],"curies":[{"name":"wp","href":"https:\/\/api.w.org\/{rel}","templated":true}]}}