{"id":363620,"date":"2022-11-25T13:28:04","date_gmt":"2022-11-25T16:28:04","guid":{"rendered":"https:\/\/notinor.com\/jujuy\/?p=363620"},"modified":"2022-11-25T13:28:08","modified_gmt":"2022-11-25T16:28:08","slug":"la-comision-de-asuntos-institucionales-dio-despacho-a-tres-proyectos-de-ley","status":"publish","type":"post","link":"https:\/\/notinor.com\/jujuy\/la-comision-de-asuntos-institucionales-dio-despacho-a-tres-proyectos-de-ley\/","title":{"rendered":"La Comisi\u00f3n de Asuntos Institucionales dio despacho a tres Proyectos de Ley"},"content":{"rendered":"\n<p class=\"has-medium-font-size\"><strong><em>En el sal\u00f3n Presidente Ra\u00fal Alfonsin de la Legislatura se llev\u00f3 a cabo una nueva reuni\u00f3n de la comisi\u00f3n de Asuntos Institucionales en la que se trataron temas referentes a la municipalizaci\u00f3n de Purmamarca, otorgarle rango de Comisi\u00f3n Municipal a Jama; y la Ley Penal Juvenil, entre otros temas.<\/em><\/strong><\/p>\n\n\n<div class=\"wp-block-image\">\n<figure class=\"aligncenter size-large\"><img decoding=\"async\" loading=\"lazy\" width=\"407\" height=\"480\" src=\"https:\/\/notinor.com\/jujuy\/wp-content\/uploads\/2022\/11\/DICTAMEN-407x480.jpg\" alt=\"\" class=\"wp-image-363621\" srcset=\"https:\/\/notinor.com\/jujuy\/wp-content\/uploads\/2022\/11\/DICTAMEN-407x480.jpg 407w, https:\/\/notinor.com\/jujuy\/wp-content\/uploads\/2022\/11\/DICTAMEN-310x365.jpg 310w, https:\/\/notinor.com\/jujuy\/wp-content\/uploads\/2022\/11\/DICTAMEN.jpg 430w\" sizes=\"(max-width: 407px) 100vw, 407px\" \/><\/figure><\/div>\n\n\n<p>Al t\u00e9rmino de la reuni\u00f3n, el presidente de la comisi\u00f3n el diputado Ramiro Tiz\u00f3n explic\u00f3 que es sabida la creciente \"importancia que tiene Purmamarca en el entorno de la quebrada de Humahuaca, tanto en lo que tiene que ver en producci\u00f3n como en turismo, hechos que justifican el cambio de categorizaci\u00f3n institucional: pasar de Comisi\u00f3n Municipal a Intendencia\", dijo el legislador. A\u00f1adi\u00f3 que&nbsp;&nbsp;\"esto est\u00e1 en condiciones de ser tratado en la pr\u00f3xima sesi\u00f3n, as\u00ed que ya hay dictamen favorable\".<\/p>\n\n\n\n<p>En relaci\u00f3n a Jama, \"se ha emitido ya el despacho favorable para la creaci\u00f3n de comisi\u00f3n municipal\", afirm\u00f3 Tiz\u00f3n y destac\u00f3 que \"es comprensible la importancia que esta localidad con los adyacentes, y por donde pasan miles de personas y transporte p\u00fablico y privado, tenga esa categor\u00eda de Comisi\u00f3n Municipal; y que sean sus propios habitantes quienes puedan regir sus destinos. Y est\u00e1 en condiciones de ser tratado por la Legislatura\", coment\u00f3 el diputado.<\/p>\n\n\n\n<p>Finalmente expres\u00f3 que se \"pudo obtener los consensos necesarios&nbsp;&nbsp;para redactar la Ley Penal Juvenil, en la cual establecemos el reforzar todos aquellos derechos para los menores que se encuentren en conflicto con la ley penal\", en ese mismo sentido se\u00f1al\u00f3 que \"lo que hacemos es receptar los principios de la Convenci\u00f3n de los Derechos del Ni\u00f1o y de la Ley General de Protecci\u00f3n de Derechos de Ni\u00f1os, Ni\u00f1as y Adolescentes de la Provincia\", redonde\u00f3 Ramiro Tiz\u00f3n.&nbsp;&nbsp;&nbsp;<\/p>\n","protected":false},"excerpt":{"rendered":"<p>En el sal\u00f3n Presidente Ra\u00fal Alfonsin de la Legislatura se llev\u00f3 a cabo una nueva reuni\u00f3n de la comisi\u00f3n de Asuntos Institucionales en la que se trataron temas referentes a la municipalizaci\u00f3n de Purmamarca, otorgarle rango de Comisi\u00f3n Municipal a Jama; y la Ley Penal Juvenil, entre otros temas. Al t\u00e9rmino de la reuni\u00f3n, el [&hellip;]<\/p>\n","protected":false},"author":5,"featured_media":323141,"comment_status":"open","ping_status":"open","sticky":false,"template":"","format":"standard","meta":{"_stopmodifiedupdate":false,"_modified_date":"","inline_featured_image":false,"spay_email":"","jetpack_publicize_message":""},"categories":[514],"tags":[],"jetpack_featured_media_url":"https:\/\/notinor.com\/jujuy\/wp-content\/uploads\/2021\/12\/legislatura.jpg","jetpack_publicize_connections":[],"_links":{"self":[{"href":"https:\/\/notinor.com\/jujuy\/wp-json\/wp\/v2\/posts\/363620"}],"collection":[{"href":"https:\/\/notinor.com\/jujuy\/wp-json\/wp\/v2\/posts"}],"about":[{"href":"https:\/\/notinor.com\/jujuy\/wp-json\/wp\/v2\/types\/post"}],"author":[{"embeddable":true,"href":"https:\/\/notinor.com\/jujuy\/wp-json\/wp\/v2\/users\/5"}],"replies":[{"embeddable":true,"href":"https:\/\/notinor.com\/jujuy\/wp-json\/wp\/v2\/comments?post=363620"}],"version-history":[{"count":1,"href":"https:\/\/notinor.com\/jujuy\/wp-json\/wp\/v2\/posts\/363620\/revisions"}],"predecessor-version":[{"id":363622,"href":"https:\/\/notinor.com\/jujuy\/wp-json\/wp\/v2\/posts\/363620\/revisions\/363622"}],"wp:featuredmedia":[{"embeddable":true,"href":"https:\/\/notinor.com\/jujuy\/wp-json\/wp\/v2\/media\/323141"}],"wp:attachment":[{"href":"https:\/\/notinor.com\/jujuy\/wp-json\/wp\/v2\/media?parent=363620"}],"wp:term":[{"taxonomy":"category","embeddable":true,"href":"https:\/\/notinor.com\/jujuy\/wp-json\/wp\/v2\/categories?post=363620"},{"taxonomy":"post_tag","embeddable":true,"href":"https:\/\/notinor.com\/jujuy\/wp-json\/wp\/v2\/tags?post=363620"}],"curies":[{"name":"wp","href":"https:\/\/api.w.org\/{rel}","templated":true}]}}