{"id":363610,"date":"2022-11-25T11:44:11","date_gmt":"2022-11-25T14:44:11","guid":{"rendered":"https:\/\/notinor.com\/jujuy\/?p=363610"},"modified":"2022-11-25T11:58:30","modified_gmt":"2022-11-25T14:58:30","slug":"encontraron-muerta-a-eliana-pacheco-la-chica-que-estuvo-cinco-dias-desaparecida-la-plata","status":"publish","type":"post","link":"https:\/\/notinor.com\/jujuy\/encontraron-muerta-a-eliana-pacheco-la-chica-que-estuvo-cinco-dias-desaparecida-la-plata\/","title":{"rendered":"Encontraron muerta a Eliana Pacheco, la chica que estuvo cinco d\u00edas desaparecida en La Plata"},"content":{"rendered":"\n<p><strong><em>La joven de 24 a\u00f1os era intensamente buscada desde el domingo, cuando se la vio por \u00faltima vez al subirse a un remis.<\/em><\/strong><\/p>\n\n\n<div class=\"wp-block-image\">\n<figure class=\"aligncenter size-large\"><img decoding=\"async\" loading=\"lazy\" width=\"840\" height=\"473\" src=\"https:\/\/notinor.com\/jujuy\/wp-content\/uploads\/2022\/11\/image-88-840x473.png\" alt=\"\" class=\"wp-image-363611\" srcset=\"https:\/\/notinor.com\/jujuy\/wp-content\/uploads\/2022\/11\/image-88-840x473.png 840w, https:\/\/notinor.com\/jujuy\/wp-content\/uploads\/2022\/11\/image-88-649x365.png 649w, https:\/\/notinor.com\/jujuy\/wp-content\/uploads\/2022\/11\/image-88-768x432.png 768w, https:\/\/notinor.com\/jujuy\/wp-content\/uploads\/2022\/11\/image-88-750x422.png 750w, https:\/\/notinor.com\/jujuy\/wp-content\/uploads\/2022\/11\/image-88-1140x641.png 1140w, https:\/\/notinor.com\/jujuy\/wp-content\/uploads\/2022\/11\/image-88.png 1440w\" sizes=\"(max-width: 840px) 100vw, 840px\" \/><\/figure><\/div>\n\n\n<p><strong>Un cuerpo fue encontrado durante los rastrillajes que buscaban dar con el paradero de<\/strong>&nbsp;<strong>Eliana Pacheco<\/strong>, de 24 a\u00f1os, en un zanj\u00f3n de un predio de la perifer\u00eda de&nbsp;<strong>La Plata<\/strong>. Finalmente, tras algunas horas, <strong>se confirm\u00f3 que se trataba de la joven.<\/strong><\/p>\n\n\n\n<p>Eliana<strong> era intensamente buscada desde el domingo<\/strong> \u00faltimo, cuando desapareci\u00f3 tras abordar un rem\u00eds para ir a la feria de 208 y 52, en la localidad platense de<strong>&nbsp;Olmos<\/strong>.<\/p>\n\n\n\n<p>Su cuerpo fue encontrado un predio de la periferia de La Plata, ubicado en 38 y 203 cercano al lugar <strong>donde se hall\u00f3, horas atr\u00e1s, su DNI.<\/strong><\/p>\n\n\n\n<p>A ese lugar llegaron la fiscal&nbsp;Virginia Bravo&nbsp;y<strong> familiares de la chica, quienes confirmaron, la identidad de la joven.<\/strong><\/p>\n\n\n\n<p>Seg\u00fan la denuncia radicada por sus familiares, <strong>Eliana dej\u00f3 su vivienda el domingo a las 18 y una hora despu\u00e9s no respondi\u00f3 a los mensajes de WhatsApp, en tanto su celular permaneci\u00f3 apagado desde ese momento.<\/strong><\/p>\n\n\n\n<p>Sus allegados expresaron que <strong>las c\u00e1maras de seguridad registraron im\u00e1genes de Eliana en los alrededores de la feria.<\/strong><\/p>\n\n\n<div class=\"wp-block-image\">\n<figure class=\"aligncenter size-large\"><img decoding=\"async\" loading=\"lazy\" width=\"840\" height=\"470\" src=\"https:\/\/notinor.com\/jujuy\/wp-content\/uploads\/2022\/11\/image-89-840x470.png\" alt=\"\" class=\"wp-image-363612\" srcset=\"https:\/\/notinor.com\/jujuy\/wp-content\/uploads\/2022\/11\/image-89-840x470.png 840w, https:\/\/notinor.com\/jujuy\/wp-content\/uploads\/2022\/11\/image-89-652x365.png 652w, https:\/\/notinor.com\/jujuy\/wp-content\/uploads\/2022\/11\/image-89-500x280.png 500w, https:\/\/notinor.com\/jujuy\/wp-content\/uploads\/2022\/11\/image-89-768x430.png 768w, https:\/\/notinor.com\/jujuy\/wp-content\/uploads\/2022\/11\/image-89-750x420.png 750w, https:\/\/notinor.com\/jujuy\/wp-content\/uploads\/2022\/11\/image-89-1140x638.png 1140w, https:\/\/notinor.com\/jujuy\/wp-content\/uploads\/2022\/11\/image-89.png 1440w\" sizes=\"(max-width: 840px) 100vw, 840px\" \/><\/figure><\/div>\n\n\n<h2 class=\"has-medium-font-size\"><strong>La desaparici\u00f3n de Eliena Pacheco: una llamada con una pista falsa y un mensaje de amor desde la c\u00e1rcel<\/strong><\/h2>\n\n\n\n<p>D\u00edas atr\u00e1s, circul\u00f3 el audio de un llamado de 7 minutos que recibi\u00f3 una de las hermanas de Eliana.&nbsp;<strong>\u201cTu hermana est\u00e1 de caravana con nosotros, ni la busques<\/strong>\u201d, dice el audio<em>.<\/em><\/p>\n\n\n\n<p>El mensaje, que est\u00e1 siendo peritado por los investigadores, lo envi\u00f3 una joven que dijo llamarse \u201cYamila\u201d, quien asegur\u00f3 que la mujer buscada \u201ces amiga\u201d y <strong>reiter\u00f3 que Eliana estaba en ese sitio \u201ccon unos amigos\u201d<\/strong>, en Olmos.<\/p>\n\n\n\n<p>La mujer que llam\u00f3 dijo que Eliana estaba <strong>en ese momento \u201cdormida\u201d<\/strong>, presuntamente bajo el efecto de alguna droga, y <strong>afirm\u00f3 que \u201ccuando se despierte te la mando a casa\u201d.<\/strong><\/p>\n\n\n\n<p>Tras ese llamado, la polic\u00eda realiz\u00f3&nbsp;<strong>un allanamiento en el barrio La Favela,<\/strong>&nbsp;pero no encontraron ning\u00fan rastro de la joven.<strong> Se hab\u00eda tratado de una broma de mal gusto<\/strong>.<\/p>\n\n\n\n<p><strong>En tanto la pareja de Pacheco,&nbsp;Maximiliano Videla, que est\u00e1 privado de su libertad<\/strong> en la Unidad Penitenciaria 26, de Olmos, public\u00f3 en redes sociales mensajes expresando confianza de encontrarla con vida.<\/p>\n\n\n\n<p><strong>\u201cAmor, perd\u00f3n si a veces te trato mal<\/strong>, si a veces quiero tirar todo a la basura\u201d, dijo en un posteo, y remarc\u00f3: \u201cDonde quieras que est\u00e9s quiero que sepas que sos la mejor mam\u00e1, mujer y compa\u00f1era del mundo\u201d.<\/p>\n\n\n<div class=\"wp-block-image\">\n<figure class=\"aligncenter size-full\"><img decoding=\"async\" loading=\"lazy\" width=\"768\" height=\"432\" src=\"https:\/\/notinor.com\/jujuy\/wp-content\/uploads\/2022\/11\/image-90.png\" alt=\"\" class=\"wp-image-363613\" srcset=\"https:\/\/notinor.com\/jujuy\/wp-content\/uploads\/2022\/11\/image-90.png 768w, https:\/\/notinor.com\/jujuy\/wp-content\/uploads\/2022\/11\/image-90-649x365.png 649w, https:\/\/notinor.com\/jujuy\/wp-content\/uploads\/2022\/11\/image-90-500x280.png 500w, https:\/\/notinor.com\/jujuy\/wp-content\/uploads\/2022\/11\/image-90-750x422.png 750w\" sizes=\"(max-width: 768px) 100vw, 768px\" \/><\/figure><\/div>","protected":false},"excerpt":{"rendered":"<p>La joven de 24 a\u00f1os era intensamente buscada desde el domingo, cuando se la vio por \u00faltima vez al subirse a un remis. Un cuerpo fue encontrado durante los rastrillajes que buscaban dar con el paradero de&nbsp;Eliana Pacheco, de 24 a\u00f1os, en un zanj\u00f3n de un predio de la perifer\u00eda de&nbsp;La Plata. Finalmente, tras algunas [&hellip;]<\/p>\n","protected":false},"author":37,"featured_media":363611,"comment_status":"open","ping_status":"open","sticky":false,"template":"","format":"standard","meta":{"_stopmodifiedupdate":false,"_modified_date":"","inline_featured_image":false,"spay_email":"","jetpack_publicize_message":""},"categories":[5,3],"tags":[],"jetpack_featured_media_url":"https:\/\/notinor.com\/jujuy\/wp-content\/uploads\/2022\/11\/image-88.png","jetpack_publicize_connections":[],"_links":{"self":[{"href":"https:\/\/notinor.com\/jujuy\/wp-json\/wp\/v2\/posts\/363610"}],"collection":[{"href":"https:\/\/notinor.com\/jujuy\/wp-json\/wp\/v2\/posts"}],"about":[{"href":"https:\/\/notinor.com\/jujuy\/wp-json\/wp\/v2\/types\/post"}],"author":[{"embeddable":true,"href":"https:\/\/notinor.com\/jujuy\/wp-json\/wp\/v2\/users\/37"}],"replies":[{"embeddable":true,"href":"https:\/\/notinor.com\/jujuy\/wp-json\/wp\/v2\/comments?post=363610"}],"version-history":[{"count":2,"href":"https:\/\/notinor.com\/jujuy\/wp-json\/wp\/v2\/posts\/363610\/revisions"}],"predecessor-version":[{"id":363619,"href":"https:\/\/notinor.com\/jujuy\/wp-json\/wp\/v2\/posts\/363610\/revisions\/363619"}],"wp:featuredmedia":[{"embeddable":true,"href":"https:\/\/notinor.com\/jujuy\/wp-json\/wp\/v2\/media\/363611"}],"wp:attachment":[{"href":"https:\/\/notinor.com\/jujuy\/wp-json\/wp\/v2\/media?parent=363610"}],"wp:term":[{"taxonomy":"category","embeddable":true,"href":"https:\/\/notinor.com\/jujuy\/wp-json\/wp\/v2\/categories?post=363610"},{"taxonomy":"post_tag","embeddable":true,"href":"https:\/\/notinor.com\/jujuy\/wp-json\/wp\/v2\/tags?post=363610"}],"curies":[{"name":"wp","href":"https:\/\/api.w.org\/{rel}","templated":true}]}}