{"id":363592,"date":"2022-11-25T09:40:11","date_gmt":"2022-11-25T12:40:11","guid":{"rendered":"https:\/\/notinor.com\/jujuy\/?p=363592"},"modified":"2022-11-25T09:40:15","modified_gmt":"2022-11-25T12:40:15","slug":"el-condor-andino-declarado-monumento-natural-provincial","status":"publish","type":"post","link":"https:\/\/notinor.com\/jujuy\/el-condor-andino-declarado-monumento-natural-provincial\/","title":{"rendered":"El C\u00f3ndor Andino declarado Monumento Natural Provincial"},"content":{"rendered":"\n<p><strong>La Legislatura de Jujuy declar\u00f3 al C\u00f3ndor Andino (Vultur Gryphus) como Monumento Natural Provincial, a trav\u00e9s de la Ley N\u00ba6318,\u00a0<\/strong>a partir de un proyecto elevado por el gobernador Gerardo Morales, en el que se puso de manifiesto la importancia del rol de esta especie a nivel ambiental, ya que en su rol carro\u00f1ero aporta a mantener el equilibrio del ecosistema, no solo saneando los ambientes de animales muertos \u2013y enfermedades- sino tambi\u00e9n ayudando a controlar la poblaci\u00f3n de otras especies carro\u00f1eras.<\/p>\n\n\n<div class=\"wp-block-image\">\n<figure class=\"aligncenter size-large\"><img decoding=\"async\" loading=\"lazy\" width=\"840\" height=\"472\" src=\"https:\/\/notinor.com\/jujuy\/wp-content\/uploads\/2022\/11\/image-81-840x472.png\" alt=\"\" class=\"wp-image-363593\" srcset=\"https:\/\/notinor.com\/jujuy\/wp-content\/uploads\/2022\/11\/image-81-840x472.png 840w, https:\/\/notinor.com\/jujuy\/wp-content\/uploads\/2022\/11\/image-81-650x365.png 650w, https:\/\/notinor.com\/jujuy\/wp-content\/uploads\/2022\/11\/image-81-500x280.png 500w, https:\/\/notinor.com\/jujuy\/wp-content\/uploads\/2022\/11\/image-81-768x431.png 768w, https:\/\/notinor.com\/jujuy\/wp-content\/uploads\/2022\/11\/image-81-750x421.png 750w, https:\/\/notinor.com\/jujuy\/wp-content\/uploads\/2022\/11\/image-81-1140x640.png 1140w, https:\/\/notinor.com\/jujuy\/wp-content\/uploads\/2022\/11\/image-81.png 1200w\" sizes=\"(max-width: 840px) 100vw, 840px\" \/><\/figure><\/div>\n\n\n<p><strong>El C\u00f3ndor de los Andes es el ave voladora m\u00e1s grande del mundo y una de las especies m\u00e1s emblem\u00e1ticas de la provincia de Jujuy. <\/strong>Es carism\u00e1tica, actualmente reconocida por la poblaci\u00f3n en general, y acu\u00f1a una importante relevancia en la mitolog\u00eda y culturalidad ancestral donde era visto como s\u00edmbolo de fuerza, inteligencia y enaltecimiento. Distintivo en las alturas, es una verdadera insignia de diversas culturas andina por representar desde tiempos inmemoriales a los pueblos ind\u00edgenas ante el mundo y sus mitos, leyendas y forma de vida.<\/p>\n\n\n\n<p>La majestuosidad de esta ave se revela al surcar el cielo pues <strong>su vuelo llega a alcanzar m\u00e1s de 6 mil metros de altura.<\/strong> Se distingue por su brillante plumaje negro azulado y una \u201cgargantilla\u201d de plumas blancas alrededor de la base del cuello. La cabeza est\u00e1 desprovista de plumas, debido probablemente a una adaptaci\u00f3n relativa a la higiene, ya que esta parte de su cuerpo es m\u00e1s dif\u00edcil de limpiar despu\u00e9s de haberse alimentado con carro\u00f1a. Ostenta unas patas bastante grandes y garras fuertes y afiladas que le permiten desgarrar su alimento e incluso romper peque\u00f1os huesos.<\/p>\n\n\n\n<p><strong>En la actualidad se encuentra amenazado y sus poblaciones estar\u00edan en decrecimiento en toda la regi\u00f3n.<\/strong> Fue declarado en peligro de extinci\u00f3n por el Servicio de Pesca y Vida Silvestre de los Estados Unidos (USFWS 1986), est\u00e1 catalogado como una especie cercana a la amenaza e incluido en CITES I, y se ubica en la categor\u00eda vulnerable en la Argentina, seg\u00fan la Resoluci\u00f3n 348\/210 de la Secretar\u00eda de Ambiente y Desarrollo Sustentable de la Naci\u00f3n, ha sido poco estudiada y no se encuentra protegida de manera adecuada.\u00a0<\/p>\n\n\n\n<p>Precisamente en este materia, cabe mencionar que en el marco del Convenio de colaboraci\u00f3n mutua suscripto entre el Gobierno de la Provincia de Jujuy y Fundaci\u00f3n Bio Andina Argentina (FBA) para trabajar conjuntamente en la conservaci\u00f3n del C\u00f3ndor Andino (DPMAyRN, 26\/11\/2003) y, considerando el acuerdo establecido entre estas dos entidades en relaci\u00f3n a la declaraci\u00f3n de las \u00c1reas Naturales Protegidas (ANP) de la Provincia como Santuarios del C\u00f3ndor para la Conservaci\u00f3n de la Naturaleza (SCCN) (MAJ\/FBA 20\/09\/2018), <strong>se realiz\u00f3 el\u00a0\u201c1\u00b0 CENSO PROVINCIAL DE C\u00d3NDOR ANDINO 2022<\/strong>\u201d\u00a0con el prop\u00f3sito de garantizar la conservaci\u00f3n de la especie, en forma simult\u00e1nea el d\u00eda 11 de Agosto del 2022 en las \u00e1reas naturales identificadas como h\u00e1bitat del C\u00f3ndor, con las instituciones convocadas en cada punto de la provincia; la realizaci\u00f3n de dicho acontecimiento, fue \u201cDeclarado de inter\u00e9s e importancia ambiental y ecosist\u00e9mica\u201d. <\/p>\n\n\n<div class=\"wp-block-image\">\n<figure class=\"aligncenter size-large\"><img decoding=\"async\" loading=\"lazy\" width=\"640\" height=\"480\" src=\"https:\/\/notinor.com\/jujuy\/wp-content\/uploads\/2022\/11\/image-82-640x480.png\" alt=\"\" class=\"wp-image-363594\" srcset=\"https:\/\/notinor.com\/jujuy\/wp-content\/uploads\/2022\/11\/image-82-640x480.png 640w, https:\/\/notinor.com\/jujuy\/wp-content\/uploads\/2022\/11\/image-82-487x365.png 487w, https:\/\/notinor.com\/jujuy\/wp-content\/uploads\/2022\/11\/image-82-768x576.png 768w, https:\/\/notinor.com\/jujuy\/wp-content\/uploads\/2022\/11\/image-82-750x563.png 750w, https:\/\/notinor.com\/jujuy\/wp-content\/uploads\/2022\/11\/image-82-1140x855.png 1140w, https:\/\/notinor.com\/jujuy\/wp-content\/uploads\/2022\/11\/image-82.png 1200w\" sizes=\"(max-width: 640px) 100vw, 640px\" \/><\/figure><\/div>\n\n\n<p>La ejecuci\u00f3n de este tipo de estudio poblacional se encuentra contemplada en el art\u00edculo III del Convenio de SCCN, y tiene como finalidad evaluar el estado de las poblaciones naturales del C\u00f3ndor Andino, fundamental <strong>para determinar el tama\u00f1o de la poblaci\u00f3n, monitorear su din\u00e1mica y el uso del h\u00e1bitat e identificar posibles amenazas en el \u00e1rea de distribuci\u00f3n de la especie. <\/strong>Con respecto a la metodolog\u00eda a utilizar, el m\u00e9todo m\u00e1s aceptado a nivel global para estudiar las poblaciones de c\u00f3ndores debido a su enorme capacidad de vuelo es el \u201ccenso simult\u00e1neo\u201d. <\/p>\n\n\n\n<p>Entre las Instituciones que participaron del censo se encuentran, adem\u00e1s de este Ministerio a trav\u00e9s de la Secretaria de Biodiversidad y Desarrollo Sustentable ( y su Direcci\u00f3n de Protecci\u00f3n de la Biodiversidad y \u00c1reas Protegidas) y la Fundaci\u00f3n Bio Andina, la Secretaria de Ordenamiento Ambiental Territorial, la Direcci\u00f3n Nacional de Biodiversidad, la Direcci\u00f3n de Productos Tur\u00edsticos del Ministerio de Cultura y Turismo de Jujuy, la Administraci\u00f3n de Parques Nacionales (Delegaci\u00f3n NOA, Parque Nacional Calilegua, Monumento Nacional Laguna de los Pozuelos), las Municipalidades de San Antonio y de Valle Grande, la Comisi\u00f3n Municipal del \u201cEl Fuerte\u201d, Aves Argentinas, el Instituto de Biolog\u00eda de Altura y la Facultad de Ciencias Agrarias (ambos pertenecientes a la UNJu).\u00a0<\/p>\n\n\n\n<p>La Ley N\u00ba 6.080 cre\u00f3 el<strong> \u201cSistema Provincial de \u00c1reas Protegidas\u201d<\/strong>, que tiene por objeto planificar y ejecutar procesos y proyectos dirigidos al logro de la sustentabilidad en el manejo y conservaci\u00f3n de los recursos naturales de la provincia; justamente establece que ser\u00e1n \u201cMonumentos Naturales los sitios, especies animales o vegetales, ambientes naturales y yacimientos arqueol\u00f3gicos o paleontol\u00f3gicos de relevante y singular importancia cient\u00edfica, est\u00e9tica o cultural, y a los cuales se les acuerda protecci\u00f3n absoluta. Los Monumentos Naturales, de acuerdo a la ley citada, \u201cson inviolables, pudiendo realizarse s\u00f3lo actividades que garanticen el principio de intangibilidad absoluta, inspecciones oficiales o investigaciones cient\u00edficas debidamente autorizadas. Se deber\u00e1 impedir toda realizaci\u00f3n de actividades que perturben dichos monumentos\u201d (Art. 16).<\/p>\n","protected":false},"excerpt":{"rendered":"<p>La Legislatura de Jujuy declar\u00f3 al C\u00f3ndor Andino (Vultur Gryphus) como Monumento Natural Provincial, a trav\u00e9s de la Ley N\u00ba6318,\u00a0a partir de un proyecto elevado por el gobernador Gerardo Morales, en el que se puso de manifiesto la importancia del rol de esta especie a nivel ambiental, ya que en su rol carro\u00f1ero aporta a [&hellip;]<\/p>\n","protected":false},"author":37,"featured_media":363593,"comment_status":"open","ping_status":"open","sticky":false,"template":"","format":"standard","meta":{"_stopmodifiedupdate":false,"_modified_date":"","inline_featured_image":false,"spay_email":"","jetpack_publicize_message":""},"categories":[514],"tags":[],"jetpack_featured_media_url":"https:\/\/notinor.com\/jujuy\/wp-content\/uploads\/2022\/11\/image-81.png","jetpack_publicize_connections":[],"_links":{"self":[{"href":"https:\/\/notinor.com\/jujuy\/wp-json\/wp\/v2\/posts\/363592"}],"collection":[{"href":"https:\/\/notinor.com\/jujuy\/wp-json\/wp\/v2\/posts"}],"about":[{"href":"https:\/\/notinor.com\/jujuy\/wp-json\/wp\/v2\/types\/post"}],"author":[{"embeddable":true,"href":"https:\/\/notinor.com\/jujuy\/wp-json\/wp\/v2\/users\/37"}],"replies":[{"embeddable":true,"href":"https:\/\/notinor.com\/jujuy\/wp-json\/wp\/v2\/comments?post=363592"}],"version-history":[{"count":1,"href":"https:\/\/notinor.com\/jujuy\/wp-json\/wp\/v2\/posts\/363592\/revisions"}],"predecessor-version":[{"id":363595,"href":"https:\/\/notinor.com\/jujuy\/wp-json\/wp\/v2\/posts\/363592\/revisions\/363595"}],"wp:featuredmedia":[{"embeddable":true,"href":"https:\/\/notinor.com\/jujuy\/wp-json\/wp\/v2\/media\/363593"}],"wp:attachment":[{"href":"https:\/\/notinor.com\/jujuy\/wp-json\/wp\/v2\/media?parent=363592"}],"wp:term":[{"taxonomy":"category","embeddable":true,"href":"https:\/\/notinor.com\/jujuy\/wp-json\/wp\/v2\/categories?post=363592"},{"taxonomy":"post_tag","embeddable":true,"href":"https:\/\/notinor.com\/jujuy\/wp-json\/wp\/v2\/tags?post=363592"}],"curies":[{"name":"wp","href":"https:\/\/api.w.org\/{rel}","templated":true}]}}