{"id":363368,"date":"2022-11-23T08:06:15","date_gmt":"2022-11-23T11:06:15","guid":{"rendered":"https:\/\/notinor.com\/jujuy\/?p=363368"},"modified":"2022-11-23T12:24:50","modified_gmt":"2022-11-23T15:24:50","slug":"capacitan-a-profesionales-jujenos-en-sistemas-de-videograbacion-para-camara-gesell","status":"publish","type":"post","link":"https:\/\/notinor.com\/jujuy\/capacitan-a-profesionales-jujenos-en-sistemas-de-videograbacion-para-camara-gesell\/","title":{"rendered":"Capacitan a profesionales juje\u00f1os en sistemas de videograbaci\u00f3n\u00a0para C\u00e1mara Gesell"},"content":{"rendered":"\n<p class=\"has-medium-font-size\"><strong><em>El especialista brit\u00e1nico, Tony Butler, brind\u00f3 una capacitaci\u00f3n en la capital juje\u00f1a destinada a profesionales del Poder Judicial ligados a\u00a0la toma de declaraciones a ni\u00f1os, ni\u00f1as y adolescentes v\u00edctimas y testigos de delitos. Butler\u00a0ponder\u00f3 la implementaci\u00f3n de una Unidad Fiscal M\u00f3vil destinada a estos efectos\u00a0en Jujuy.<\/em><\/strong><\/p>\n\n\n\n<p><strong>Por Fabian Vargas<\/strong> <\/p>\n\n\n<div class=\"wp-block-image\">\n<figure class=\"aligncenter size-full\"><img decoding=\"async\" loading=\"lazy\" width=\"800\" height=\"450\" src=\"https:\/\/notinor.com\/jujuy\/wp-content\/uploads\/2022\/11\/tony-butler.jpeg\" alt=\"\" class=\"wp-image-363369\" srcset=\"https:\/\/notinor.com\/jujuy\/wp-content\/uploads\/2022\/11\/tony-butler.jpeg 800w, https:\/\/notinor.com\/jujuy\/wp-content\/uploads\/2022\/11\/tony-butler-649x365.jpeg 649w, https:\/\/notinor.com\/jujuy\/wp-content\/uploads\/2022\/11\/tony-butler-500x280.jpeg 500w, https:\/\/notinor.com\/jujuy\/wp-content\/uploads\/2022\/11\/tony-butler-768x432.jpeg 768w, https:\/\/notinor.com\/jujuy\/wp-content\/uploads\/2022\/11\/tony-butler-750x422.jpeg 750w\" sizes=\"(max-width: 800px) 100vw, 800px\" \/><\/figure><\/div>\n\n\n<p>Butler es Doctor en Psicolog\u00eda, reconocido especialista a nivel mundial en la implementaci\u00f3n de la video-grabaci\u00f3n en las declaraciones de los ni\u00f1os v\u00edctimas y testigos de delitos. Hoy estuvo en Jujuy&nbsp;para brindar el curso <strong>\"Declaraciones de Ni\u00f1os, Ni\u00f1as y&nbsp;Adolescentes mediante Sistemas de Video-grabaci\u00f3n\",<\/strong> destinado a profesionales de C\u00e1mara Gesell, magistrados, funcionarios y agentes judiciales que intervienen en estos procesos.<\/p>\n\n\n\n<p>Entrevistado por <strong>Notinor,<\/strong> <strong>Tony Butler&nbsp;se refiri\u00f3 a esta problem\u00e1tica y&nbsp;a la reciente implementaci\u00f3n de una Unidad Fiscal M\u00f3vil en la provincia de Jujuy que servir\u00e1 justamente para tomar declaraci\u00f3n a ni\u00f1os, ni\u00f1as y adolescentes v\u00edctimas de femicidios y\/o v\u00edctimas de abusos.<\/strong><\/p>\n\n\n\n<p>En este sentido, el reconocido profesional manifest\u00f3 que<strong> \"el&nbsp;tema principal es formar a todos los psic\u00f3logos para obtener entrevistas a los menores y as\u00ed obtener las mejores evidencias para los fiscales\".<\/strong><\/p>\n\n\n\n<p><strong>\"Me pareci\u00f3 excelente iniciativa de la Unidad Fiscal M\u00f3vil,<\/strong> fue un gran avance en cuanto a lo que es la entrevista para ni\u00f1os porque es acercar la Justicia a cada una de las v\u00edctimas\", sostuvo.<\/p>\n\n\n\n<p>Consultado acerca de los desaf\u00edos que deben enfrentar los psic\u00f3logos relacionado a esta problem\u00e1tica,&nbsp;Butler indic\u00f3 que <strong>\"el mayor desaf\u00edo que tienen los psic\u00f3logos es lograr que las v\u00edctimas, los ni\u00f1os se sientan c\u00f3modos y se sientan totalmente tranquilos en el momento de dar la entrevista\".<\/strong><\/p>\n\n\n\n<p><strong>\"Uno de los mayores problemas que tiene la Argentina son las grandes distancia que tienen que recorrer las v\u00edctimas desde los lugares donde residen hasta los centros donde se realizan las entrevistas,<\/strong> por lo que esto ha sido un gran avance\", sostuvo.<\/p>\n\n\n\n<iframe loading=\"lazy\" src=\"https:\/\/www.facebook.com\/plugins\/video.php?height=314&href=https%3A%2F%2Fwww.facebook.com%2Fdiarionotinor%2Fvideos%2F661128312161329%2F&show_text=false&width=560&t=0\" width=\"560\" height=\"314\" style=\"border:none;overflow:hidden\" scrolling=\"no\" frameborder=\"0\" allowfullscreen=\"true\" allow=\"autoplay; clipboard-write; encrypted-media; picture-in-picture; web-share\" allowFullScreen=\"true\"><\/iframe>\n\n\n\n<p>Adem\u00e1s, el profesional remarc\u00f3 que \"esto ha significado que los chicos normalmente est\u00e1n cansados y no est\u00e1n c\u00f3modos al momento de realizar la entrevista porque tienen que realizar un gran viaje desde donde viven hasta los centros de entrevistas.&nbsp;<strong>Ha sido un gran avance el acercar el lugar de la entrevista a los ni\u00f1os que puedan sentirse c\u00f3modos, m\u00e1s relajados y brindar una mejor calidad de entrevistas\".<\/strong><\/p>\n\n\n\n<p>\"No tan solo est\u00e1 enfocado en la entrevista, sino en el cuidado que se les&nbsp;da a los ni\u00f1os respecto del momento de recibirlos en la misma\", dijo.<\/p>\n\n\n\n<p class=\"has-medium-font-size\"><strong>L<\/strong><strong>a situaci\u00f3n en<\/strong><strong>&nbsp;<\/strong><strong>Argentina y Lat<\/strong><strong>i<\/strong><strong>noam\u00e9rica<\/strong><\/p>\n\n\n\n<p>Por \u00faltimo, Butler hizo alusi\u00f3n tambi\u00e9n a la forma en la que se trabaja en este sentido en la Argentina y en Latinoam\u00e9rica, se\u00f1alando que \"no puedo hablar por muchos pa\u00edses, pero s\u00ed estuve trabajando ac\u00e1 en la Argentina y en Brasil en 2012 haciendo y dictando cursos. <strong>Yo veo un gran avance en la formaci\u00f3n de los profesionales para el tratamiento de las entrevistas a menores\".<\/strong><\/p>\n\n\n\n<p>\"Estuve invitando a todos los profesionales y tambi\u00e9n vi un gran compromiso en cuanto a la creaci\u00f3n de esta Unidad Fiscal M\u00f3vil para las entrevistas a los ni\u00f1os. Esto permiti\u00f3 dar una mayor confianza porque los menores se sienten m\u00e1s tranquilos y confiados al momento de dar&nbsp;las entrevistas\", explic\u00f3.<\/p>\n\n\n\n<p>Y&nbsp;agreg\u00f3 que \"lo m\u00e1s importante es la capacitaci\u00f3n, tanto de los psic\u00f3logos, como de los fiscales y ayudantes de fiscal y una integraci\u00f3n entre los distintos profesionales a la hora de realizar entrevistas\", finaliz\u00f3.<\/p>\n\n\n\n<p class=\"has-medium-font-size\"><strong>Qui\u00e9n es Tony Buttler<\/strong><\/p>\n\n\n\n<p><strong>Butler es un reconocido especialista a nivel mundial en la implementaci\u00f3n de la videograbaci\u00f3n de las declaraciones de los ni\u00f1os v\u00edctimas y testigos en diversos pa\u00edses. <\/strong>Tambi\u00e9n trabaj\u00f3 en los procesos de cambios que involucraron a varias agencias para mejorar la efectividad de las investigaciones sobre abusos de ni\u00f1os y reducir el trauma experimentado por los ni\u00f1os\/as v\u00edctimas. <strong>Public\u00f3 distintos trabajos sobre cuestiones de pol\u00edticas p\u00fablicas y abuso de ni\u00f1os\/as y es miembro asociado de la Sociedad Brit\u00e1nica de Psicolog\u00eda.<\/strong><\/p>\n\n\n\n<p><strong>Butler se desempe\u00f1\u00f3 como Jefe de Polic\u00eda en el Cuerpo de Oficiales de Paz (Constabulary) de Gloucestershire, Inglaterra. Tambi\u00e9n tuvo un cargo nacional en representaci\u00f3n de la Asociaci\u00f3n de Oficiales de la Polic\u00eda para todos los asuntos relacionados con la protecci\u00f3n de ni\u00f1os y agresores contra la integridad sexual entre 1990 y 2001.<\/strong> Tras su retiro como jefe de polic\u00eda de Gloucestershire, Butler continu\u00f3 su trabajo como consultor asistiendo en el desarrollo de estrategias de protecci\u00f3n infantil en el sudeste de Asia, Medio Oriente y Am\u00e9rica Latina.<\/p>\n\n\n\n<p>El objetivo principal de este trabajo ha sido ayudar a las agencias policiales, a las autoridades judiciales y a otras entidades a mejorar su capacidad para detectar, investigar y enjuiciar a delincuentes sexuales infantiles.<\/p>\n","protected":false},"excerpt":{"rendered":"<p>El especialista brit\u00e1nico, Tony Butler, brind\u00f3 una capacitaci\u00f3n en la capital juje\u00f1a destinada a profesionales del Poder Judicial ligados a\u00a0la toma de declaraciones a ni\u00f1os, ni\u00f1as y adolescentes v\u00edctimas y testigos de delitos. Butler\u00a0ponder\u00f3 la implementaci\u00f3n de una Unidad Fiscal M\u00f3vil destinada a estos efectos\u00a0en Jujuy. Por Fabian Vargas Butler es Doctor en Psicolog\u00eda, reconocido [&hellip;]<\/p>\n","protected":false},"author":49,"featured_media":363369,"comment_status":"open","ping_status":"open","sticky":false,"template":"","format":"standard","meta":{"_stopmodifiedupdate":false,"_modified_date":"","inline_featured_image":false,"spay_email":"","jetpack_publicize_message":""},"categories":[2,514],"tags":[19,2383,681],"jetpack_featured_media_url":"https:\/\/notinor.com\/jujuy\/wp-content\/uploads\/2022\/11\/tony-butler.jpeg","jetpack_publicize_connections":[],"_links":{"self":[{"href":"https:\/\/notinor.com\/jujuy\/wp-json\/wp\/v2\/posts\/363368"}],"collection":[{"href":"https:\/\/notinor.com\/jujuy\/wp-json\/wp\/v2\/posts"}],"about":[{"href":"https:\/\/notinor.com\/jujuy\/wp-json\/wp\/v2\/types\/post"}],"author":[{"embeddable":true,"href":"https:\/\/notinor.com\/jujuy\/wp-json\/wp\/v2\/users\/49"}],"replies":[{"embeddable":true,"href":"https:\/\/notinor.com\/jujuy\/wp-json\/wp\/v2\/comments?post=363368"}],"version-history":[{"count":3,"href":"https:\/\/notinor.com\/jujuy\/wp-json\/wp\/v2\/posts\/363368\/revisions"}],"predecessor-version":[{"id":363424,"href":"https:\/\/notinor.com\/jujuy\/wp-json\/wp\/v2\/posts\/363368\/revisions\/363424"}],"wp:featuredmedia":[{"embeddable":true,"href":"https:\/\/notinor.com\/jujuy\/wp-json\/wp\/v2\/media\/363369"}],"wp:attachment":[{"href":"https:\/\/notinor.com\/jujuy\/wp-json\/wp\/v2\/media?parent=363368"}],"wp:term":[{"taxonomy":"category","embeddable":true,"href":"https:\/\/notinor.com\/jujuy\/wp-json\/wp\/v2\/categories?post=363368"},{"taxonomy":"post_tag","embeddable":true,"href":"https:\/\/notinor.com\/jujuy\/wp-json\/wp\/v2\/tags?post=363368"}],"curies":[{"name":"wp","href":"https:\/\/api.w.org\/{rel}","templated":true}]}}