{"id":363360,"date":"2022-11-22T20:47:30","date_gmt":"2022-11-22T23:47:30","guid":{"rendered":"https:\/\/notinor.com\/jujuy\/?p=363360"},"modified":"2022-11-22T20:47:35","modified_gmt":"2022-11-22T23:47:35","slug":"juraron-los-11-nuevos-integrantes-del-consejo-de-la-magistratura-aunque-sin-los-representantes-del-congreso","status":"publish","type":"post","link":"https:\/\/notinor.com\/jujuy\/juraron-los-11-nuevos-integrantes-del-consejo-de-la-magistratura-aunque-sin-los-representantes-del-congreso\/","title":{"rendered":"Juraron los 11 nuevos integrantes del Consejo de la Magistratura, aunque sin los representantes del Congreso"},"content":{"rendered":"\n<p class=\"has-medium-font-size\"><strong><em>Fue esta ma\u00f1ana en el Sal\u00f3n Bermejo, en el cuarto piso del Palacio de Tribunales; los magistrados del M\u00e1ximo Tribunal encabezaron la jura de los representantes de los abogados, los jueces, los acad\u00e9micos y el del Poder Ejecutivo<\/em><\/strong><\/p>\n\n\n\n<figure class=\"wp-block-image size-large\"><img decoding=\"async\" loading=\"lazy\" width=\"723\" height=\"480\" src=\"https:\/\/notinor.com\/jujuy\/wp-content\/uploads\/2022\/11\/0112-1-723x480.png\" alt=\"\" class=\"wp-image-363361\" srcset=\"https:\/\/notinor.com\/jujuy\/wp-content\/uploads\/2022\/11\/0112-1-723x480.png 723w, https:\/\/notinor.com\/jujuy\/wp-content\/uploads\/2022\/11\/0112-1-550x365.png 550w, https:\/\/notinor.com\/jujuy\/wp-content\/uploads\/2022\/11\/0112-1.png 743w\" sizes=\"(max-width: 723px) 100vw, 723px\" \/><\/figure>\n\n\n\n<p>En una<strong> ceremonia breve y sin periodistas, la Corte Suprema de Justicia de la Naci\u00f3n le tom\u00f3 juramento este martes a once de los nuevos integrantes del Consejo de la Magistratura<\/strong>. Es el comienzo de una nueva etapa en el \u00f3rgano encargado de la selecci\u00f3n y acusaci\u00f3n de jueces, con la asunci\u00f3n de sus nuevos miembros que estar\u00e1n hasta 2026. Los que faltan jurar son los integrantes en representaci\u00f3n de la C\u00e1mara de Diputados y de la C\u00e1mara de Senadores. Ah\u00ed la designaci\u00f3n del senador kirchnerista Mart\u00edn Do\u00f1ate es la que provoca m\u00e1s pol\u00e9mica. De eso hoy nadie habl\u00f3, aunque todos los consejeros est\u00e1n expectantes de la decisi\u00f3n que pueda tomar la Justicia sobre la ocupaci\u00f3n de esa banca por la segunda minor\u00eda de la c\u00e1mara alta.<\/p>\n\n\n\n<p>Puntualmente a las 10 de la ma\u00f1ana, apenas un rato despu\u00e9s de la derrota de Argentina en su debut en el Mundial de Qatar, los consejeros electos fueron llegando al Palacio de Tribunales. Los esperaba un grupo de una veintena de personas del grupo \u201cEquipo Republicano\u201d con banderas de argentina, fotos del fiscal Diego Luciani y carteles contra la corrupci\u00f3n. Con la m\u00fasica del himno nacional, coreaban \u201cDo\u00f1ate usurpador\u201d.<\/p>\n\n\n\n<p>Los consejeros subieron las escalinatas de la calle Talcahuano y enfilaron hacia al cuarto piso del sal\u00f3n Bermejo donde los esperaban el titular de la Corte y del Consejo de la Magistratura, Horacio Rosatti; el vicepresidente de la Corte, Carlos Rosenkrantz; el ministro decano Juan Carlos Maqueda; y el ministro Ricardo Lorenzetti.<\/p>\n\n\n\n<p><strong>El acto no dur\u00f3 m\u00e1s de 20 minutos. Arranc\u00f3 con el saludo formal de buenos d\u00edas del presidente de la Corte a los consejeros que estaban ubicados en primera fila esperando ser llamados. Eran pocos los invitados a la jura. <\/strong>Es que el sal\u00f3n tiene lugar para 50 personas. Y los consejeros solo pod\u00edan invitar a tres allegados. La lista de los presentes la arm\u00f3 cada uno de los protagonistas. Algunos incluso eligieron no invitar a familiares pero s\u00ed a colegas o figuras pol\u00edticas.<\/p>\n\n\n\n<p>Fue as\u00ed que muchos que pensaban participar se quedaron sin poder pasar. Les pas\u00f3 a jueces como Leopoldo Bruglia y Karina Perilli que se acercaron hasta el edificio pero no estuvieron presentes en la jura. S\u00ed se acercaron a saludar a los jueces elegidos, pero en su despacho. Para el mediod\u00eda, la Asociaci\u00f3n de Magistrados prepar\u00f3 un brindis con los consejeros jueces, a la que asistieron miembros de la Corte Suprema. El presidente de esa entidad Marcelo Gallo Tagle asisti\u00f3 junto a la ex jueza en lo comercial Mar\u00eda Lilia G\u00f3mez Alonso de D\u00edaz Cordero, madre de Agustina, una de las que juraban. La prensa tampoco pudo acceder al acto. Se repiti\u00f3 la escena de las ceremonias de jura de abril, cuando se puso en juego la composici\u00f3n de 20 integrantes.<\/p>\n\n\n\n<p>Lo cierto es que hoy<strong> la Corte le tom\u00f3 juramento a once de sus representantes: de los 20 miembros <\/strong>los que juraron esta ma\u00f1ana en el Sal\u00f3n Bermejo, en el cuarto piso del Palacio de Tribunales, en la ceremonia que encabezaron los cuatro magistrados del M\u00e1ximo Tribunal.<\/p>\n\n\n\n<p><strong>Los primeros en ser llamados fueron los acad\u00e9micos <\/strong>Hugo Galderisi y Guillermo Ricardo Tamarit, en representaci\u00f3n del \u00e1mbito cient\u00edfico y acad\u00e9mico. A ellos los estaba acompa\u00f1ando Diego Molea, que se encarg\u00f3 de invitar al ministro de Educaci\u00f3n Jaime Perczyk, que aplaudi\u00f3 con entusiasmo. Al t\u00e9rmino de la jura se lo vio conversando con el presidente de la Corte y el resto de los jueces.<\/p>\n\n\n\n<p><strong>Despu\u00e9s les toc\u00f3 jurar a los representantes de los abogados<\/strong>. Ahi desfilaron Miguel Alberto Piedecasas, H\u00e9ctor Pedro Recalde, Mar\u00eda Isabel Jimena de la Torre y Mar\u00eda Fernanda V\u00e1zquez. Piedecasas era el m\u00e1s contento, que volv\u00eda despu\u00e9s de seis a\u00f1os a integrar el cuerpo. Hab\u00eda invitado a su jura al diputado radical Mario Negri. A De la torre a la que se la escuch\u00f3 mas preocupada por la derrota de Argentina en el partido que acaba de terminar. Antes hab\u00eda posado para la foto junto a los manifestantes de la puerta.<\/p>\n\n\n\n<p><strong>El turno siguiente para prestar juramento fue para los jueces<\/strong> Diego Gustavo Barroetave\u00f1a, Alberto Agust\u00edn Lugones, Mar\u00eda Alejandra Prov\u00edtola y Agustina D\u00edaz Cordero, en representaci\u00f3n de la magistratura. Barroetave\u00f1a es el juez de la C\u00e1mara de Casaci\u00f3n que tiene que resolver, junto a sus colegas, si se reabren las causas de Hotesur-Los Sauces y Memor\u00e1ndum con Ir\u00e1n, que tienen como imputada a la vicepresidenta Cristina Kirchner. Hac\u00eda rato que un integrante de Comodoro Py no se sumaba al organismo que selecciona y controla a los jueces.<\/p>\n","protected":false},"excerpt":{"rendered":"<p>Fue esta ma\u00f1ana en el Sal\u00f3n Bermejo, en el cuarto piso del Palacio de Tribunales; los magistrados del M\u00e1ximo Tribunal encabezaron la jura de los representantes de los abogados, los jueces, los acad\u00e9micos y el del Poder Ejecutivo En una ceremonia breve y sin periodistas, la Corte Suprema de Justicia de la Naci\u00f3n le tom\u00f3 [&hellip;]<\/p>\n","protected":false},"author":54,"featured_media":363361,"comment_status":"closed","ping_status":"closed","sticky":false,"template":"","format":"standard","meta":{"_stopmodifiedupdate":false,"_modified_date":"","inline_featured_image":false,"spay_email":"","jetpack_publicize_message":""},"categories":[5],"tags":[],"jetpack_featured_media_url":"https:\/\/notinor.com\/jujuy\/wp-content\/uploads\/2022\/11\/0112-1.png","jetpack_publicize_connections":[],"_links":{"self":[{"href":"https:\/\/notinor.com\/jujuy\/wp-json\/wp\/v2\/posts\/363360"}],"collection":[{"href":"https:\/\/notinor.com\/jujuy\/wp-json\/wp\/v2\/posts"}],"about":[{"href":"https:\/\/notinor.com\/jujuy\/wp-json\/wp\/v2\/types\/post"}],"author":[{"embeddable":true,"href":"https:\/\/notinor.com\/jujuy\/wp-json\/wp\/v2\/users\/54"}],"replies":[{"embeddable":true,"href":"https:\/\/notinor.com\/jujuy\/wp-json\/wp\/v2\/comments?post=363360"}],"version-history":[{"count":1,"href":"https:\/\/notinor.com\/jujuy\/wp-json\/wp\/v2\/posts\/363360\/revisions"}],"predecessor-version":[{"id":363362,"href":"https:\/\/notinor.com\/jujuy\/wp-json\/wp\/v2\/posts\/363360\/revisions\/363362"}],"wp:featuredmedia":[{"embeddable":true,"href":"https:\/\/notinor.com\/jujuy\/wp-json\/wp\/v2\/media\/363361"}],"wp:attachment":[{"href":"https:\/\/notinor.com\/jujuy\/wp-json\/wp\/v2\/media?parent=363360"}],"wp:term":[{"taxonomy":"category","embeddable":true,"href":"https:\/\/notinor.com\/jujuy\/wp-json\/wp\/v2\/categories?post=363360"},{"taxonomy":"post_tag","embeddable":true,"href":"https:\/\/notinor.com\/jujuy\/wp-json\/wp\/v2\/tags?post=363360"}],"curies":[{"name":"wp","href":"https:\/\/api.w.org\/{rel}","templated":true}]}}