{"id":362260,"date":"2022-11-14T12:48:19","date_gmt":"2022-11-14T15:48:19","guid":{"rendered":"https:\/\/notinor.com\/jujuy\/?p=362260"},"modified":"2022-11-14T12:48:24","modified_gmt":"2022-11-14T15:48:24","slug":"normando-alvarez-garcia-jujuy-y-salta-son-pioneras-en-la-aplicacion-del-codigo-procesal-penal-federal","status":"publish","type":"post","link":"https:\/\/notinor.com\/jujuy\/normando-alvarez-garcia-jujuy-y-salta-son-pioneras-en-la-aplicacion-del-codigo-procesal-penal-federal\/","title":{"rendered":"Normando \u00c1lvarez Garc\u00eda. \"Jujuy y Salta son pioneras en la aplicaci\u00f3n del C\u00f3digo Procesal Penal Federal\""},"content":{"rendered":"\n<p class=\"has-medium-font-size\"><em><strong>El ministro de Gobierno y Justicia de Jujuy particip\u00f3 de una jornada conmemorativa de los tres a\u00f1os de vigencia del nuevo C\u00f3digo Procesal Penal Federal, el cual consagra el sistema acusatorio.<\/strong><\/em><\/p>\n\n\n\n<div class=\"wp-block-image\"><figure class=\"aligncenter size-large\"><img decoding=\"async\" loading=\"lazy\" width=\"784\" height=\"480\" src=\"https:\/\/notinor.com\/jujuy\/wp-content\/uploads\/2022\/11\/Sin-t\u00edtulo-24-784x480.png\" alt=\"\" class=\"wp-image-362267\" srcset=\"https:\/\/notinor.com\/jujuy\/wp-content\/uploads\/2022\/11\/Sin-t\u00edtulo-24-784x480.png 784w, https:\/\/notinor.com\/jujuy\/wp-content\/uploads\/2022\/11\/Sin-t\u00edtulo-24-596x365.png 596w, https:\/\/notinor.com\/jujuy\/wp-content\/uploads\/2022\/11\/Sin-t\u00edtulo-24-768x470.png 768w, https:\/\/notinor.com\/jujuy\/wp-content\/uploads\/2022\/11\/Sin-t\u00edtulo-24-750x459.png 750w, https:\/\/notinor.com\/jujuy\/wp-content\/uploads\/2022\/11\/Sin-t\u00edtulo-24.png 1080w\" sizes=\"(max-width: 784px) 100vw, 784px\" \/><\/figure><\/div>\n\n\n\n<p>Participaron de la actividad conmemorativa, la Asociaci\u00f3n de Magistrados y Funcionarios de la Justicia Federal - Seccional Salta, representado por la doctora, Gabriela Catalano, los Jueces del Superior Tribunal de Justicia, Federico Otaola, Mariano Miranda, Mart\u00edn Llanos, Eugenia Nieva, de la C\u00e1mara Nacional de Casaci\u00f3n Penal, Mariano Borinsky y Luis Renato Rabbi Baldi Cabanillas, el Secretario y sub-secretario de Justicia, Javier Gronda y Andres Lazarte, entre otros funcionarios judiciales.<\/p>\n\n\n\n<p>El ministro de Gobierno y Justicia de Jujuy, al hacer uso de la palabra, dijo que la implementaci\u00f3n de dicho c\u00f3digo <strong>\u201crepresenta un gran avance que modifica fundamentalmente el Procedimiento Penal\u201d<\/strong> y record\u00f3 que \u201crecientemente en Jujuy se implement\u00f3 el Nuevo C\u00f3digo Procesal Penal (Ley N\u00ba 6.259) que tiene coincidencias con su par federal, dotando de mayor din\u00e1mica a los procesos penales\u201d.<\/p>\n\n\n\n<p>Por otra parte, sostuvo que <strong>\u201ces satisfactorio que Jujuy y Salta sean pioneras en este campo\u201d<\/strong>, por cuanto \u201cmejora sensiblemente el servicio de Justicia\u201d, enriqueciendo el proceso de independencia y eficiencia del Poder Judicial iniciado en nuestra provincia en 2015, de la mano de la hist\u00f3rica transformaci\u00f3n iniciada por el gobernador Gerardo Morales.<\/p>\n\n\n\n<div class=\"wp-block-image\"><figure class=\"aligncenter\"><img decoding=\"async\" src=\"https:\/\/media.prensa.jujuy.gob.ar\/p\/b4b25a28aa6e73099931aee3e1eaa857\/adjuntos\/301\/imagenes\/000\/359\/0000359553\/1200x0\/smart\/alvarezgarciacodigo1jpg.jpg\" alt=\"Jujuy y Salta son pioneras en la aplicaci\u00f3n del C\u00f3digo Procesal Penal Federal\"\/><\/figure><\/div>\n\n\n\n<p>\u201cEs muy importante esta fecha porque concurre con la implementaci\u00f3n hace aproximadamente cuarenta d\u00edas del nuevo C\u00f3digo Procesal Penal de la provincia. Estamos aqu\u00ed la abogac\u00eda y autoridades del Poder Judicial de la Naci\u00f3n, Ministerio P\u00fablico de la Acusaci\u00f3n y Superior Tribunal de Justicia, Poder Ejecutivo, representado por el Ministro Normando \u00c1lvarez Garcia,<strong> para revalorizar este significativo instrumento que tiene a su disposici\u00f3n el sistema de justicia en todo el pa\u00eds<\/strong>\u201d, remarc\u00f3 Marcelo El\u00edas, presidente del Colegio de Abogados de Jujuy.<\/p>\n\n\n\n<p>\u201cEs clave que todos los operadores judiciales y auxiliares de la Justicia entendamos que <strong>estamos dentro de un sistema acusatorio en el orden nacional y que como prueba piloto se viene trabajando desde hace tres a\u00f1os en Salta y Jujuy.<\/strong> La verdad, a la luz de los hechos, podemos decir que cada d\u00eda estamos mejor\u201d, apunt\u00f3.<\/p>\n","protected":false},"excerpt":{"rendered":"<p>El ministro de Gobierno y Justicia de Jujuy particip\u00f3 de una jornada conmemorativa de los tres a\u00f1os de vigencia del nuevo C\u00f3digo Procesal Penal Federal, el cual consagra el sistema acusatorio. Participaron de la actividad conmemorativa, la Asociaci\u00f3n de Magistrados y Funcionarios de la Justicia Federal - Seccional Salta, representado por la doctora, Gabriela Catalano, [&hellip;]<\/p>\n","protected":false},"author":37,"featured_media":362268,"comment_status":"open","ping_status":"open","sticky":false,"template":"","format":"standard","meta":{"_stopmodifiedupdate":false,"_modified_date":"","inline_featured_image":false,"spay_email":"","jetpack_publicize_message":""},"categories":[514],"tags":[],"jetpack_featured_media_url":"https:\/\/notinor.com\/jujuy\/wp-content\/uploads\/2022\/11\/Sin-t\u00edtulo-25.png","jetpack_publicize_connections":[],"_links":{"self":[{"href":"https:\/\/notinor.com\/jujuy\/wp-json\/wp\/v2\/posts\/362260"}],"collection":[{"href":"https:\/\/notinor.com\/jujuy\/wp-json\/wp\/v2\/posts"}],"about":[{"href":"https:\/\/notinor.com\/jujuy\/wp-json\/wp\/v2\/types\/post"}],"author":[{"embeddable":true,"href":"https:\/\/notinor.com\/jujuy\/wp-json\/wp\/v2\/users\/37"}],"replies":[{"embeddable":true,"href":"https:\/\/notinor.com\/jujuy\/wp-json\/wp\/v2\/comments?post=362260"}],"version-history":[{"count":1,"href":"https:\/\/notinor.com\/jujuy\/wp-json\/wp\/v2\/posts\/362260\/revisions"}],"predecessor-version":[{"id":362271,"href":"https:\/\/notinor.com\/jujuy\/wp-json\/wp\/v2\/posts\/362260\/revisions\/362271"}],"wp:featuredmedia":[{"embeddable":true,"href":"https:\/\/notinor.com\/jujuy\/wp-json\/wp\/v2\/media\/362268"}],"wp:attachment":[{"href":"https:\/\/notinor.com\/jujuy\/wp-json\/wp\/v2\/media?parent=362260"}],"wp:term":[{"taxonomy":"category","embeddable":true,"href":"https:\/\/notinor.com\/jujuy\/wp-json\/wp\/v2\/categories?post=362260"},{"taxonomy":"post_tag","embeddable":true,"href":"https:\/\/notinor.com\/jujuy\/wp-json\/wp\/v2\/tags?post=362260"}],"curies":[{"name":"wp","href":"https:\/\/api.w.org\/{rel}","templated":true}]}}