{"id":362257,"date":"2022-11-14T12:44:33","date_gmt":"2022-11-14T15:44:33","guid":{"rendered":"https:\/\/notinor.com\/jujuy\/?p=362257"},"modified":"2022-11-14T12:44:38","modified_gmt":"2022-11-14T15:44:38","slug":"el-25-se-realizara-la-audiencia-publica-para-elegir-al-tercer-miembro-del-comite-provincial-de-prevencion-de-la-tortura","status":"publish","type":"post","link":"https:\/\/notinor.com\/jujuy\/el-25-se-realizara-la-audiencia-publica-para-elegir-al-tercer-miembro-del-comite-provincial-de-prevencion-de-la-tortura\/","title":{"rendered":"El 25 se realizar\u00e1 la audiencia p\u00fablica para elegir al tercer miembro del Comit\u00e9 Provincial de Prevenci\u00f3n de la Tortura"},"content":{"rendered":"\n<p class=\"has-medium-font-size\"><strong><em>La audiencia fue fijada para el 25 de Noviembre a las 10 de la ma\u00f1ana, en el Sal\u00f3n Marcos Paz de la Legislatura; con el fin de dar cumplimiento al Art\u00edculo 10 de la Ley N\u00ba 6137, el cual establece el proceso de selecci\u00f3n del miembro representante de una Organizaci\u00f3n No Gubernamental de derechos humanos<\/em>.<\/strong><\/p>\n\n\n\n<div class=\"wp-block-image\"><figure class=\"aligncenter size-large is-resized\"><img decoding=\"async\" loading=\"lazy\" src=\"https:\/\/notinor.com\/jujuy\/wp-content\/uploads\/2022\/11\/audiencia-1-733x480.jpeg\" alt=\"\" class=\"wp-image-362263\" width=\"673\" height=\"441\" srcset=\"https:\/\/notinor.com\/jujuy\/wp-content\/uploads\/2022\/11\/audiencia-1-733x480.jpeg 733w, https:\/\/notinor.com\/jujuy\/wp-content\/uploads\/2022\/11\/audiencia-1-558x365.jpeg 558w, https:\/\/notinor.com\/jujuy\/wp-content\/uploads\/2022\/11\/audiencia-1.jpeg 750w\" sizes=\"(max-width: 673px) 100vw, 673px\" \/><\/figure><\/div>\n\n\n\n<p>Cabe recordar, seg\u00fan lo establece la Ley N\u00ba6137, el Comit\u00e9 Provincial de Prevenci\u00f3n de la Tortura y Otros Tratos o Penas Crueles, Inhumanos o Degradantes, deber\u00e1 estar compuesto por tres miembros: uno propuesto por el Poder Ejecutivo, un miembro a propuesta del Poder Legislativo y, por \u00faltimo, un representante de una Organizaci\u00f3n No Gubernamental de derechos humanos, reconocida legalmente y en actividad vigente. Los dos primeros son Soledad Sapag y Camilo Atim, quedando pendiente la elecci\u00f3n del \u00faltimo miembro.La presidenta de la Comisi\u00f3n de Derechos Humanos, Malena Amerise, afirm\u00f3 que&nbsp;&nbsp;est\u00e1n invitados todos aquellos que quieran participar en la audiencia, para lo cual deber\u00e1n inscribirse en la Legislatura a trav\u00e9s de mesa de entrada o en sala de comisiones. La diputada remarc\u00f3 que es importante la participaci\u00f3n ciudadana y que la poblaci\u00f3n pueda conocer qui\u00e9nes son los postulantes a cubrir la vacante.<\/p>\n\n\n\n<div class=\"wp-block-image\"><figure class=\"aligncenter size-large is-resized\"><img decoding=\"async\" loading=\"lazy\" src=\"https:\/\/notinor.com\/jujuy\/wp-content\/uploads\/2022\/11\/audiencia-2.jpeg\" alt=\"\" class=\"wp-image-362265\" width=\"691\" height=\"388\" srcset=\"https:\/\/notinor.com\/jujuy\/wp-content\/uploads\/2022\/11\/audiencia-2.jpeg 750w, https:\/\/notinor.com\/jujuy\/wp-content\/uploads\/2022\/11\/audiencia-2-650x365.jpeg 650w, https:\/\/notinor.com\/jujuy\/wp-content\/uploads\/2022\/11\/audiencia-2-500x280.jpeg 500w\" sizes=\"(max-width: 691px) 100vw, 691px\" \/><\/figure><\/div>\n","protected":false},"excerpt":{"rendered":"<p>La audiencia fue fijada para el 25 de Noviembre a las 10 de la ma\u00f1ana, en el Sal\u00f3n Marcos Paz de la Legislatura; con el fin de dar cumplimiento al Art\u00edculo 10 de la Ley N\u00ba 6137, el cual establece el proceso de selecci\u00f3n del miembro representante de una Organizaci\u00f3n No Gubernamental de derechos humanos. [&hellip;]<\/p>\n","protected":false},"author":5,"featured_media":362261,"comment_status":"open","ping_status":"open","sticky":false,"template":"","format":"standard","meta":{"_stopmodifiedupdate":false,"_modified_date":"","inline_featured_image":false,"spay_email":"","jetpack_publicize_message":""},"categories":[514],"tags":[],"jetpack_featured_media_url":"https:\/\/notinor.com\/jujuy\/wp-content\/uploads\/2022\/11\/audiencia.jpeg","jetpack_publicize_connections":[],"_links":{"self":[{"href":"https:\/\/notinor.com\/jujuy\/wp-json\/wp\/v2\/posts\/362257"}],"collection":[{"href":"https:\/\/notinor.com\/jujuy\/wp-json\/wp\/v2\/posts"}],"about":[{"href":"https:\/\/notinor.com\/jujuy\/wp-json\/wp\/v2\/types\/post"}],"author":[{"embeddable":true,"href":"https:\/\/notinor.com\/jujuy\/wp-json\/wp\/v2\/users\/5"}],"replies":[{"embeddable":true,"href":"https:\/\/notinor.com\/jujuy\/wp-json\/wp\/v2\/comments?post=362257"}],"version-history":[{"count":1,"href":"https:\/\/notinor.com\/jujuy\/wp-json\/wp\/v2\/posts\/362257\/revisions"}],"predecessor-version":[{"id":362266,"href":"https:\/\/notinor.com\/jujuy\/wp-json\/wp\/v2\/posts\/362257\/revisions\/362266"}],"wp:featuredmedia":[{"embeddable":true,"href":"https:\/\/notinor.com\/jujuy\/wp-json\/wp\/v2\/media\/362261"}],"wp:attachment":[{"href":"https:\/\/notinor.com\/jujuy\/wp-json\/wp\/v2\/media?parent=362257"}],"wp:term":[{"taxonomy":"category","embeddable":true,"href":"https:\/\/notinor.com\/jujuy\/wp-json\/wp\/v2\/categories?post=362257"},{"taxonomy":"post_tag","embeddable":true,"href":"https:\/\/notinor.com\/jujuy\/wp-json\/wp\/v2\/tags?post=362257"}],"curies":[{"name":"wp","href":"https:\/\/api.w.org\/{rel}","templated":true}]}}