{"id":362230,"date":"2022-11-13T09:00:00","date_gmt":"2022-11-13T12:00:00","guid":{"rendered":"https:\/\/notinor.com\/jujuy\/?p=362230"},"modified":"2022-11-14T12:02:55","modified_gmt":"2022-11-14T15:02:55","slug":"reyez-dias-epifiano","status":"publish","type":"post","link":"https:\/\/notinor.com\/jujuy\/reyez-dias-epifiano\/","title":{"rendered":"REYEZ DIAS , Epifiano"},"content":{"rendered":"\n<p><strong>Falleci\u00f3 el d\u00eda 12 de noviembre de 2022, a hs. 00:57. C.A.S.R. y B.P., a la edad de 76 a\u00f1os. Su esposa: Elvira Tapia, sus hijos: Claudio Ricardo, Guillermo Davi y Edgar Gonzalo D\u00edas, su hija pol\u00edtica: Beatriz Mesa, su nieta: Bel\u00e9n Dias y dem\u00e1s familiares participan con profundo dolor su fallecimiento y comunican que sus restos ser\u00e1n inhumados hoy 13 de noviembre en el cementerio Parque el Jard\u00edn del Castillo. FAE. Casa de duelo salas Arenales de empresa La Piedad, sita en Arenales 1145. Servicio empresa La Piedad, Salta 727, S.S. de Jujuy, tel. 388-4222487, l\u00ednea gratuita 0810-444-5274.<\/strong><\/p>\n","protected":false},"excerpt":{"rendered":"<p>Falleci\u00f3 el d\u00eda 12 de noviembre de 2022, a hs. 00:57. C.A.S.R. y B.P., a la edad de 76 a\u00f1os. Su esposa: Elvira Tapia, sus hijos: Claudio Ricardo, Guillermo Davi y Edgar Gonzalo D\u00edas, su hija pol\u00edtica: Beatriz Mesa, su nieta: Bel\u00e9n Dias y dem\u00e1s familiares participan con profundo dolor su fallecimiento y comunican que [&hellip;]<\/p>\n","protected":false},"author":5,"featured_media":129720,"comment_status":"open","ping_status":"open","sticky":false,"template":"","format":"standard","meta":{"_stopmodifiedupdate":false,"_modified_date":"","inline_featured_image":false,"spay_email":"","jetpack_publicize_message":""},"categories":[523],"tags":[],"jetpack_featured_media_url":"https:\/\/notinor.com\/jujuy\/wp-content\/uploads\/2017\/08\/Obituarios1.jpg","jetpack_publicize_connections":[],"_links":{"self":[{"href":"https:\/\/notinor.com\/jujuy\/wp-json\/wp\/v2\/posts\/362230"}],"collection":[{"href":"https:\/\/notinor.com\/jujuy\/wp-json\/wp\/v2\/posts"}],"about":[{"href":"https:\/\/notinor.com\/jujuy\/wp-json\/wp\/v2\/types\/post"}],"author":[{"embeddable":true,"href":"https:\/\/notinor.com\/jujuy\/wp-json\/wp\/v2\/users\/5"}],"replies":[{"embeddable":true,"href":"https:\/\/notinor.com\/jujuy\/wp-json\/wp\/v2\/comments?post=362230"}],"version-history":[{"count":1,"href":"https:\/\/notinor.com\/jujuy\/wp-json\/wp\/v2\/posts\/362230\/revisions"}],"predecessor-version":[{"id":362233,"href":"https:\/\/notinor.com\/jujuy\/wp-json\/wp\/v2\/posts\/362230\/revisions\/362233"}],"wp:featuredmedia":[{"embeddable":true,"href":"https:\/\/notinor.com\/jujuy\/wp-json\/wp\/v2\/media\/129720"}],"wp:attachment":[{"href":"https:\/\/notinor.com\/jujuy\/wp-json\/wp\/v2\/media?parent=362230"}],"wp:term":[{"taxonomy":"category","embeddable":true,"href":"https:\/\/notinor.com\/jujuy\/wp-json\/wp\/v2\/categories?post=362230"},{"taxonomy":"post_tag","embeddable":true,"href":"https:\/\/notinor.com\/jujuy\/wp-json\/wp\/v2\/tags?post=362230"}],"curies":[{"name":"wp","href":"https:\/\/api.w.org\/{rel}","templated":true}]}}