{"id":362221,"date":"2022-11-14T11:29:37","date_gmt":"2022-11-14T14:29:37","guid":{"rendered":"https:\/\/notinor.com\/jujuy\/?p=362221"},"modified":"2022-11-14T11:29:42","modified_gmt":"2022-11-14T14:29:42","slug":"mendoza-pagaran-72-000-por-hectarea-a-productores-de-vinedos-y-frutales-con-100-de-perdidas","status":"publish","type":"post","link":"https:\/\/notinor.com\/jujuy\/mendoza-pagaran-72-000-por-hectarea-a-productores-de-vinedos-y-frutales-con-100-de-perdidas\/","title":{"rendered":"Mendoza: pagar\u00e1n $72.000 por hect\u00e1rea a productores de vi\u00f1edos y frutales con 100% de p\u00e9rdidas"},"content":{"rendered":"\n<p class=\"has-medium-font-size\"><em><strong>El gobierno provincial decret\u00f3 el estado de \u201cemergencia y\/o desastre agropecuario\u201d en las \u00e1reas impactadas por las heladas tard\u00edas.<\/strong><\/em><\/p>\n\n\n\n<div class=\"wp-block-image\"><figure class=\"aligncenter size-large\"><img decoding=\"async\" loading=\"lazy\" width=\"840\" height=\"470\" src=\"https:\/\/notinor.com\/jujuy\/wp-content\/uploads\/2022\/11\/Sin-t\u00edtulo-22-840x470.png\" alt=\"\" class=\"wp-image-362223\" srcset=\"https:\/\/notinor.com\/jujuy\/wp-content\/uploads\/2022\/11\/Sin-t\u00edtulo-22-840x470.png 840w, https:\/\/notinor.com\/jujuy\/wp-content\/uploads\/2022\/11\/Sin-t\u00edtulo-22-653x365.png 653w, https:\/\/notinor.com\/jujuy\/wp-content\/uploads\/2022\/11\/Sin-t\u00edtulo-22-500x280.png 500w, https:\/\/notinor.com\/jujuy\/wp-content\/uploads\/2022\/11\/Sin-t\u00edtulo-22-768x430.png 768w, https:\/\/notinor.com\/jujuy\/wp-content\/uploads\/2022\/11\/Sin-t\u00edtulo-22-750x419.png 750w, https:\/\/notinor.com\/jujuy\/wp-content\/uploads\/2022\/11\/Sin-t\u00edtulo-22.png 1080w\" sizes=\"(max-width: 840px) 100vw, 840px\" \/><\/figure><\/div>\n\n\n\n<p>El gobierno de la provincia de\u00a0<strong>Mendoza pagar\u00e1 hasta $72.000 por hect\u00e1rea<\/strong>\u00a0a establecimientos de\u00a0<strong>vi\u00f1edos y frutales\u00a0<\/strong>donde se hayan sufrido p\u00e9rdidas totales por las heladas tard\u00edas. La medida alcanzar\u00e1 a m\u00e1s de\u00a0<strong>130 distritos en 15 departamentos.\u00a0<\/strong>Adem\u00e1s, indicaron que se cuenta con un seguro para productores cuyas propiedades superen las 20 hect\u00e1reas.<\/p>\n\n\n\n<p>\u201cSe ha duplicado la cantidad en relaci\u00f3n a los distritos que el a\u00f1o pasado se vieron afectados por esta contingencia. Es la tercera helada que sufrimos. Hemos tenido dos fuertes en el mes de octubre y esta \u00faltima de lunes (31 de octubre) y martes (1\u00b0de noviembre). Estamos hablando, en principio, de un total aproximado a las<strong>\u00a010 mil hect\u00e1reas de vi\u00f1edos y otras 10 mil hect\u00e1reas de frutales que se han visto afectadas<\/strong>\u201d, detall\u00f3 el subsecretario mendocino de Agricultura y Ganader\u00eda,\u00a0<strong>Sergio Moralejo<\/strong>, luego de que se decretara la el estado de\u00a0<strong>\u201cemergencia y\/o desastre agropecuario\u201d<\/strong>\u00a0en las zonas afectadas.<\/p>\n\n\n\n<p>A su vez, desde el Ejecutivo provincial indicaron que todos los productores que hayan sufrido da\u00f1os en sus cultivos, previa denuncia, podr\u00e1n acceder a \u201cuna<strong>\u00a0bater\u00eda de beneficios<\/strong>\u00a0que se activan de manera autom\u00e1tica en situaciones como estas\u201d.<\/p>\n\n\n\n<p>En tanto, explicaron que la diferencia entre ambos t\u00e9rminos, \u201cemergencia\u201d o \u201cdesastre\u201d, radica en que todos aquellos productores que hayan sufrido y denunciado&nbsp;<strong>\u201cp\u00e9rdidas significativas\u201d de entre 50% y 79%&nbsp;<\/strong>en sus cultivos ser\u00e1n alcanzados por los beneficios enmarcados en la denominada&nbsp;<strong>\u201cemergencia agropecuaria\u201d.<\/strong><\/p>\n\n\n\n<p>Mientras que quienes hayan denunciado&nbsp;<strong>p\u00e9rdidas de 80% o m\u00e1s&nbsp;<\/strong>estar\u00e1n enmarcados en lo que la normativa establece como&nbsp;<strong>\u201cdesastre agropecuario\u201d<\/strong>.<\/p>\n\n\n\n<p>Moralejo indic\u00f3 que se asisti\u00f3 a\u00a0<strong>\u201cuna helada tard\u00eda realmente de dimensiones inusitadas\u201d.<\/strong>\u00a0Esta situaci\u00f3n no solo ha afectado al territorio provincial, sino que ha sido \u201cun fen\u00f3meno a nivel nacional\u201d, seg\u00fan alert\u00f3.<\/p>\n\n\n\n<p>\u201cUna vez que enviemos el decreto de declaraci\u00f3n de emergencia,<strong>&nbsp;Naci\u00f3n va a acompa\u00f1ar con la misma medida,<\/strong>&nbsp;ya que la&nbsp;<strong>producci\u00f3n de ma\u00edz y trigo, por ejemplo, ha sufrido p\u00e9rdidas superiores al 50%<\/strong>\u201d, explic\u00f3.<\/p>\n\n\n\n<p>\u201cTodos aquellos que cuenten con un\u00a0<strong>seguro agr\u00edcola\u00a0<\/strong>a trav\u00e9s del fondo compensador, claramente recibir\u00e1n sus pagos. Paralelamente, el ministro (de Econom\u00eda y Energ\u00eda), Vaqui\u00e9 (Enrique), nos transmiti\u00f3 la posibilidad de mejorar la compensaci\u00f3n del seguro. Por otro lado, solicit\u00f3 al \u00e1rea de Empleo a que se impulse un plan de sostenimiento que incluya a peque\u00f1os productores. Esto representa un importante avance en relaci\u00f3n a los planes de sostenimiento que se llevaron a cabo en 2021\u2033, remarc\u00f3 Moralejo.<\/p>\n\n\n\n<p>En el marco de su visita a General Alvear, el titular de la Direcci\u00f3n de Contingencias Clim\u00e1ticas,&nbsp;<strong>Julio Omar Eluani<\/strong>, coment\u00f3: \u201cEl&nbsp;<strong>gobernador (Rodolfo Su\u00e1rez)<\/strong>&nbsp;ha dispuesto que se arbitren todas las medidas para apoyar a los productores en esta circunstancia desfavorable. En estos momentos, nuestros t\u00e9cnicos est\u00e1n recorriendo la provincia para evaluar el impacto de la contingencia y hacer una estimaci\u00f3n previa lo m\u00e1s cercana posible a la realidad y, a partir de all\u00ed, tomar las medidas necesarias. Sin embargo, el dato concreto nos lo dar\u00e1n las tasaciones que se hagan una vez se realicen las denuncias correspondientes por parte de quienes vieron afectados sus cultivos\u201d.<\/p>\n\n\n\n<p>Por \u00faltimo, Eluani remarc\u00f3: \u201cDentro de 20 d\u00edas, volveremos a abrir la posibilidad de hacer las denuncias para aquellos productores que no hayan podido realizarlas hasta el momento por distintos motivos. De este modo, <strong>van a tener la posibilidad de acceder a todos los beneficios que se activan con la emergencia agropecuaria\u201d.<\/strong><\/p>\n","protected":false},"excerpt":{"rendered":"<p>El gobierno provincial decret\u00f3 el estado de \u201cemergencia y\/o desastre agropecuario\u201d en las \u00e1reas impactadas por las heladas tard\u00edas. El gobierno de la provincia de\u00a0Mendoza pagar\u00e1 hasta $72.000 por hect\u00e1rea\u00a0a establecimientos de\u00a0vi\u00f1edos y frutales\u00a0donde se hayan sufrido p\u00e9rdidas totales por las heladas tard\u00edas. La medida alcanzar\u00e1 a m\u00e1s de\u00a0130 distritos en 15 departamentos.\u00a0Adem\u00e1s, indicaron que [&hellip;]<\/p>\n","protected":false},"author":37,"featured_media":362223,"comment_status":"open","ping_status":"open","sticky":false,"template":"","format":"standard","meta":{"_stopmodifiedupdate":false,"_modified_date":"","inline_featured_image":false,"spay_email":"","jetpack_publicize_message":""},"categories":[2542],"tags":[],"jetpack_featured_media_url":"https:\/\/notinor.com\/jujuy\/wp-content\/uploads\/2022\/11\/Sin-t\u00edtulo-22.png","jetpack_publicize_connections":[],"_links":{"self":[{"href":"https:\/\/notinor.com\/jujuy\/wp-json\/wp\/v2\/posts\/362221"}],"collection":[{"href":"https:\/\/notinor.com\/jujuy\/wp-json\/wp\/v2\/posts"}],"about":[{"href":"https:\/\/notinor.com\/jujuy\/wp-json\/wp\/v2\/types\/post"}],"author":[{"embeddable":true,"href":"https:\/\/notinor.com\/jujuy\/wp-json\/wp\/v2\/users\/37"}],"replies":[{"embeddable":true,"href":"https:\/\/notinor.com\/jujuy\/wp-json\/wp\/v2\/comments?post=362221"}],"version-history":[{"count":1,"href":"https:\/\/notinor.com\/jujuy\/wp-json\/wp\/v2\/posts\/362221\/revisions"}],"predecessor-version":[{"id":362224,"href":"https:\/\/notinor.com\/jujuy\/wp-json\/wp\/v2\/posts\/362221\/revisions\/362224"}],"wp:featuredmedia":[{"embeddable":true,"href":"https:\/\/notinor.com\/jujuy\/wp-json\/wp\/v2\/media\/362223"}],"wp:attachment":[{"href":"https:\/\/notinor.com\/jujuy\/wp-json\/wp\/v2\/media?parent=362221"}],"wp:term":[{"taxonomy":"category","embeddable":true,"href":"https:\/\/notinor.com\/jujuy\/wp-json\/wp\/v2\/categories?post=362221"},{"taxonomy":"post_tag","embeddable":true,"href":"https:\/\/notinor.com\/jujuy\/wp-json\/wp\/v2\/tags?post=362221"}],"curies":[{"name":"wp","href":"https:\/\/api.w.org\/{rel}","templated":true}]}}