{"id":362100,"date":"2022-11-13T10:42:03","date_gmt":"2022-11-13T13:42:03","guid":{"rendered":"https:\/\/notinor.com\/jujuy\/?p=362100"},"modified":"2022-11-13T10:42:08","modified_gmt":"2022-11-13T13:42:08","slug":"morales-reivindico-la-cultura-del-trabajo-y-el-esfuerzo-junto-a-productores-de-te","status":"publish","type":"post","link":"https:\/\/notinor.com\/jujuy\/morales-reivindico-la-cultura-del-trabajo-y-el-esfuerzo-junto-a-productores-de-te\/","title":{"rendered":"Morales reivindic\u00f3 la cultura del trabajo y el esfuerzo junto a productores de t\u00e9"},"content":{"rendered":"\n<p class=\"has-medium-font-size\"><strong><em>Visit\u00f3 la tealera Don Layo con cuyos directivos abord\u00f3 la necesidad de garantizar condiciones claras para el comercio exterior<\/em><\/strong><\/p>\n\n\n\n<figure class=\"wp-block-image size-large\"><img decoding=\"async\" loading=\"lazy\" width=\"674\" height=\"480\" src=\"https:\/\/notinor.com\/jujuy\/wp-content\/uploads\/2022\/11\/0098-674x480.png\" alt=\"\" class=\"wp-image-362101\" srcset=\"https:\/\/notinor.com\/jujuy\/wp-content\/uploads\/2022\/11\/0098-674x480.png 674w, https:\/\/notinor.com\/jujuy\/wp-content\/uploads\/2022\/11\/0098-512x365.png 512w, https:\/\/notinor.com\/jujuy\/wp-content\/uploads\/2022\/11\/0098-120x86.png 120w, https:\/\/notinor.com\/jujuy\/wp-content\/uploads\/2022\/11\/0098-350x250.png 350w, https:\/\/notinor.com\/jujuy\/wp-content\/uploads\/2022\/11\/0098.png 717w\" sizes=\"(max-width: 674px) 100vw, 674px\" \/><\/figure>\n\n\n\n<p>El Gobernador de Jujuy, <strong>en la continuidad de su visita a Misiones, recorri\u00f3 la tealera \"Don Layo\", emplazada en la localidad de Campo Viera<\/strong>, oportunidad en la cual se pronunci\u00f3 a favor de pol\u00edticas de estado que acompa\u00f1en a los sectores que generan riquezas y empleo genuino.<\/p>\n\n\n\n<p>Gerardo Morales visit\u00f3 la localidad misionera de Campo Viera, donde recorri\u00f3 el establecimiento productivo de t\u00e9 \u201cDon Layo\u201d, a fin de c<strong>ompartir con sus propietarios su visi\u00f3n de crecimiento sustentable para los sectores privados que apuestan a la cultura del esfuerzo y el trabajo.<\/strong><\/p>\n\n\n\n<p>La empresa, que posee plantaciones y una planta de secado de t\u00e9, inici\u00f3 su actividad hace 62 a\u00f1os bajo una estructura familiar hasta adquirir capacidades para la exportaci\u00f3n, posicionando su producto en los mercados de Estados Unidos, Canad\u00e1 y Polonia, entre otros destinos.<\/p>\n\n\n\n<p>El gobernador <strong>reivindic\u00f3 el esp\u00edritu emprendedor de los empresarios, como as\u00ed tambi\u00e9n su temple y vocaci\u00f3n para superar adversidades <\/strong>y ubicarse en el camino del progreso, pregonando la cultura del trabajo y el esfuerzo.<\/p>\n\n\n\n<p>Cabe consignar, que \u201cDon Layo\u201d cuenta con una planta de m\u00e1s de 35 empleados, a los que se suman las 80 familias de productores que dependen de la empresa.<\/p>\n\n\n\n<p>Morales <strong>fue recibido y guiado por directivos de dicha firma, con quienes abord\u00f3 la necesidad de garantizar condiciones claras para el comercio exterior, estableciendo una relaci\u00f3n equilibrada entre la cotizaci\u00f3n del d\u00f3lar para exportaci\u00f3n y el valor d\u00f3lar aplicado a costos<\/strong>.<\/p>\n","protected":false},"excerpt":{"rendered":"<p>Visit\u00f3 la tealera Don Layo con cuyos directivos abord\u00f3 la necesidad de garantizar condiciones claras para el comercio exterior El Gobernador de Jujuy, en la continuidad de su visita a Misiones, recorri\u00f3 la tealera \"Don Layo\", emplazada en la localidad de Campo Viera, oportunidad en la cual se pronunci\u00f3 a favor de pol\u00edticas de estado [&hellip;]<\/p>\n","protected":false},"author":54,"featured_media":362101,"comment_status":"closed","ping_status":"closed","sticky":false,"template":"","format":"standard","meta":{"_stopmodifiedupdate":false,"_modified_date":"","inline_featured_image":false,"spay_email":"","jetpack_publicize_message":""},"categories":[2,501],"tags":[],"jetpack_featured_media_url":"https:\/\/notinor.com\/jujuy\/wp-content\/uploads\/2022\/11\/0098.png","jetpack_publicize_connections":[],"_links":{"self":[{"href":"https:\/\/notinor.com\/jujuy\/wp-json\/wp\/v2\/posts\/362100"}],"collection":[{"href":"https:\/\/notinor.com\/jujuy\/wp-json\/wp\/v2\/posts"}],"about":[{"href":"https:\/\/notinor.com\/jujuy\/wp-json\/wp\/v2\/types\/post"}],"author":[{"embeddable":true,"href":"https:\/\/notinor.com\/jujuy\/wp-json\/wp\/v2\/users\/54"}],"replies":[{"embeddable":true,"href":"https:\/\/notinor.com\/jujuy\/wp-json\/wp\/v2\/comments?post=362100"}],"version-history":[{"count":2,"href":"https:\/\/notinor.com\/jujuy\/wp-json\/wp\/v2\/posts\/362100\/revisions"}],"predecessor-version":[{"id":362103,"href":"https:\/\/notinor.com\/jujuy\/wp-json\/wp\/v2\/posts\/362100\/revisions\/362103"}],"wp:featuredmedia":[{"embeddable":true,"href":"https:\/\/notinor.com\/jujuy\/wp-json\/wp\/v2\/media\/362101"}],"wp:attachment":[{"href":"https:\/\/notinor.com\/jujuy\/wp-json\/wp\/v2\/media?parent=362100"}],"wp:term":[{"taxonomy":"category","embeddable":true,"href":"https:\/\/notinor.com\/jujuy\/wp-json\/wp\/v2\/categories?post=362100"},{"taxonomy":"post_tag","embeddable":true,"href":"https:\/\/notinor.com\/jujuy\/wp-json\/wp\/v2\/tags?post=362100"}],"curies":[{"name":"wp","href":"https:\/\/api.w.org\/{rel}","templated":true}]}}