{"id":362097,"date":"2022-11-13T10:36:00","date_gmt":"2022-11-13T13:36:00","guid":{"rendered":"https:\/\/notinor.com\/jujuy\/?p=362097"},"modified":"2022-11-13T10:36:05","modified_gmt":"2022-11-13T13:36:05","slug":"una-encuesta-encendio-las-alarmas-y-forzo-la-tregua-en-juntos-por-el-cambio","status":"publish","type":"post","link":"https:\/\/notinor.com\/jujuy\/una-encuesta-encendio-las-alarmas-y-forzo-la-tregua-en-juntos-por-el-cambio\/","title":{"rendered":"Una encuesta encendi\u00f3 las alarmas y forz\u00f3 la tregua en Juntos por el Cambio"},"content":{"rendered":"\n<p class=\"has-medium-font-size\"><strong><em>Los preocupantes resultados de un sondeo precipitaron la escenificaci\u00f3n de la paz opositora<\/em><\/strong><\/p>\n\n\n\n<figure class=\"wp-block-image size-large\"><img decoding=\"async\" loading=\"lazy\" width=\"621\" height=\"410\" src=\"https:\/\/notinor.com\/jujuy\/wp-content\/uploads\/2022\/11\/0097.png\" alt=\"\" class=\"wp-image-362098\" srcset=\"https:\/\/notinor.com\/jujuy\/wp-content\/uploads\/2022\/11\/0097.png 621w, https:\/\/notinor.com\/jujuy\/wp-content\/uploads\/2022\/11\/0097-553x365.png 553w\" sizes=\"(max-width: 621px) 100vw, 621px\" \/><\/figure>\n\n\n\n<p>Hay <strong>luces de alerta -o de p\u00e1nico- en el tablero de Juntos por el Cambio<\/strong>. <em>Una encuesta<\/em> de una consultora l\u00edder que circula en forma reservada entre los l\u00edderes opositores r<strong>egistr\u00f3 por primera vez una ca\u00edda de 3 puntos en la intenci\u00f3n de voto en el \u00faltimo mes<\/strong>. \u00bfA qu\u00e9 se lo atribuyen? Al clima de peleas sin fin en el PRO y en JxC que ya se convirti\u00f3 en una marca registrada de la coalici\u00f3n.<\/p>\n\n\n\n<p>Para los dirigentes que analizaron los n\u00fameros una y otra vez, <strong>no est\u00e1 tan claro que esos 3 puntos hayan ido directamente hacia el libertario Javier Milei, <\/strong>pero<strong> el dato de la ca\u00edda de la intenci\u00f3n de voto opositora explica de una manera categ\u00f3rica por qu\u00e9 el PRO y la Mesa Nacional de Juntos por el Cambio apuraron el martes pasado sendas escenificaciones de paz, amor y buenas ondas luego de haberse enfrentado imp\u00fadicamente como el Frente de Todos<\/strong> que tanto cuestionan, o incluso peor: hasta ahora, Cristina Kirchner y Alberto Fern\u00e1ndez no amenazaron con \u201cromperle la cara\u201d al otro como hizo Patricia Bullrich con el jefe de Gabinete porte\u00f1o, Felipe Miguel (o, al menos, no hay video).<\/p>\n\n\n\n<p>En un momento en el que <strong>las encuestas est\u00e1n fallando en muchas partes del mundo, como sucedi\u00f3 en las \u00faltimas elecciones de Estados Unidos, en Brasil y <\/strong>hasta en Marcos Ju\u00e1rez, C\u00f3rdoba, <strong>no ser\u00eda extra\u00f1o que suceda lo mismo en la Argentina<\/strong>. De por s\u00ed, el larretismo asegura que su l\u00edder no est\u00e1 tan mal en los sondeos como difunde el bullrichismo, sino todo lo contrario, pero <strong>en el caso de la feroz interna de Juntos por el Cambio a sus dirigentes les consta el efecto de los enfrentamientos por el pulso de la calle: la gente les pide que no se peleen para ganarle las elecciones al kirchnerismo.<\/strong><\/p>\n\n\n\n<p>Aun as\u00ed, hasta el \u201csupermartes\u201d en que se firm\u00f3 una fr\u00e1gil tregua los l\u00edderes opositores segu\u00edan haciendo todo lo contrario a lo que les reclamaban sus votantes. <strong>Ahora ya saben con exactitud que el clima b\u00e9lico entre ellos les quita apoyo en el electorado. <\/strong>Aunque Juntos por el Cambio lidera todas las encuestas, el peronismo nunca es un contrincante para minimizar. <strong>Esa ca\u00edda de 3 puntos puede preanunciar un viaje de ida hacia una pesadilla electoral<\/strong>. Lo peor es que las fotos de la paz registradas la semana pasada en el PRO y en JxC son im\u00e1genes que pueden borronearse en cualquier momento.<\/p>\n\n\n\n<p>En el desayuno del PRO, por ejemplo, <strong>se acord\u00f3 un mecanismo para evitar \u201ctensiones innecesarias\u201d que consiste en que cada presidenciable (Horacio Rodr\u00edguez Larreta, Patricia Bullrich y Mar\u00eda Eugenia Vidal) designe un representante para que est\u00e9n en contacto y atajen los conflictos antes de que se declaren. Cinco d\u00edas despu\u00e9s del encuentro, no hay designados para esa misi\u00f3n pacificadora.<\/strong> \u201cMientras no haya conflicto, no es necesario\u201d, contest\u00f3 un referente del partido de Mauricio Macri.<\/p>\n\n\n\n<p>Sin embargo, cuando estallen las peleas, \u00bfno ser\u00e1 demasiado tarde para alcanzar la paz? \u00bfNo deber\u00eda aplicarse un esquema \u201cantitensiones\u201d preventivo para que cumpla su objetivo? Misterios de una tregua tan forzada que ni siquiera deriv\u00f3 en una foto de la dirigencia del PRO junta y sonriente.<\/p>\n\n\n\n<p><strong>Macri, aun sin despejar las inc\u00f3gnitas sobre su candidatura, fue el gestor del reencuentro de los l\u00edderes del PRO tras dos meses sin los almuerzos que comenzaron en febrero<\/strong>. Mala noticia en caso de que peligre la tregua interna: el ex mandatario no podr\u00e1 organizar reuniones a la distancia porque comenzar\u00e1 el viernes pr\u00f3ximo un largo derrotero en el exterior. Viajar\u00e1 a Qatar en su condici\u00f3n de presidente ejecutivo de la Fundaci\u00f3n FIFA y regresar\u00e1 reci\u00e9n cuando termine el Mundial de F\u00fatbol. Y a las 48 horas se ir\u00e1 con su familia para pasar 40 d\u00edas en la casa que se construy\u00f3 en Villa la Angostura.<\/p>\n\n\n\n<p><strong>La Mesa Nacional de JxC tambi\u00e9n tuvo un Zoom en la tarde del \u201csupermartes\u201d. Estaba paralizada desde el 24 de agosto pasado. Macri particip\u00f3 por \u00faltima vez de una de sus reuniones el 27 de marzo.<\/strong> En su esperada reaparici\u00f3n, salud\u00f3 a todos y luego no dijo una palabra: apag\u00f3 su c\u00e1mara y silenci\u00f3 el micr\u00f3fono. De todas formas, predomin\u00f3 la sensaci\u00f3n de alivio: <strong>la asistencia fue perfecta, no hubo cruces ni peleas y se consensu\u00f3 un comunicado de prensa que en su primer p\u00e1rrafo dice: \u201cSe ratific\u00f3 el compromiso con la cohesi\u00f3n y la coherencia<\/strong> que el espacio viene exhibiendo desde su conformaci\u00f3n, m\u00e1s all\u00e1 de las leg\u00edtimas diferencias l\u00f3gicas de una coalici\u00f3n de partidos pol\u00edticos\u201d.<\/p>\n","protected":false},"excerpt":{"rendered":"<p>Los preocupantes resultados de un sondeo precipitaron la escenificaci\u00f3n de la paz opositora Hay luces de alerta -o de p\u00e1nico- en el tablero de Juntos por el Cambio. Una encuesta de una consultora l\u00edder que circula en forma reservada entre los l\u00edderes opositores registr\u00f3 por primera vez una ca\u00edda de 3 puntos en la intenci\u00f3n [&hellip;]<\/p>\n","protected":false},"author":54,"featured_media":362098,"comment_status":"open","ping_status":"open","sticky":false,"template":"","format":"standard","meta":{"_stopmodifiedupdate":false,"_modified_date":"","inline_featured_image":false,"spay_email":"","jetpack_publicize_message":""},"categories":[501],"tags":[],"jetpack_featured_media_url":"https:\/\/notinor.com\/jujuy\/wp-content\/uploads\/2022\/11\/0097.png","jetpack_publicize_connections":[],"_links":{"self":[{"href":"https:\/\/notinor.com\/jujuy\/wp-json\/wp\/v2\/posts\/362097"}],"collection":[{"href":"https:\/\/notinor.com\/jujuy\/wp-json\/wp\/v2\/posts"}],"about":[{"href":"https:\/\/notinor.com\/jujuy\/wp-json\/wp\/v2\/types\/post"}],"author":[{"embeddable":true,"href":"https:\/\/notinor.com\/jujuy\/wp-json\/wp\/v2\/users\/54"}],"replies":[{"embeddable":true,"href":"https:\/\/notinor.com\/jujuy\/wp-json\/wp\/v2\/comments?post=362097"}],"version-history":[{"count":1,"href":"https:\/\/notinor.com\/jujuy\/wp-json\/wp\/v2\/posts\/362097\/revisions"}],"predecessor-version":[{"id":362099,"href":"https:\/\/notinor.com\/jujuy\/wp-json\/wp\/v2\/posts\/362097\/revisions\/362099"}],"wp:featuredmedia":[{"embeddable":true,"href":"https:\/\/notinor.com\/jujuy\/wp-json\/wp\/v2\/media\/362098"}],"wp:attachment":[{"href":"https:\/\/notinor.com\/jujuy\/wp-json\/wp\/v2\/media?parent=362097"}],"wp:term":[{"taxonomy":"category","embeddable":true,"href":"https:\/\/notinor.com\/jujuy\/wp-json\/wp\/v2\/categories?post=362097"},{"taxonomy":"post_tag","embeddable":true,"href":"https:\/\/notinor.com\/jujuy\/wp-json\/wp\/v2\/tags?post=362097"}],"curies":[{"name":"wp","href":"https:\/\/api.w.org\/{rel}","templated":true}]}}