{"id":362085,"date":"2022-11-13T09:50:24","date_gmt":"2022-11-13T12:50:24","guid":{"rendered":"https:\/\/notinor.com\/jujuy\/?p=362085"},"modified":"2022-11-13T09:50:29","modified_gmt":"2022-11-13T12:50:29","slug":"vuelve-a-hablar-luciani-y-se-acerca-la-sentencia","status":"publish","type":"post","link":"https:\/\/notinor.com\/jujuy\/vuelve-a-hablar-luciani-y-se-acerca-la-sentencia\/","title":{"rendered":"Vuelve a hablar Luciani y se acerca la sentencia"},"content":{"rendered":"\n<p class=\"has-medium-font-size\"><strong><em>Ma\u00f1ana dar\u00eda respuesta a los pedidos de nulidad, pero no replicar\u00eda al planteo de los abogados para no extender los plazos; de este modo, podr\u00eda haber un veredicto en las pr\u00f3ximas semanas<\/em><\/strong><\/p>\n\n\n\n<figure class=\"wp-block-image size-large\"><img decoding=\"async\" loading=\"lazy\" width=\"564\" height=\"310\" src=\"https:\/\/notinor.com\/jujuy\/wp-content\/uploads\/2022\/11\/0094.png\" alt=\"\" class=\"wp-image-362086\"\/><\/figure>\n\n\n\n<p>Como <strong>parte de la etapa final del juicio <\/strong>y tras el cuarto intermedio de dos semanas que se dispuso cuando terminaron de alegar los abogados de las partes, el Tribunal Oral Federal 2 reanudar\u00e1 ma\u00f1ana el proceso oral y p\u00fablico contra la vicepresidenta Cristina Kirchner por la causa Vialidad, y <strong>los fiscales Diego Luciani y Sergio Mola tomar\u00e1n la palabra para contestar los planteos de nulidad y las excepciones que introdujeron las defensas <\/strong>durante sus exposiciones en la instancia de alegatos.<\/p>\n\n\n\n<p>A trav\u00e9s de sus abogados, el exsecretario de Obras P\u00fablicas <strong>Jos\u00e9 L\u00f3pez <\/strong>y el empresario santacruce\u00f1o<strong> L\u00e1zaro B\u00e1ez introdujeron planteos que Luciani responder\u00e1, pese a que seis defensores le hab\u00edan pedido al TOF cuando terminaron los alegatos que no se le corriera vista al fiscal<\/strong>. El TOF rechaz\u00f3 esos pedidos y de todas formas le corri\u00f3 traslado de esos planteos a Luciani. <strong>Si los fiscales terminan de responder a los planteos ma\u00f1ana, los jueces pasar\u00e1n a fijar las fechas para que los imputados digan sus \u00faltimas palabras ante los jueces -<\/strong>si as\u00ed lo desean- y luego, inmediatamente despu\u00e9s de esa instancia (que podr\u00eda tomar dos audiencias seg\u00fan suponen fuentes judiciales), responder\u00e1n los planteos<strong> y dar\u00e1n a conocer su veredicto.<\/strong><\/p>\n\n\n\n<p>En las \u00faltimas semanas circulaba entre los defensores la duda respecto de si Luciani har\u00e1 o no r\u00e9plicas a los alegatos.<strong> Las r\u00e9plicas son una instancia que se da cuando durante el alegato un defensor-como el fiscal habl\u00f3 primero-<\/strong> dijo algo novedoso que no hab\u00eda sido discutido en el debate y que amerite dar respuesta. Si hay r\u00e9plicas, hay d\u00faplicas. Es decir que, <strong>desde el punto de la vista de la estrategia, los defensores van a querer quedarse con la \u00faltima palabra y solicitar\u00e1n rebatir<\/strong> los argumentos de las r\u00e9plicas de los fiscales. <strong>Si hay replicas para todos, habr\u00e1 d\u00faplicas para todos y el juicio podr\u00eda extenderse varias audiencias m\u00e1s.<\/strong><\/p>\n\n\n\n<p>Aunque la fiscal\u00eda trabaj\u00f3 estas semanas bajo un estricto hermetismo, <strong>cerca del fiscal sosten\u00edan que dar r\u00e9plicas ser\u00eda extender m\u00e1s los plazos del juicio y en efecto dilatar la difusi\u00f3n del veredicto. <\/strong>Deslizaron, adem\u00e1s, que los argumentos brindados en las exposiciones no mostraron elementos nuevos.<\/p>\n\n\n\n<p><strong>Los planteos de nulidad y las excepciones que introdujeron los abogados de B\u00e1ez y L\u00f3pez motivaron algunos sutiles reclamos<\/strong> de otros abogados que intervienen en el juicio. Aunque estos no lo manifestaron en p\u00fablico, sab\u00edan y hab\u00edan conversado entre ellos que no les era conveniente habilitar al fiscal a hablar una vez m\u00e1s. Por eso, aunque varios de los defensores dijeron en sus alegatos que har\u00edan planteos, finalmente no los formalizaron.<\/p>\n\n\n\n<p><strong>El abogado de L\u00e1zaro B\u00e1ez, Juan Villanueva, plante\u00f3 la nulidad parcial del alegato de Luciani y una excepci\u00f3n por falta de acci\u00f3n <\/strong>al sostener que del total de las 52 obras investigadas en esta causa 49 ya fueron investigadas en causas por las que se dictaron sobreseimientos en los tribunales de Santa Cruz. <strong>El defensor de Jos\u00e9 L\u00f3pez, Santiago Finn, tambi\u00e9n plante\u00f3 la nulidad parcial del alegato de Luciani y la nulidad de la prueba proveniente del tel\u00e9fono celular de su defendido,<\/strong> as\u00ed como tambi\u00e9n <strong>pidi\u00f3 declarar nula la prueba proveniente del procesamiento de L\u00f3pez <\/strong>que mostr\u00f3 el fiscal cuando aludi\u00f3 a sus dichos como arrepentido.<\/p>\n\n\n\n<p><strong>Los fiscales pidieron al tribunal una pena de 12 a\u00f1os para la vicepresidenta Cristina Kirchner y su inhabilitaci\u00f3n perpetua para ejercer cargos p\u00fablicos.<\/strong> Cristina es acusada junto a L\u00e1zaro B\u00e1ez, Julio De Vido y Jos\u00e9 L\u00f3pez, entre otros exfuncionarios de su gobierno, por el direccionamiento de obra p\u00fablica vial en Santa Cruz a las empresas de B\u00e1ez entre 2003 y 2015.<\/p>\n\n\n\n<p><strong>El juicio oral y p\u00fablico contra la vicepresidenta comenz\u00f3 en mayo de 2019. Como parte de la asociaci\u00f3n il\u00edcita que seg\u00fan la acusaci\u00f3n ella lider\u00f3<\/strong> est\u00e1n implicados el exministro de Planificaci\u00f3n Julio De Vido, el exsecretario de Obras P\u00fablicas Jos\u00e9 L\u00f3pez, el empresario L\u00e1zaro B\u00e1ez y el extitular de la Direcci\u00f3n Nacional de Vialidad (DNV) Nelson Periotti. Carlos Santiago Kirchner, primo de N\u00e9stor Kirchner y exfuncionario de Obras P\u00fablicas, est\u00e1 acusado por incumplimiento de los deberes de funcionario p\u00fablico. A Abel Fatala, que trabaj\u00f3 junto a Jos\u00e9 L\u00f3pez, la fiscal\u00eda pidi\u00f3 condenarlo por administraci\u00f3n fraudulenta, igual que a los exfuncionarios provinciales de Vialidad de Santa Cruz. Los jueces del tribunal oral son Jorge Gorini, Rodrigo Gim\u00e9nez Uriburu y Andr\u00e9s Basso. La sentencia que dicten los jueces ser\u00e1 revisada por la Sala 4 de la C\u00e1mara de Casaci\u00f3n Penal. La \u00faltima instancia es la Corte Suprema, que ya rechaz\u00f3 todos los recursos de las defensas para frenar el juicio.<\/p>\n","protected":false},"excerpt":{"rendered":"<p>Ma\u00f1ana dar\u00eda respuesta a los pedidos de nulidad, pero no replicar\u00eda al planteo de los abogados para no extender los plazos; de este modo, podr\u00eda haber un veredicto en las pr\u00f3ximas semanas Como parte de la etapa final del juicio y tras el cuarto intermedio de dos semanas que se dispuso cuando terminaron de alegar [&hellip;]<\/p>\n","protected":false},"author":54,"featured_media":362086,"comment_status":"closed","ping_status":"closed","sticky":false,"template":"","format":"standard","meta":{"_stopmodifiedupdate":false,"_modified_date":"","inline_featured_image":false,"spay_email":"","jetpack_publicize_message":""},"categories":[2,5],"tags":[],"jetpack_featured_media_url":"https:\/\/notinor.com\/jujuy\/wp-content\/uploads\/2022\/11\/0094.png","jetpack_publicize_connections":[],"_links":{"self":[{"href":"https:\/\/notinor.com\/jujuy\/wp-json\/wp\/v2\/posts\/362085"}],"collection":[{"href":"https:\/\/notinor.com\/jujuy\/wp-json\/wp\/v2\/posts"}],"about":[{"href":"https:\/\/notinor.com\/jujuy\/wp-json\/wp\/v2\/types\/post"}],"author":[{"embeddable":true,"href":"https:\/\/notinor.com\/jujuy\/wp-json\/wp\/v2\/users\/54"}],"replies":[{"embeddable":true,"href":"https:\/\/notinor.com\/jujuy\/wp-json\/wp\/v2\/comments?post=362085"}],"version-history":[{"count":1,"href":"https:\/\/notinor.com\/jujuy\/wp-json\/wp\/v2\/posts\/362085\/revisions"}],"predecessor-version":[{"id":362087,"href":"https:\/\/notinor.com\/jujuy\/wp-json\/wp\/v2\/posts\/362085\/revisions\/362087"}],"wp:featuredmedia":[{"embeddable":true,"href":"https:\/\/notinor.com\/jujuy\/wp-json\/wp\/v2\/media\/362086"}],"wp:attachment":[{"href":"https:\/\/notinor.com\/jujuy\/wp-json\/wp\/v2\/media?parent=362085"}],"wp:term":[{"taxonomy":"category","embeddable":true,"href":"https:\/\/notinor.com\/jujuy\/wp-json\/wp\/v2\/categories?post=362085"},{"taxonomy":"post_tag","embeddable":true,"href":"https:\/\/notinor.com\/jujuy\/wp-json\/wp\/v2\/tags?post=362085"}],"curies":[{"name":"wp","href":"https:\/\/api.w.org\/{rel}","templated":true}]}}