{"id":362078,"date":"2022-11-13T09:26:38","date_gmt":"2022-11-13T12:26:38","guid":{"rendered":"https:\/\/notinor.com\/jujuy\/?p=362078"},"modified":"2022-11-13T09:26:43","modified_gmt":"2022-11-13T12:26:43","slug":"el-campo-alza-la-voz-en-la-cumbre-sobre-cambio-climatico","status":"publish","type":"post","link":"https:\/\/notinor.com\/jujuy\/el-campo-alza-la-voz-en-la-cumbre-sobre-cambio-climatico\/","title":{"rendered":"El campo alza la voz en la cumbre sobre cambio clim\u00e1tico"},"content":{"rendered":"\n<p class=\"has-medium-font-size\"><strong><em>Expertos de todo el mundo debaten en la COP 27 medidas para frenar el calentamiento global. La importancia de la alimentaci\u00f3n.<\/em><\/strong><\/p>\n\n\n\n<figure class=\"wp-block-image size-large\"><img decoding=\"async\" loading=\"lazy\" width=\"636\" height=\"480\" src=\"https:\/\/notinor.com\/jujuy\/wp-content\/uploads\/2022\/11\/0092-636x480.png\" alt=\"\" class=\"wp-image-362079\" srcset=\"https:\/\/notinor.com\/jujuy\/wp-content\/uploads\/2022\/11\/0092-636x480.png 636w, https:\/\/notinor.com\/jujuy\/wp-content\/uploads\/2022\/11\/0092-483x365.png 483w, https:\/\/notinor.com\/jujuy\/wp-content\/uploads\/2022\/11\/0092-768x580.png 768w, https:\/\/notinor.com\/jujuy\/wp-content\/uploads\/2022\/11\/0092-750x566.png 750w, https:\/\/notinor.com\/jujuy\/wp-content\/uploads\/2022\/11\/0092.png 956w\" sizes=\"(max-width: 636px) 100vw, 636px\" \/><\/figure>\n\n\n\n<p><strong>El sector agropecuario de Am\u00e9rica, que produce un tercio de los alimentos del mundo, tiene que ser visto como \"parte de la soluci\u00f3n\" a la crisis ambiental global<\/strong> y debe estar dentro de las \"negociaciones ambientales\" para dar su aporte en un contexto mundial \"que no tiene real dimensi\u00f3n de lo que es la agricultura de las \u00c1mericas\".<\/p>\n\n\n\n<p>As\u00ed lo asegur\u00f3 este s\u00e1bado el <strong>director general del Instituto Interamericano de Cooperaci\u00f3n para la Agricultura (IICA), Manuel Otero<\/strong>, responsable de este organismo especializado en el sector agropecuario del Sistema Interamericano en la cumbre del clima COP27 que se celebra en la ciudad egipcia de Sharm el Sheij.<\/p>\n\n\n\n<p>Y remarc\u00f3 que <strong>el trabajo de los agricultores es imprescindible para garantizar la seguridad alimentaria en las Am\u00e9ricas y el Caribe.<\/strong><\/p>\n\n\n\n<p>\"<strong>Para tener alimentos en las mesas necesitamos tener agricultores en las zonas rurales. Y para que los alimentos sean saludables necesitamos que haya salud, bienestar y prosperidad en el campo<\/strong>\", se\u00f1al\u00f3 Otero. <strong>\"La calidad de vida en las ciudades depende de la calidad de vida y la prosperidad en el campo<\/strong>\u201d, agreg\u00f3, durante un panel organizado por la Fundaci\u00f3n World Food Prize.<\/p>\n\n\n\n<p>Otero present\u00f3 en la reuni\u00f3n donde se debaten las soluciones globales para abordar el cambio clim\u00e1tico un <strong>documento de consenso firmado por los ministros de Agricultura de toda Am\u00e9rica en el que se subray\u00f3 \"que no puede haber sostenibilidad ambiental si no hay seguridad alimentaria<\/strong>\", para lo que la regi\u00f3n tiene un papel protagonista.<\/p>\n\n\n\n<p>En ese sentido, <strong>alert\u00f3 sobre los pedidos para una transici\u00f3n a una producci\u00f3n sin emisiones de gases de efecto invernadero, o suprimir sectores o cultivos<\/strong>, son problem\u00e1ticas y requieren mucha \"responsabilidad\".<\/p>\n\n\n\n<p>\"<strong>Las transiciones tienen que ser graduales<\/strong>, si me dices que tenemos que avanzar hacia las posiciones bien avanzadas de agroecolog\u00eda, ahora no hay la ciencia, la innovaci\u00f3n necesaria o disponible. Tenemos que avanzar con cautela\", dijo Otero a la agencia EFE.<\/p>\n\n\n\n<p>Precisamente<strong> este s\u00e1bado se celebra el d\u00eda de la agricultura en la COP27<\/strong>, que ya entra en su semana de deliberaciones pol\u00edticas, y en este contexto el experto argentino levant\u00f3 su<strong> preocupaci\u00f3n de que no se considere el papel de la regi\u00f3n o que incluso se responsabilice a la agricultura por da\u00f1os ambientales<\/strong> sin considerar que, de hecho, es garante de la seguridad alimentaria mundial.<\/p>\n\n\n\n<p>En ese sentido, <strong>Otero defendi\u00f3 la agricultura del continente americano por su \"tendencia, que se va a consolidar\" a mejorar sus usos del suelo, controlar la deforestaci\u00f3n y sus emisiones.<\/strong><\/p>\n\n\n\n<p><strong>\"Es un continente que respira agricultura. Tenemos un pasado, un presente, pero sobre todo un futuro<\/strong> que hay que construir o quiz\u00e1s reconstruir en algunos aspectos, con esta <strong>agricultura m\u00e1s sustentable q<\/strong>ue hoy venimos a plantear a esta COP, porque muchas cosas buenas est\u00e1n sucediendo\", agreg\u00f3 el director del IICA.<\/p>\n\n\n\n<p>A su juicio, ante la <strong>responsabilidad de la agricultura en el calentamiento global<\/strong>, indic\u00f3: \"Todos somos culpables\", aunque dentro de esa <strong>\"corresponsabilidad, hay que tener claro que s\u00f3lo una tercera parte\" de las emisiones da\u00f1inas provienen de los sistemas agroalimentarios.<\/strong><\/p>\n\n\n\n<p>\"La crisis es tan grave que <strong>todos tenemos que asumir responsabilidades<\/strong>\", insisti\u00f3.<\/p>\n\n\n\n<p>Al mismo tiempo, el experto se mostr\u00f3 muy conforme con las <strong>posiciones que piden que la crisis clim\u00e1tica y alimentaria global se afronten \"con una visi\u00f3n sist\u00e9mica\".<\/strong><\/p>\n\n\n\n<p>\"Eso est\u00e1 perfecto y lo aceptamos,<strong> me gusta lo de la producci\u00f3n del productor al consumidor,<\/strong> porque es ut\u00f3pico pensar que vamos a tener alimentos sanos, abundantes y de calidad si no empezamos por el principio, que es tener producci\u00f3n agropecuaria, y para eso tienes que tener productores en su fincas y esos sus productores tienen que estar en zonas rurales m\u00e1s o menos pr\u00f3speras donde haya servicios\", razon\u00f3.<\/p>\n\n\n\n<p>En cualquier caso, Otero apunt\u00f3 que ya <strong>\"la agricultura s\u00f3lo puede ser sostenible\" y que si no lo es, \"no es agricultura\".<\/strong><\/p>\n","protected":false},"excerpt":{"rendered":"<p>Expertos de todo el mundo debaten en la COP 27 medidas para frenar el calentamiento global. La importancia de la alimentaci\u00f3n. El sector agropecuario de Am\u00e9rica, que produce un tercio de los alimentos del mundo, tiene que ser visto como \"parte de la soluci\u00f3n\" a la crisis ambiental global y debe estar dentro de las [&hellip;]<\/p>\n","protected":false},"author":54,"featured_media":362079,"comment_status":"open","ping_status":"open","sticky":false,"template":"","format":"standard","meta":{"_stopmodifiedupdate":false,"_modified_date":"","inline_featured_image":false,"spay_email":"","jetpack_publicize_message":""},"categories":[676,2542],"tags":[],"jetpack_featured_media_url":"https:\/\/notinor.com\/jujuy\/wp-content\/uploads\/2022\/11\/0092.png","jetpack_publicize_connections":[],"_links":{"self":[{"href":"https:\/\/notinor.com\/jujuy\/wp-json\/wp\/v2\/posts\/362078"}],"collection":[{"href":"https:\/\/notinor.com\/jujuy\/wp-json\/wp\/v2\/posts"}],"about":[{"href":"https:\/\/notinor.com\/jujuy\/wp-json\/wp\/v2\/types\/post"}],"author":[{"embeddable":true,"href":"https:\/\/notinor.com\/jujuy\/wp-json\/wp\/v2\/users\/54"}],"replies":[{"embeddable":true,"href":"https:\/\/notinor.com\/jujuy\/wp-json\/wp\/v2\/comments?post=362078"}],"version-history":[{"count":1,"href":"https:\/\/notinor.com\/jujuy\/wp-json\/wp\/v2\/posts\/362078\/revisions"}],"predecessor-version":[{"id":362080,"href":"https:\/\/notinor.com\/jujuy\/wp-json\/wp\/v2\/posts\/362078\/revisions\/362080"}],"wp:featuredmedia":[{"embeddable":true,"href":"https:\/\/notinor.com\/jujuy\/wp-json\/wp\/v2\/media\/362079"}],"wp:attachment":[{"href":"https:\/\/notinor.com\/jujuy\/wp-json\/wp\/v2\/media?parent=362078"}],"wp:term":[{"taxonomy":"category","embeddable":true,"href":"https:\/\/notinor.com\/jujuy\/wp-json\/wp\/v2\/categories?post=362078"},{"taxonomy":"post_tag","embeddable":true,"href":"https:\/\/notinor.com\/jujuy\/wp-json\/wp\/v2\/tags?post=362078"}],"curies":[{"name":"wp","href":"https:\/\/api.w.org\/{rel}","templated":true}]}}