{"id":362075,"date":"2022-11-13T09:16:59","date_gmt":"2022-11-13T12:16:59","guid":{"rendered":"https:\/\/notinor.com\/jujuy\/?p=362075"},"modified":"2022-11-13T09:17:04","modified_gmt":"2022-11-13T12:17:04","slug":"tras-el-triunfo-de-lula-brasil-reaparece-en-la-cumbre-climatica-de-la-onu","status":"publish","type":"post","link":"https:\/\/notinor.com\/jujuy\/tras-el-triunfo-de-lula-brasil-reaparece-en-la-cumbre-climatica-de-la-onu\/","title":{"rendered":"Tras el triunfo de Lula, Brasil reaparece en la cumbre clim\u00e1tica de la ONU"},"content":{"rendered":"\n<p class=\"has-medium-font-size\"><strong><em>La ex ministra de Medio Ambiente Marina Silva asegur\u00f3 que el pr\u00f3ximo gobierno garantizar\u00e1 la protecci\u00f3n de la Amazonia.<\/em><\/strong><\/p>\n\n\n\n<figure class=\"wp-block-image size-large\"><img decoding=\"async\" loading=\"lazy\" width=\"766\" height=\"460\" src=\"https:\/\/notinor.com\/jujuy\/wp-content\/uploads\/2022\/11\/0091.png\" alt=\"\" class=\"wp-image-362076\" srcset=\"https:\/\/notinor.com\/jujuy\/wp-content\/uploads\/2022\/11\/0091.png 766w, https:\/\/notinor.com\/jujuy\/wp-content\/uploads\/2022\/11\/0091-608x365.png 608w, https:\/\/notinor.com\/jujuy\/wp-content\/uploads\/2022\/11\/0091-750x450.png 750w\" sizes=\"(max-width: 766px) 100vw, 766px\" \/><\/figure>\n\n\n\n<p><strong>Marina Silva, ex ministra de Ambiente de Brasil y posible candidata nuevamente al puesto cuando Luiz In\u00e1cio Lula da Silva asuma la presidencia, lleg\u00f3 a la cumbre de la ONU sobre el clima con un mensaje<\/strong>: su pa\u00eds est\u00e1 de regreso en cuanto a la protecci\u00f3n de la selva amaz\u00f3nica, la m\u00e1s grande del mundo y que cumple una funci\u00f3n crucial para frenar el cambio clim\u00e1tico.<\/p>\n\n\n\n<p>La elecci\u00f3n del l\u00edder del Partido de los Trabajadores como futuro mandatario representa <strong>un viraje potencialmente enorme en la administraci\u00f3n de la selva por Brasil, en comparaci\u00f3n con la del presidente saliente Jair Bolsonaro<\/strong>, quien pasar\u00e1 el mando a su adversario el pr\u00f3ximo 1\u00b0 de enero.<\/p>\n\n\n\n<p><strong>Se espera la presencia de Lula en la conferencia COP27<\/strong> en Sharm el-Sheij, Egipto, la pr\u00f3xima semana.<\/p>\n\n\n\n<p>Marina Silva dijo que <strong>la presencia de Lula en la cumbre un mes y medio antes de su asunci\u00f3n revela el compromiso de su gobierno de proteger la selva <\/strong>y cumplir un papel de liderazgo en la lucha contra el cambio clim\u00e1tico. Lula prev\u00e9 reunirse con los jefes de varias delegaciones.<\/p>\n\n\n\n<p><strong>\"Brasil recuperar\u00e1 al papel protag\u00f3nico que ten\u00eda en materia de clima, de biodiversidad<\/strong>\", dijo Marina Silva en declaraciones a la prensa en el Centro Clim\u00e1tico Brasile\u00f1o.<\/p>\n\n\n\n<p><strong>Bolsonaro, elegido en 2018, impuls\u00f3 el desarrollo econ\u00f3mico del Amazonas<\/strong> tanto en las palabras como en los hechos. <strong>Debilit\u00f3 los organismos ambientales y design\u00f3 administradores provenientes de la agroindustria.<\/strong><\/p>\n\n\n\n<p><strong>Este sector se opone a la creaci\u00f3n de territorios ind\u00edgenas y otras zonas protegidas e impulsa la legalizaci\u00f3n de la toma de tierras. La deforestaci\u00f3n de la Amazonia alcanz\u00f3 el nivel m\u00e1s alto en 15 a\u00f1os<\/strong> entre agosto de 2020 y julio de 2021, seg\u00fan cifras oficiales. El monitoreo satelital indica que la tendencia aumentar\u00e1 a\u00fan m\u00e1s este a\u00f1o.<\/p>\n\n\n\n<p>Al ganar las elecciones en octubre, <strong>Lula, que fue presidente de 2003 a 2010, prometi\u00f3 revertir las medidas de Bolsonaro<\/strong> y adoptar la pol\u00edtica de \"deforestaci\u00f3n cero\".<\/p>\n\n\n\n<p>Ser\u00e1 una tarea colosal. Mientras<strong> buena parte del mundo festeja las medidas de protecci\u00f3n de la selva en Brasil <\/strong>y otros pa\u00edses de Sudam\u00e9rica, m\u00faltiples fuerzas impulsan el desarrollo, incluidas varios habitantes del Amazonas.<\/p>\n\n\n\n<p>Y <strong>Lula, aunque est\u00e1 mucho m\u00e1s comprometido que Bolsonaro con la protecci\u00f3n ambiental, tuvo una trayectoria mixta como presidente<\/strong>. La deforestaci\u00f3n disminuy\u00f3 dr\u00e1sticamente durante su primer mandato, con Marina Silva como ministra de Medio Ambiente. Pero en su segundo per\u00edodo, el l\u00edder del PT empez\u00f3 a responder a los intereses de la agroindustria, y Marina Silva renunci\u00f3 en 2008.<\/p>\n\n\n\n<p>Recientemente en Brasil<strong> informes period\u00edsticos mencionan una posible alianza con el Congo e Indonesia, donde se encuentran las selvas tropicales m\u00e1s grandes <\/strong>del mundo.<\/p>\n\n\n\n<p>Bajo el lema<strong> \"OPEP de las Selvas'',<\/strong> en alusi\u00f3n a la Organizaci\u00f3n de Pa\u00edses Exportadores de Petr\u00f3leo y c\u00f3mo regula la producci\u00f3n de crudo, la idea general ser\u00eda que los tres pa\u00edses coordinen sus posiciones negociadoras y sus medidas para la administraci\u00f3n de la selva y la protecci\u00f3n de la biodiversidad. La propuesta fue presentada inicialmente en la cumbre clim\u00e1tica del a\u00f1o pasado en Glasgow, Escocia, seg\u00fan los informes.<\/p>\n\n\n\n<p>Cuando se le pidieron detalles sobre tal alianza y si la anunciar\u00edan durante la segunda semana de la cumbre que se est\u00e1 realizando ahora en Egipto, la ex ministra brasile\u00f1a dijo que no pod\u00eda hablar del asunto.<\/p>\n\n\n\n<p>\"<strong>No queremos estar aislados en la protecci\u00f3n de los bosques<\/strong>\", se\u00f1al\u00f3, y agreg\u00f3 que Brasil quiere que se coordine la administraci\u00f3n de bosques entre \"pa\u00edses megaselv\u00e1ticos\", pero no tratar\u00eda de imponer su voluntad.<\/p>\n\n\n\n<p><strong>Marina Silva gan\u00f3 una banca en el Congreso en las elecciones de octubre<\/strong>. Extractora de caucho en la infancia, estrecha colaboradora del ambientalista asesinado Chico Mendes,<strong> tiene autoridad moral en asuntos ambientales y est\u00e1 entre el pu\u00f1ado de personas mencionadas como posibles ministros de Lula.<\/strong><\/p>\n\n\n\n<p>Tras aclarar que no hablaba en nombre del presidente electo, Silva dio algunos detalles de lo que piensa que ser\u00eda la pol\u00edtica del pr\u00f3ximo gobierno.<strong> Sostuvo que no tomar\u00eda la posici\u00f3n de Bolsonaro, de que se deber\u00eda \"pagar a Brasil\" para que proteja sus bosques.<\/strong><\/p>\n\n\n\n<p><strong>Brasil no emprender\u00eda grandes proyectos energ\u00e9ticos, como una gran represa hidroel\u00e9ctrica, sino que se enfocar\u00eda en la transici\u00f3n a energ\u00edas renovables<\/strong> como la solar. En ese sentido, dijo, se impulsar\u00eda la participaci\u00f3n de la petrolera estatal Petrobras en este giro.<\/p>\n\n\n\n<p>\"Debemos <strong>usar esos recursos (petroleros) que a\u00fan se necesitan, para efectuar una transici\u00f3n hacia otras formas de energ\u00eda<\/strong> y no perpetuar el modelo\" de la empresa enfocada en el petr\u00f3leo, dijo.<\/p>\n\n\n\n<p>Silva dijo que <strong>Brasil participar\u00eda en los mercados offshore de carb\u00f3n, pero bajo una vigilancia \"rigurosa\"<\/strong>, como aparentemente no sucede en la actualidad. Esos cr\u00e9ditos permiten a las empresas compensar parte de sus emisiones de carb\u00f3n al pagar actividades para atraparlas, tales como la siembra de \u00e1rboles.<\/p>\n\n\n\n<p>Silva a\u00f1adi\u00f3 que <strong>propuso la creaci\u00f3n de un organismo de gobierno que se ocupe del cambio clim\u00e1tico, presumiblemente aparte del ministerio de Medio Ambiente. <\/strong>Se tratar\u00eda de vigilar estrechamente las alteraciones en el clima para responder en tiempo real a problemas tales como p\u00e9rdidas de gases de invernadero o debilidades en las medidas. Dijo que es algo similar a la manera como los gobiernos vigilan la inflaci\u00f3n.<\/p>\n\n\n\n<p><strong>\"Se trata de evitar la inflaci\u00f3n clim\u00e1tica\"<\/strong>, concluy\u00f3.<\/p>\n","protected":false},"excerpt":{"rendered":"<p>La ex ministra de Medio Ambiente Marina Silva asegur\u00f3 que el pr\u00f3ximo gobierno garantizar\u00e1 la protecci\u00f3n de la Amazonia. Marina Silva, ex ministra de Ambiente de Brasil y posible candidata nuevamente al puesto cuando Luiz In\u00e1cio Lula da Silva asuma la presidencia, lleg\u00f3 a la cumbre de la ONU sobre el clima con un mensaje: [&hellip;]<\/p>\n","protected":false},"author":54,"featured_media":362076,"comment_status":"closed","ping_status":"closed","sticky":false,"template":"","format":"standard","meta":{"_stopmodifiedupdate":false,"_modified_date":"","inline_featured_image":false,"spay_email":"","jetpack_publicize_message":""},"categories":[6],"tags":[],"jetpack_featured_media_url":"https:\/\/notinor.com\/jujuy\/wp-content\/uploads\/2022\/11\/0091.png","jetpack_publicize_connections":[],"_links":{"self":[{"href":"https:\/\/notinor.com\/jujuy\/wp-json\/wp\/v2\/posts\/362075"}],"collection":[{"href":"https:\/\/notinor.com\/jujuy\/wp-json\/wp\/v2\/posts"}],"about":[{"href":"https:\/\/notinor.com\/jujuy\/wp-json\/wp\/v2\/types\/post"}],"author":[{"embeddable":true,"href":"https:\/\/notinor.com\/jujuy\/wp-json\/wp\/v2\/users\/54"}],"replies":[{"embeddable":true,"href":"https:\/\/notinor.com\/jujuy\/wp-json\/wp\/v2\/comments?post=362075"}],"version-history":[{"count":1,"href":"https:\/\/notinor.com\/jujuy\/wp-json\/wp\/v2\/posts\/362075\/revisions"}],"predecessor-version":[{"id":362077,"href":"https:\/\/notinor.com\/jujuy\/wp-json\/wp\/v2\/posts\/362075\/revisions\/362077"}],"wp:featuredmedia":[{"embeddable":true,"href":"https:\/\/notinor.com\/jujuy\/wp-json\/wp\/v2\/media\/362076"}],"wp:attachment":[{"href":"https:\/\/notinor.com\/jujuy\/wp-json\/wp\/v2\/media?parent=362075"}],"wp:term":[{"taxonomy":"category","embeddable":true,"href":"https:\/\/notinor.com\/jujuy\/wp-json\/wp\/v2\/categories?post=362075"},{"taxonomy":"post_tag","embeddable":true,"href":"https:\/\/notinor.com\/jujuy\/wp-json\/wp\/v2\/tags?post=362075"}],"curies":[{"name":"wp","href":"https:\/\/api.w.org\/{rel}","templated":true}]}}