{"id":362068,"date":"2022-11-13T08:53:00","date_gmt":"2022-11-13T11:53:00","guid":{"rendered":"https:\/\/notinor.com\/jujuy\/?p=362068"},"modified":"2022-11-13T08:53:04","modified_gmt":"2022-11-13T11:53:04","slug":"reunion-cumbre-por-el-cuidado-del-agua-potable","status":"publish","type":"post","link":"https:\/\/notinor.com\/jujuy\/reunion-cumbre-por-el-cuidado-del-agua-potable\/","title":{"rendered":"Reuni\u00f3n cumbre por el cuidado del agua potable"},"content":{"rendered":"\n<p class=\"has-medium-font-size\"><strong><em>Municipio y empresa estatal buscan aunar esfuerzos en el armado y diagramaci\u00f3n de campa\u00f1as de concientizaci\u00f3n e informaci\u00f3n para el uso correcto del agua potable<\/em><\/strong><\/p>\n\n\n\n<figure class=\"wp-block-image size-large\"><img decoding=\"async\" loading=\"lazy\" width=\"698\" height=\"434\" src=\"https:\/\/notinor.com\/jujuy\/wp-content\/uploads\/2022\/11\/0089.png\" alt=\"\" class=\"wp-image-362069\" srcset=\"https:\/\/notinor.com\/jujuy\/wp-content\/uploads\/2022\/11\/0089.png 698w, https:\/\/notinor.com\/jujuy\/wp-content\/uploads\/2022\/11\/0089-587x365.png 587w\" sizes=\"(max-width: 698px) 100vw, 698px\" \/><\/figure>\n\n\n\n<p>El intendente Ra\u00fal \u201cChuli\u201d Jorge, acompa\u00f1ado del secretario de Serivcios P\u00fablicos, Guillermo Marenco, mantuvo una reuni\u00f3n con el presidente de Agua Potable SE  V\u00edctor Galarza, para aunar esfuerzos en el armado y diagramaci\u00f3n de campa\u00f1as de concientizaci\u00f3n e informaci\u00f3n para el uso correcto del agua potable, debido a la <strong>emergencia h\u00eddrica por la que transita la provincia.<\/strong><\/p>\n\n\n\n<p>Al respecto, el intendente Jorge manifest\u00f3 la preocupaci\u00f3n que percibe en el cuidado y uso del agua potable entre los vecinos de la ciudad, \u201c<strong>estamos ante severos efectos del cambio clim\u00e1tico en todo el continente y fundamentalmente en toda el \u00e1rea andina<\/strong>, as\u00ed que <strong>tenemos el deber de colaborar en donde la sequ\u00eda, los incendios forestales que se producen<\/strong> dr\u00e1sticamente nos impone un compromiso con la emergencia h\u00eddrica que nos sacude fuertemente. En esto los vecinos deben cuidar el uso y corregir cualquier tipo de p\u00e9rdida innecesaria como la de un ca\u00f1o o sanitario que no s\u00f3lo atenta contra la escasez de agua, sino a la econom\u00eda del hogar\u201d.<\/p>\n\n\n\n<p>Adem\u00e1s, remarc\u00f3 la importancia de trabajar en equipo para concientizar sobre el <strong>peligro latente de la falta de agua potable en los hogares juje\u00f1os<\/strong>, \u201cvamos a trabajar en campa\u00f1as de concientizaci\u00f3n despu\u00e9s de lo hablado con V\u00edctor Galarza, ya que es necesario concientizar en el correcto uso y principalmente en donde cada vecino revalide lo aprendido en el cuidado del agua potable, haciendo hincapi\u00e9 en el lavado de veredas, de veh\u00edculos o la riega innecesario con manguera, que justamente es en donde se desperdicia la mayor cantidad de este l\u00edquido vital para todos\u201c.<\/p>\n\n\n\n<p>Por su parte V\u00edctor Galarza, titular de Agua Potable SE, tuvo palabras de reflexi\u00f3n para los responsables de distribuir los fondos nacionales para la planificaci\u00f3n estrategia en materia h\u00eddrica, <strong>\u201chay muchas obras que podemos pensar y que demandan mucha inversi\u00f3n pero se pueden realizar de a poco, pero para eso tiene que existir una justa distribuci\u00f3n de los fondos de los recursos federales<\/strong>, sobre todo repartiendo equitativamente el presupuesto para obras en todas las provincias por igual y no como vemos que se destinan sumas considerables a los municipios y provincias que comparten el signo pol\u00edtico del partido de turno que ocupa el poder\u201d.<\/p>\n\n\n\n<p>Finalmente V\u00edctor Galarza, indic\u00f3, \u201cfue una <strong>reuni\u00f3n muy importante para planificar acciones de cooperaci\u00f3n y concientizaci\u00f3n en el uso correcto del agua<\/strong>, para evitar la escasez de agua en los barrios m\u00e1s altos, en donde justamente se resienten mucho en las \u00e9pocas de sequ\u00eda. B\u00e1sicamente hay que ajustar los peque\u00f1os detalles que hacen a la vida cotidiana como el llenado de piletas y piletines en horas de la ma\u00f1ana y cualquier mal empleo que pueda presentarse en cada domicilio\u201d.<\/p>\n","protected":false},"excerpt":{"rendered":"<p>Municipio y empresa estatal buscan aunar esfuerzos en el armado y diagramaci\u00f3n de campa\u00f1as de concientizaci\u00f3n e informaci\u00f3n para el uso correcto del agua potable El intendente Ra\u00fal \u201cChuli\u201d Jorge, acompa\u00f1ado del secretario de Serivcios P\u00fablicos, Guillermo Marenco, mantuvo una reuni\u00f3n con el presidente de Agua Potable SE V\u00edctor Galarza, para aunar esfuerzos en el [&hellip;]<\/p>\n","protected":false},"author":54,"featured_media":362069,"comment_status":"closed","ping_status":"closed","sticky":false,"template":"","format":"standard","meta":{"_stopmodifiedupdate":false,"_modified_date":"","inline_featured_image":false,"spay_email":"","jetpack_publicize_message":""},"categories":[2,514],"tags":[],"jetpack_featured_media_url":"https:\/\/notinor.com\/jujuy\/wp-content\/uploads\/2022\/11\/0089.png","jetpack_publicize_connections":[],"_links":{"self":[{"href":"https:\/\/notinor.com\/jujuy\/wp-json\/wp\/v2\/posts\/362068"}],"collection":[{"href":"https:\/\/notinor.com\/jujuy\/wp-json\/wp\/v2\/posts"}],"about":[{"href":"https:\/\/notinor.com\/jujuy\/wp-json\/wp\/v2\/types\/post"}],"author":[{"embeddable":true,"href":"https:\/\/notinor.com\/jujuy\/wp-json\/wp\/v2\/users\/54"}],"replies":[{"embeddable":true,"href":"https:\/\/notinor.com\/jujuy\/wp-json\/wp\/v2\/comments?post=362068"}],"version-history":[{"count":1,"href":"https:\/\/notinor.com\/jujuy\/wp-json\/wp\/v2\/posts\/362068\/revisions"}],"predecessor-version":[{"id":362070,"href":"https:\/\/notinor.com\/jujuy\/wp-json\/wp\/v2\/posts\/362068\/revisions\/362070"}],"wp:featuredmedia":[{"embeddable":true,"href":"https:\/\/notinor.com\/jujuy\/wp-json\/wp\/v2\/media\/362069"}],"wp:attachment":[{"href":"https:\/\/notinor.com\/jujuy\/wp-json\/wp\/v2\/media?parent=362068"}],"wp:term":[{"taxonomy":"category","embeddable":true,"href":"https:\/\/notinor.com\/jujuy\/wp-json\/wp\/v2\/categories?post=362068"},{"taxonomy":"post_tag","embeddable":true,"href":"https:\/\/notinor.com\/jujuy\/wp-json\/wp\/v2\/tags?post=362068"}],"curies":[{"name":"wp","href":"https:\/\/api.w.org\/{rel}","templated":true}]}}