{"id":362064,"date":"2022-11-13T08:45:44","date_gmt":"2022-11-13T11:45:44","guid":{"rendered":"https:\/\/notinor.com\/jujuy\/?p=362064"},"modified":"2022-11-13T08:45:49","modified_gmt":"2022-11-13T11:45:49","slug":"el-municipio-capitalino-presente-en-el-desfile-gaucho-del-dia-de-la-tradicion","status":"publish","type":"post","link":"https:\/\/notinor.com\/jujuy\/el-municipio-capitalino-presente-en-el-desfile-gaucho-del-dia-de-la-tradicion\/","title":{"rendered":"El municipio capitalino presente en el Desfile Gaucho del D\u00eda de la Tradici\u00f3n"},"content":{"rendered":"\n<p class=\"has-medium-font-size\"><strong><em>En representaci\u00f3n del intendente, Guillermo Marenco acompa\u00f1+o a gauchos y vecinos en el ev ento c\u00falmine de la Semana de la Tradici\u00f3n<\/em><\/strong><\/p>\n\n\n\n<figure class=\"wp-block-image size-large\"><img decoding=\"async\" loading=\"lazy\" width=\"715\" height=\"480\" src=\"https:\/\/notinor.com\/jujuy\/wp-content\/uploads\/2022\/11\/0076-715x480.png\" alt=\"\" class=\"wp-image-362065\" srcset=\"https:\/\/notinor.com\/jujuy\/wp-content\/uploads\/2022\/11\/0076-715x480.png 715w, https:\/\/notinor.com\/jujuy\/wp-content\/uploads\/2022\/11\/0076-543x365.png 543w, https:\/\/notinor.com\/jujuy\/wp-content\/uploads\/2022\/11\/0076.png 740w\" sizes=\"(max-width: 715px) 100vw, 715px\" \/><\/figure>\n\n\n\n<p><strong>Acompa\u00f1ando a los vecinos, vecinas y al gauchaje juje\u00f1o<\/strong>, en el tradicional desfile que se realiz\u00f3 en avenida Forestal de Alto Comedero, estuvo el secretario de Servicios P\u00fablicos, Guillermo Marenco, quien destac\u00f3 que<strong> para el intendente \u201cChuli\u201d Jorge, es una prioridad estar presente desde el municipio en todos estos encuentros que tengan que ver con la cultura y la tradici\u00f3n.<\/strong><\/p>\n\n\n\n<p>Este s\u00e1bado la Federaci\u00f3n Gaucha Juje\u00f1a culmin\u00f3 en Alto Comedero <strong>la Semana Provincial de la Tradici\u00f3n con una intensa jornada de actividades que tuvieron su punto de m\u00e1ximo brillo en el desfile gaucho por avenida Forestal, <\/strong>en el que la Municipalidad de San Salvador de Jujuy, a trav\u00e9s de la Secretar\u00eda de Servicios P\u00fablicos, brind\u00f3 su apoyo y acompa\u00f1amiento en la organizaci\u00f3n y log\u00edstica del evento.<\/p>\n\n\n\n<p>Al respecto, el secretario de Servicios P\u00fablicos, Guillermo Marenco, coment\u00f3, \u201cacompa\u00f1ando a la gente de la Federaci\u00f3n Gaucha Juje\u00f1a como corolario de lo que ha sido la Semana Provincial de la Tradici\u00f3n con este <strong>desfile gaucho que tambi\u00e9n nucle\u00f3 a instituciones culturales<\/strong> como los ballets folkl\u00f3ricos y todas las instituciones tradicionalistas que tienen que ver con esta tradici\u00f3n gaucha que tanto se ha adentrado en el pueblo juje\u00f1o\u201d.<\/p>\n\n\n\n<p>Continuando en esta l\u00ednea, destac\u00f3, \u201cfue una <strong>jornada muy linda; hubo una muy buena organizaci\u00f3n, como todos los a\u00f1os, <\/strong>que en forma conjunta brindamos, con la colaboraci\u00f3n del intendente \u201cChuli\u201d Jorge a todos estos acontecimientos y eventos\u201d, y agreg\u00f3, \u201cojal\u00e1 que podamos seguir despu\u00e9s de tantos a\u00f1os de pandemia disfrutando de estos lugares y momentos de encuentro con la comunidad juje\u00f1a y fundamentalmente con nuestro glorioso gauchaje juje\u00f1o\u201d.<\/p>\n\n\n\n<p>Haciendo un balance, sostuvo, \u201chemos acompa\u00f1ado todas las actividades, estamos gustosos con todo el despliegue de todas las secretar\u00edas de la Municipalidad de San Salvador de Jujuy;<strong> es una prioridad, para el intendente \u201cChuli\u201d Jorge, todos estos movimientos que tengan que ver con la cultura y la tradici\u00f3n\u201d.<\/strong><\/p>\n\n\n\n<p>Finalmente expres\u00f3, \u201cqueremos invitar a la gente a que sigan acompa\u00f1ando este tipo de acontecimientos, y<strong> al gauchaje a no abandonar este sentido y profundo apego a las tradiciones, bregar por una mejor ciudad, una mejor provincia y un mejor pa\u00eds lleno de argentinidad y tradiciones\u201d.<\/strong><\/p>\n","protected":false},"excerpt":{"rendered":"<p>En representaci\u00f3n del intendente, Guillermo Marenco acompa\u00f1+o a gauchos y vecinos en el ev ento c\u00falmine de la Semana de la Tradici\u00f3n Acompa\u00f1ando a los vecinos, vecinas y al gauchaje juje\u00f1o, en el tradicional desfile que se realiz\u00f3 en avenida Forestal de Alto Comedero, estuvo el secretario de Servicios P\u00fablicos, Guillermo Marenco, quien destac\u00f3 que [&hellip;]<\/p>\n","protected":false},"author":54,"featured_media":362065,"comment_status":"closed","ping_status":"closed","sticky":false,"template":"","format":"standard","meta":{"_stopmodifiedupdate":false,"_modified_date":"","inline_featured_image":false,"spay_email":"","jetpack_publicize_message":""},"categories":[514],"tags":[],"jetpack_featured_media_url":"https:\/\/notinor.com\/jujuy\/wp-content\/uploads\/2022\/11\/0076.png","jetpack_publicize_connections":[],"_links":{"self":[{"href":"https:\/\/notinor.com\/jujuy\/wp-json\/wp\/v2\/posts\/362064"}],"collection":[{"href":"https:\/\/notinor.com\/jujuy\/wp-json\/wp\/v2\/posts"}],"about":[{"href":"https:\/\/notinor.com\/jujuy\/wp-json\/wp\/v2\/types\/post"}],"author":[{"embeddable":true,"href":"https:\/\/notinor.com\/jujuy\/wp-json\/wp\/v2\/users\/54"}],"replies":[{"embeddable":true,"href":"https:\/\/notinor.com\/jujuy\/wp-json\/wp\/v2\/comments?post=362064"}],"version-history":[{"count":2,"href":"https:\/\/notinor.com\/jujuy\/wp-json\/wp\/v2\/posts\/362064\/revisions"}],"predecessor-version":[{"id":362067,"href":"https:\/\/notinor.com\/jujuy\/wp-json\/wp\/v2\/posts\/362064\/revisions\/362067"}],"wp:featuredmedia":[{"embeddable":true,"href":"https:\/\/notinor.com\/jujuy\/wp-json\/wp\/v2\/media\/362065"}],"wp:attachment":[{"href":"https:\/\/notinor.com\/jujuy\/wp-json\/wp\/v2\/media?parent=362064"}],"wp:term":[{"taxonomy":"category","embeddable":true,"href":"https:\/\/notinor.com\/jujuy\/wp-json\/wp\/v2\/categories?post=362064"},{"taxonomy":"post_tag","embeddable":true,"href":"https:\/\/notinor.com\/jujuy\/wp-json\/wp\/v2\/tags?post=362064"}],"curies":[{"name":"wp","href":"https:\/\/api.w.org\/{rel}","templated":true}]}}