{"id":361768,"date":"2022-11-10T09:10:10","date_gmt":"2022-11-10T12:10:10","guid":{"rendered":"https:\/\/notinor.com\/jujuy\/?p=361768"},"modified":"2022-11-10T09:10:14","modified_gmt":"2022-11-10T12:10:14","slug":"una-compania-francesa-invertira-700-millones-de-dolares-en-litio-argentino","status":"publish","type":"post","link":"https:\/\/notinor.com\/jujuy\/una-compania-francesa-invertira-700-millones-de-dolares-en-litio-argentino\/","title":{"rendered":"Una compa\u00f1\u00eda francesa invertir\u00e1 700 millones de d\u00f3lares en litio argentino"},"content":{"rendered":"\n<p class=\"has-medium-font-size\"><strong><em>El anuncio de Eramet coincide con la llegada a Par\u00eds de Alberto Fern\u00e1ndez. La explotaci\u00f3n ser\u00e1 en Centenario Ratones, el yacimiento ubicado a m\u00e1s de 4.000 metros en San Antonio de los Cobres, en Salta.<\/em><\/strong><\/p>\n\n\n\n<div class=\"wp-block-image\"><figure class=\"aligncenter size-large\"><img decoding=\"async\" loading=\"lazy\" width=\"678\" height=\"452\" src=\"https:\/\/notinor.com\/jujuy\/wp-content\/uploads\/2022\/11\/e84c9bca-e066-4789-becb-6eb463662759-1.jpg\" alt=\"\" class=\"wp-image-361774\" srcset=\"https:\/\/notinor.com\/jujuy\/wp-content\/uploads\/2022\/11\/e84c9bca-e066-4789-becb-6eb463662759-1.jpg 678w, https:\/\/notinor.com\/jujuy\/wp-content\/uploads\/2022\/11\/e84c9bca-e066-4789-becb-6eb463662759-1-548x365.jpg 548w\" sizes=\"(max-width: 678px) 100vw, 678px\" \/><\/figure><\/div>\n\n\n\n<p>Una buena noticia espera al presidente Alberto Fern\u00e1ndez este viernes, cuando aterrice al mediod\u00eda en Par\u00eds (Francia) para asistir al F\u00f3rum de la Paz, como invitado por parte del mandatario Emmanuel Macron: <strong>Eramine Sudamericana, empresa subsidiaria de la compa\u00f1\u00eda francesa Eramet, le anunciar\u00e1 a Alberto una inversi\u00f3n estrat\u00e9gica en litio argentino, en Centenario Ratones, su yacimiento ubicado a casi 4.000 metros de San Antonio de los Cobres en Salta, en Salta.<\/strong><\/p>\n\n\n\n<p><strong>\u201dEramet realiz\u00f3 un estudio para una pr\u00f3xima fase de su proyecto de litio en el norte, que aumentar\u00e1 considerablemente su capacidad de producci\u00f3n. La inversi\u00f3n total estimada es de alrededor de 770 millones de d\u00f3lares\u201d<\/strong>, adelant\u00f3 Archibaldo Lan\u00fas, el director-administrador de Eramine Sudamericana, que lleva 10 a\u00f1os promoviendo la explotaci\u00f3n de este mineral en Salta.<\/p>\n\n\n\n<p>\u201cA este monto, se le deben incluir los gastos de exploraci\u00f3n y de estudios que se realizaron antes de la decisi\u00f3n de inversi\u00f3n, <strong>alrededor de 50 millones de d\u00f3lares m\u00e1s, entre 2010 y 2018\u201d<\/strong>, explic\u00f3 el ejecutivo, en relaci\u00f3n a los desembolsos anteriores de la firma en la regi\u00f3n.<\/p>\n\n\n\n<p><strong>Eramet lleg\u00f3 al pa\u00eds en 2010. El CEO de Eramine es Daniel Chavez Diaz, de nacionalidad argentina, y con una gran experiencia en la industria del litio.<\/strong> Desde que inici\u00f3 sus operaciones a nivel nacional, la empresa francesa decidi\u00f3 instalarse en Salta, donde tiene radicada su actividad local.<\/p>\n\n\n\n<p>Actualmente, los recursos de este material en la Argentina est\u00e1n concentrados en tres provincias: Salta, Jujuy y Catamarca.<strong> El proyecto de litio de la minera francesa es uno de los 12 que ya est\u00e1n en marcha.<\/strong><\/p>\n\n\n\n<div class=\"wp-block-image\"><figure class=\"aligncenter size-large\"><img decoding=\"async\" loading=\"lazy\" width=\"701\" height=\"438\" src=\"https:\/\/notinor.com\/jujuy\/wp-content\/uploads\/2022\/11\/025a8474-b448-4c08-9ddb-807b1cfbc624.jpg\" alt=\"\" class=\"wp-image-361772\" srcset=\"https:\/\/notinor.com\/jujuy\/wp-content\/uploads\/2022\/11\/025a8474-b448-4c08-9ddb-807b1cfbc624.jpg 701w, https:\/\/notinor.com\/jujuy\/wp-content\/uploads\/2022\/11\/025a8474-b448-4c08-9ddb-807b1cfbc624-584x365.jpg 584w\" sizes=\"(max-width: 701px) 100vw, 701px\" \/><\/figure><\/div>\n\n\n\n<p><strong>\u201cTras su llegada a la Argentina, los t\u00e9cnicos franceses se enfocaron en Salta, ya que identificamos diferentes salares con potencial en litio y que no hab\u00edan sido explorados\u201d<\/strong>, asegur\u00f3 Lan\u00fas sobre por qu\u00e9 la empresa eligi\u00f3 a Salta para sus desarrollos.<\/p>\n\n\n\n<p>Actualmente, Eramet se encuentra avanzando en la etapa de construcci\u00f3n. <strong>El objetivo es comenzar a producir en la primera mitad de 2024, <\/strong>con el objetivo de alcanzar r\u00e1pidamente un ritmo de 24.000 toneladas por a\u00f1o de carbonato de litio calidad bater\u00eda. <strong>La previsi\u00f3n es que se generar\u00e1n m\u00e1s de 2.000 puestos de trabajo directos e indirectos en esa mina.<\/strong><\/p>\n\n\n\n<p>La inversi\u00f3n francesa se produce en un contexto de una cr\u00edtica situaci\u00f3n econ\u00f3mica. As\u00ed las cosas,<strong> el panorama no desalienta a los empresarios, que observan la potencialidad argentina y la necesidad de hacer crecer su operaci\u00f3n.<\/strong> En ese sentido, Lan\u00fas, economista est\u00e1 convencido que la Argentina puede ser \u201cbig player\u201d en el mercado mundial del litio.<\/p>\n\n\n\n<p><br><strong>\u201dEl sistema cambiario argentino representa un desaf\u00edo al momento de buscar financiamiento para proyectos de inversi\u00f3n extranjera en el pa\u00eds. <\/strong>Pero el marco legal es favorable: el Gobierno, a trav\u00e9s de los decretos 234 y 836 publicados en 2021, dio un paso en el camino para brindar a los inversores extranjeros un marco normativo para desarrollar proyectos destinados a la exportaci\u00f3n. Estos decretos contribuyeron a la decisi\u00f3n de Eramet de concretar la inversi\u00f3n en el proyecto de litio. <strong>La empresa tiene gran confianza en el futuro de Argentina y yo colabor\u00e9 para consolidar esa perspectiva, cerr\u00f3 Lan\u00fas.<\/strong><\/p>\n","protected":false},"excerpt":{"rendered":"<p>El anuncio de Eramet coincide con la llegada a Par\u00eds de Alberto Fern\u00e1ndez. La explotaci\u00f3n ser\u00e1 en Centenario Ratones, el yacimiento ubicado a m\u00e1s de 4.000 metros en San Antonio de los Cobres, en Salta. Una buena noticia espera al presidente Alberto Fern\u00e1ndez este viernes, cuando aterrice al mediod\u00eda en Par\u00eds (Francia) para asistir al [&hellip;]<\/p>\n","protected":false},"author":37,"featured_media":361770,"comment_status":"open","ping_status":"open","sticky":false,"template":"","format":"standard","meta":{"_stopmodifiedupdate":false,"_modified_date":"","inline_featured_image":false,"spay_email":"","jetpack_publicize_message":""},"categories":[1158,2553],"tags":[],"jetpack_featured_media_url":"https:\/\/notinor.com\/jujuy\/wp-content\/uploads\/2022\/11\/0f9de018-248d-4ad0-82d1-923385ea6760-1-1.jpg","jetpack_publicize_connections":[],"_links":{"self":[{"href":"https:\/\/notinor.com\/jujuy\/wp-json\/wp\/v2\/posts\/361768"}],"collection":[{"href":"https:\/\/notinor.com\/jujuy\/wp-json\/wp\/v2\/posts"}],"about":[{"href":"https:\/\/notinor.com\/jujuy\/wp-json\/wp\/v2\/types\/post"}],"author":[{"embeddable":true,"href":"https:\/\/notinor.com\/jujuy\/wp-json\/wp\/v2\/users\/37"}],"replies":[{"embeddable":true,"href":"https:\/\/notinor.com\/jujuy\/wp-json\/wp\/v2\/comments?post=361768"}],"version-history":[{"count":1,"href":"https:\/\/notinor.com\/jujuy\/wp-json\/wp\/v2\/posts\/361768\/revisions"}],"predecessor-version":[{"id":361776,"href":"https:\/\/notinor.com\/jujuy\/wp-json\/wp\/v2\/posts\/361768\/revisions\/361776"}],"wp:featuredmedia":[{"embeddable":true,"href":"https:\/\/notinor.com\/jujuy\/wp-json\/wp\/v2\/media\/361770"}],"wp:attachment":[{"href":"https:\/\/notinor.com\/jujuy\/wp-json\/wp\/v2\/media?parent=361768"}],"wp:term":[{"taxonomy":"category","embeddable":true,"href":"https:\/\/notinor.com\/jujuy\/wp-json\/wp\/v2\/categories?post=361768"},{"taxonomy":"post_tag","embeddable":true,"href":"https:\/\/notinor.com\/jujuy\/wp-json\/wp\/v2\/tags?post=361768"}],"curies":[{"name":"wp","href":"https:\/\/api.w.org\/{rel}","templated":true}]}}