{"id":360755,"date":"2022-11-02T08:25:29","date_gmt":"2022-11-02T11:25:29","guid":{"rendered":"https:\/\/notinor.com\/jujuy\/?p=360755"},"modified":"2022-11-02T10:41:20","modified_gmt":"2022-11-02T13:41:20","slug":"garcia-mario-anastacio","status":"publish","type":"post","link":"https:\/\/notinor.com\/jujuy\/garcia-mario-anastacio\/","title":{"rendered":"GARCIA, Mario Anastacio"},"content":{"rendered":"\n<p><strong>Falleci\u00f3 el d\u00eda 31 de octubre de 2022, a hs. 23:50. C.A.S.R. y B.P., a la edad de 78 a\u00f1os. Su esposa: Mar\u00eda Ang\u00e9lica Flores de Garcia; sus hijos: Cesar, \u00c9rica y Romina, sus hijos pol\u00edticos: Pablo y Carolina; sus nietos: Lautaro, Lujan, Lourdes, Enzo, Guillermina y dem\u00e1s familiares participan con profundo dolor su fallecimiento y comunican que sus restos ser\u00e1n inhumados hoy 02 de noviembre a hs. 11:00 en el cementerio Jard\u00edn del Castillo. FAE. Casa de duelo salas Arenales de empresa La Piedad sita en Arenales 1145. Servicio empresa La Piedad SA. Salta 727 S.S. de Jujuy. Tel. 0388-4222487. L\u00ednea gratuita 0800-444.5274.<\/strong><\/p>\n","protected":false},"excerpt":{"rendered":"<p>Falleci\u00f3 el d\u00eda 31 de octubre de 2022, a hs. 23:50. C.A.S.R. y B.P., a la edad de 78 a\u00f1os. Su esposa: Mar\u00eda Ang\u00e9lica Flores de Garcia; sus hijos: Cesar, \u00c9rica y Romina, sus hijos pol\u00edticos: Pablo y Carolina; sus nietos: Lautaro, Lujan, Lourdes, Enzo, Guillermina y dem\u00e1s familiares participan con profundo dolor su fallecimiento [&hellip;]<\/p>\n","protected":false},"author":5,"featured_media":129720,"comment_status":"open","ping_status":"open","sticky":false,"template":"","format":"standard","meta":{"_stopmodifiedupdate":false,"_modified_date":"","inline_featured_image":false,"spay_email":"","jetpack_publicize_message":""},"categories":[523],"tags":[],"jetpack_featured_media_url":"https:\/\/notinor.com\/jujuy\/wp-content\/uploads\/2017\/08\/Obituarios1.jpg","jetpack_publicize_connections":[],"_links":{"self":[{"href":"https:\/\/notinor.com\/jujuy\/wp-json\/wp\/v2\/posts\/360755"}],"collection":[{"href":"https:\/\/notinor.com\/jujuy\/wp-json\/wp\/v2\/posts"}],"about":[{"href":"https:\/\/notinor.com\/jujuy\/wp-json\/wp\/v2\/types\/post"}],"author":[{"embeddable":true,"href":"https:\/\/notinor.com\/jujuy\/wp-json\/wp\/v2\/users\/5"}],"replies":[{"embeddable":true,"href":"https:\/\/notinor.com\/jujuy\/wp-json\/wp\/v2\/comments?post=360755"}],"version-history":[{"count":1,"href":"https:\/\/notinor.com\/jujuy\/wp-json\/wp\/v2\/posts\/360755\/revisions"}],"predecessor-version":[{"id":360756,"href":"https:\/\/notinor.com\/jujuy\/wp-json\/wp\/v2\/posts\/360755\/revisions\/360756"}],"wp:featuredmedia":[{"embeddable":true,"href":"https:\/\/notinor.com\/jujuy\/wp-json\/wp\/v2\/media\/129720"}],"wp:attachment":[{"href":"https:\/\/notinor.com\/jujuy\/wp-json\/wp\/v2\/media?parent=360755"}],"wp:term":[{"taxonomy":"category","embeddable":true,"href":"https:\/\/notinor.com\/jujuy\/wp-json\/wp\/v2\/categories?post=360755"},{"taxonomy":"post_tag","embeddable":true,"href":"https:\/\/notinor.com\/jujuy\/wp-json\/wp\/v2\/tags?post=360755"}],"curies":[{"name":"wp","href":"https:\/\/api.w.org\/{rel}","templated":true}]}}