{"id":360753,"date":"2022-11-02T08:20:04","date_gmt":"2022-11-02T11:20:04","guid":{"rendered":"https:\/\/notinor.com\/jujuy\/?p=360753"},"modified":"2022-11-02T10:37:19","modified_gmt":"2022-11-02T13:37:19","slug":"veramendi-beatriz","status":"publish","type":"post","link":"https:\/\/notinor.com\/jujuy\/veramendi-beatriz\/","title":{"rendered":"VERAMENDI, Beatriz"},"content":{"rendered":"\n<p><strong>Falleci\u00f3 el d\u00eda 01 de noviembre de 2022, a la edad de 85 a\u00f1os en S.S.de Jujuy,. \u201cCon tu triste partida toda tu familia se enluta\u201d. Su hijo: Cristian El\u00edas; sus nietas: Ambar El\u00edas y Celeste Saucedo, dem\u00e1s familiares y amigos participan con profundo dolor su fallecimiento, comunican que sus restos son velados en sala velatoria, calle Independencia 1185 B\u00b0 Centro, S.S. de Jujuy y ser\u00e1n inhumados hoy 02 de noviembre a hs. 11:30 en el cementerio parque El Solar. La familia agradece a todas las personas piadosas que los acompa\u00f1an en estos momentos de profundo dolor y tristeza; se ruega elevar una plegaria para el eterno descanso de su alma. Exequias y ceremonial empresa Werchow Servicios Sociales SRL, Independencia 1185. S.S. de Jujuy. Tel. guardia 4228433. Celular guardia 24 horas 388-154177373<\/strong>.<\/p>\n","protected":false},"excerpt":{"rendered":"<p>Falleci\u00f3 el d\u00eda 01 de noviembre de 2022, a la edad de 85 a\u00f1os en S.S.de Jujuy,. \u201cCon tu triste partida toda tu familia se enluta\u201d. Su hijo: Cristian El\u00edas; sus nietas: Ambar El\u00edas y Celeste Saucedo, dem\u00e1s familiares y amigos participan con profundo dolor su fallecimiento, comunican que sus restos son velados en sala [&hellip;]<\/p>\n","protected":false},"author":5,"featured_media":129720,"comment_status":"open","ping_status":"open","sticky":false,"template":"","format":"standard","meta":{"_stopmodifiedupdate":false,"_modified_date":"","inline_featured_image":false,"spay_email":"","jetpack_publicize_message":""},"categories":[523],"tags":[],"jetpack_featured_media_url":"https:\/\/notinor.com\/jujuy\/wp-content\/uploads\/2017\/08\/Obituarios1.jpg","jetpack_publicize_connections":[],"_links":{"self":[{"href":"https:\/\/notinor.com\/jujuy\/wp-json\/wp\/v2\/posts\/360753"}],"collection":[{"href":"https:\/\/notinor.com\/jujuy\/wp-json\/wp\/v2\/posts"}],"about":[{"href":"https:\/\/notinor.com\/jujuy\/wp-json\/wp\/v2\/types\/post"}],"author":[{"embeddable":true,"href":"https:\/\/notinor.com\/jujuy\/wp-json\/wp\/v2\/users\/5"}],"replies":[{"embeddable":true,"href":"https:\/\/notinor.com\/jujuy\/wp-json\/wp\/v2\/comments?post=360753"}],"version-history":[{"count":1,"href":"https:\/\/notinor.com\/jujuy\/wp-json\/wp\/v2\/posts\/360753\/revisions"}],"predecessor-version":[{"id":360754,"href":"https:\/\/notinor.com\/jujuy\/wp-json\/wp\/v2\/posts\/360753\/revisions\/360754"}],"wp:featuredmedia":[{"embeddable":true,"href":"https:\/\/notinor.com\/jujuy\/wp-json\/wp\/v2\/media\/129720"}],"wp:attachment":[{"href":"https:\/\/notinor.com\/jujuy\/wp-json\/wp\/v2\/media?parent=360753"}],"wp:term":[{"taxonomy":"category","embeddable":true,"href":"https:\/\/notinor.com\/jujuy\/wp-json\/wp\/v2\/categories?post=360753"},{"taxonomy":"post_tag","embeddable":true,"href":"https:\/\/notinor.com\/jujuy\/wp-json\/wp\/v2\/tags?post=360753"}],"curies":[{"name":"wp","href":"https:\/\/api.w.org\/{rel}","templated":true}]}}