{"id":360745,"date":"2022-11-02T08:10:48","date_gmt":"2022-11-02T11:10:48","guid":{"rendered":"https:\/\/notinor.com\/jujuy\/?p=360745"},"modified":"2022-11-02T10:25:26","modified_gmt":"2022-11-02T13:25:26","slug":"costilla-martina","status":"publish","type":"post","link":"https:\/\/notinor.com\/jujuy\/costilla-martina\/","title":{"rendered":"COSTILLA, Martina"},"content":{"rendered":"\n<p><strong>Falleci\u00f3 el d\u00eda 31 de octubre de 2022, a hs. 22:30. C.A.S.R. y B.P., a la edad de 83 a\u00f1os. Sus hijos: Roberto, Olga, Ernesto y Lorena Costilla; sus nietos: Fabio, Romina, Adri\u00e1n, Bel\u00e9n, Daniel, Jorge y Gabriela; sus bisnietos; su tataranieta participan con profundo dolor su fallecimiento y comunican que sus restos fueron inhumados ayer 01 de noviembre en el cementerio Nuestra Se\u00f1ora del Rosario. FAE. Casa de duelo salas Arenales de empresa La Piedad sita en Arenales 1145. Servicio empresa La Piedad SA. Salta 727 S.S.de Jujuy. Tel. 0388-4222487. L\u00ednea gratuita 0800-444-5274.<\/strong><\/p>\n","protected":false},"excerpt":{"rendered":"<p>Falleci\u00f3 el d\u00eda 31 de octubre de 2022, a hs. 22:30. C.A.S.R. y B.P., a la edad de 83 a\u00f1os. Sus hijos: Roberto, Olga, Ernesto y Lorena Costilla; sus nietos: Fabio, Romina, Adri\u00e1n, Bel\u00e9n, Daniel, Jorge y Gabriela; sus bisnietos; su tataranieta participan con profundo dolor su fallecimiento y comunican que sus restos fueron inhumados [&hellip;]<\/p>\n","protected":false},"author":5,"featured_media":129720,"comment_status":"open","ping_status":"open","sticky":false,"template":"","format":"standard","meta":{"_stopmodifiedupdate":false,"_modified_date":"","inline_featured_image":false,"spay_email":"","jetpack_publicize_message":""},"categories":[523],"tags":[],"jetpack_featured_media_url":"https:\/\/notinor.com\/jujuy\/wp-content\/uploads\/2017\/08\/Obituarios1.jpg","jetpack_publicize_connections":[],"_links":{"self":[{"href":"https:\/\/notinor.com\/jujuy\/wp-json\/wp\/v2\/posts\/360745"}],"collection":[{"href":"https:\/\/notinor.com\/jujuy\/wp-json\/wp\/v2\/posts"}],"about":[{"href":"https:\/\/notinor.com\/jujuy\/wp-json\/wp\/v2\/types\/post"}],"author":[{"embeddable":true,"href":"https:\/\/notinor.com\/jujuy\/wp-json\/wp\/v2\/users\/5"}],"replies":[{"embeddable":true,"href":"https:\/\/notinor.com\/jujuy\/wp-json\/wp\/v2\/comments?post=360745"}],"version-history":[{"count":1,"href":"https:\/\/notinor.com\/jujuy\/wp-json\/wp\/v2\/posts\/360745\/revisions"}],"predecessor-version":[{"id":360746,"href":"https:\/\/notinor.com\/jujuy\/wp-json\/wp\/v2\/posts\/360745\/revisions\/360746"}],"wp:featuredmedia":[{"embeddable":true,"href":"https:\/\/notinor.com\/jujuy\/wp-json\/wp\/v2\/media\/129720"}],"wp:attachment":[{"href":"https:\/\/notinor.com\/jujuy\/wp-json\/wp\/v2\/media?parent=360745"}],"wp:term":[{"taxonomy":"category","embeddable":true,"href":"https:\/\/notinor.com\/jujuy\/wp-json\/wp\/v2\/categories?post=360745"},{"taxonomy":"post_tag","embeddable":true,"href":"https:\/\/notinor.com\/jujuy\/wp-json\/wp\/v2\/tags?post=360745"}],"curies":[{"name":"wp","href":"https:\/\/api.w.org\/{rel}","templated":true}]}}