{"id":360685,"date":"2022-11-02T08:10:44","date_gmt":"2022-11-02T11:10:44","guid":{"rendered":"https:\/\/notinor.com\/jujuy\/?p=360685"},"modified":"2022-11-02T08:11:10","modified_gmt":"2022-11-02T11:11:10","slug":"el-acusado-de-asesinar-a-andres-blaquier-se-escapo-de-un-instituto-de-menores-en-mayo","status":"publish","type":"post","link":"https:\/\/notinor.com\/jujuy\/el-acusado-de-asesinar-a-andres-blaquier-se-escapo-de-un-instituto-de-menores-en-mayo\/","title":{"rendered":"El acusado de asesinar a Andr\u00e9s Blaquier se escap\u00f3 de un instituto de menores en mayo"},"content":{"rendered":"\n<p class=\"has-medium-font-size\"><em><strong>Luciano Gonz\u00e1lez, que ya fue arrestado, se fug\u00f3 del Centro Cerrado Almafuerte de La Plata, saltando un cerco perimetral. Tras negarse a declarar por el crimen del empresario, permanecer\u00e1 detenido.<\/strong><\/em><\/p>\n\n\n\n<figure class=\"wp-block-image size-large is-resized\"><img decoding=\"async\" loading=\"lazy\" src=\"https:\/\/notinor.com\/jujuy\/wp-content\/uploads\/2022\/11\/blue-99.jpg\" alt=\"\" class=\"wp-image-360686\" width=\"1122\" height=\"561\" srcset=\"https:\/\/notinor.com\/jujuy\/wp-content\/uploads\/2022\/11\/blue-99.jpg 600w, https:\/\/notinor.com\/jujuy\/wp-content\/uploads\/2022\/11\/blue-99-360x180.jpg 360w\" sizes=\"(max-width: 1122px) 100vw, 1122px\" \/><\/figure>\n\n\n\n<p><strong>Durante la ma\u00f1ana de lunes, la DDI de Pilar de la Polic\u00eda Bonaerense arrest\u00f3 a Luciano Jes\u00fas Gonz\u00e1lez, alias \u201cLucianito\u201d, el acusado de asesinar a tiros al empresario Andr\u00e9s Blaquier para robarle su moto BMW en la Panamericana.<\/strong> Sobre el imputado, que cumpli\u00f3 18 a\u00f1os el pasado 10 de septiembre, pesa un prontuario criminal temible. En las \u00faltimas horas, adem\u00e1s, se conoci\u00f3 otro dato: se hab\u00eda escapado de un Instituto de Menores el 30 de mayo.<\/p>\n\n\n\n<p><strong>Todo comenz\u00f3 hace exactamente 154 d\u00edas. <\/strong>\u201cLucianito\u201d, que en ese momento era menor de edad y estaba detenido en el Centro Cerrado Almafuerte de la ciudad de La Plata por los delitos de robo agravado por el uso de arma de fuego en concurso real con \u201chomicidio criminis causa\u201d en grado de tentativa, encubrimiento y robo agravado por el uso de arma de fuego, cruz\u00f3 el cerco perimetral y abandon\u00f3 la Instituci\u00f3n haciendo caso omiso a las indicaciones del personal de dicho centro que, a los gritos, le ped\u00eda que se detuviera.<\/p>\n\n\n\n<p><strong>Seg\u00fan se supo, luego de saltar el cerco, \u201cLucianito\u201d corri\u00f3 a toda velocidad hasta que lo perdieron de vista.<\/strong> Por todo eso fue declarado \u201crebelde\u201d y la Justicia orden\u00f3 su detenci\u00f3n. La misma se concret\u00f3 este lunes 31 de octubre a la ma\u00f1ana, cuando la familia que lo refugiaba en una casa de la calle Las Hortensias lo entreg\u00f3 al ver los patrulleros en el lugar.<\/p>\n\n\n\n<p><strong>El lunes al mediod\u00eda, el sospechoso comenz\u00f3 su indagatoria ante el fiscal del caso, Gonzalo Ag\u00fcero, pero se neg\u00f3 a declarar.<\/strong> Las pruebas no lo beneficiaban. Para empezar, la Justicia cuenta con el video completo del crimen y su fuga que lo muestra con la moto de la v\u00edctima -que estrell\u00f3 contra un poste y abandon\u00f3-, as\u00ed como reconstrucciones que muestran tambi\u00e9n a su novia y piloto, Brisa Villareal, que tambi\u00e9n fue detenida.<\/p>\n\n\n\n<div class=\"wp-block-image\"><figure class=\"aligncenter\"><img decoding=\"async\" src=\"https:\/\/fotos.perfil.com\/\/2022\/10\/30\/900\/0\/profugo-de-matar-a-blaquier-20221030-1445196.jpg\" alt=\"Qui\u00e9n es &quot;Lucianito&quot;, el acusado del crimen de Andr\u00e9s Blaquier | Perfil\"\/><\/figure><\/div>\n\n\n\n<p><strong>Tras darse a la fuga del Instituto, a Luciano Jes\u00fas Gonz\u00e1lez lo acusaron de dos robos y del asesinato con robo de Andr\u00e9s Blaquier.<\/strong> De hecho, cinco d\u00edas antes del crimen, un principal de la Bonaerense lo hab\u00eda buscado en su barrio Maquinista Savio. Lo hab\u00eda enviado un fiscal de menores de Campana, que investigaba una causa por robo.<\/p>\n\n\n\n<p><strong>\u201cLucianito\u201d, que sol\u00eda mostrarse en Instagram con armas y d\u00f3lares, tiene cuatro ingresos en el sistema, dos como menor, dos como mayor. <\/strong>El primer ingreso data de cuando ten\u00eda 16 a\u00f1os, 12 de septiembre de 2020, en la Comisar\u00eda 4\u00b0 de Pilar, robo calificado de una camioneta Citro\u00ebn Aircross. Se le secuestr\u00f3 un revolver .38 largo. Un a\u00f1o y dos d\u00edas despu\u00e9s, cay\u00f3 por robo agravado y encubrimiento, causa de la UFI Penal Juvenil de Pilar. El veh\u00edculo fue hallado en mayo de este a\u00f1o.<\/p>\n\n\n\n<p><strong>El 17 de septiembre \u00faltimo, una semana despu\u00e9s de su cumplea\u00f1os n\u00famero 18, se le imput\u00f3 el delito de robo agravado de un auto, en poblado y en banda, zona de Loma Verde. <\/strong>Luego, un mes m\u00e1s tarde, le imputaron otro asalto en una helader\u00eda de la zona de Loma Verde, lo que llev\u00f3 a que un principal de la Bonaerense vaya a buscarlo a su barrio, con un informe presentado cuatro d\u00edas antes del asesinato de Blaquier.<\/p>\n\n\n\n<p><img decoding=\"async\" loading=\"lazy\" height=\"1100\" width=\"1920\" srcset=\"https:\/\/www.infobae.com\/new-resizer\/llGDUZ2JLzgmdpQ0EY4db62Rk5A=\/992x606\/filters:format(webp):quality(85)\/cloudfront-us-east-1.images.arcpublishing.com\/infobae\/FXNTRBRDONGETG3IYDCAP6TNVQ.jpg 992w\" alt=\"Las im\u00e1genes de los motochorros tomadas por las c\u00e1maras de seguridad\n\" class=\"\" src=\"https:\/\/cloudfront-us-east-1.images.arcpublishing.com\/infobae\/FXNTRBRDONGETG3IYDCAP6TNVQ.jpg\"><\/p>\n\n\n\n<p><strong>Un polic\u00eda de Pilar fue el primer contacto del principal. Su colega le asegur\u00f3 que hab\u00eda intervenido en otros hechos donde se sospechaba de Gonz\u00e1lez y de un compa\u00f1ero, que eran conocidos en la zona y que los vecinos tem\u00edan hablar de ellos por miedo a represalias. <\/strong>El principal fue a la localidad bonaerense de Lagomarsino, partido de Pilar, donde se entrevist\u00f3 con vecinos. El temor era evidente. Sin embargo, el principal no se fue del barrio con las manos vac\u00edas. Alguien le marc\u00f3 los lugares donde dorm\u00eda:\u00a0la casa de su madre y la de sus primas.<\/p>\n\n\n\n<p><strong>Entonces, fue a la casa de la madre del joven, sobre la calle Beliera, donde hab\u00eda o\u00eddo que el joven era visto de noche, una construcci\u00f3n precaria con techo de chapa.<\/strong> Luego a la de las primas, que tambi\u00e9n ocupaba su novia, sobre la ex Ruta 26, pero\u00a0<strong>\u201cLucianito\u201d\u00a0<\/strong>no fue encontrado. Luego, seg\u00fan la acusaci\u00f3n en su contra, mat\u00f3 a Blaquier a sangre fr\u00eda.<\/p>\n","protected":false},"excerpt":{"rendered":"<p>Luciano Gonz\u00e1lez, que ya fue arrestado, se fug\u00f3 del Centro Cerrado Almafuerte de La Plata, saltando un cerco perimetral. Tras negarse a declarar por el crimen del empresario, permanecer\u00e1 detenido. Durante la ma\u00f1ana de lunes, la DDI de Pilar de la Polic\u00eda Bonaerense arrest\u00f3 a Luciano Jes\u00fas Gonz\u00e1lez, alias \u201cLucianito\u201d, el acusado de asesinar a [&hellip;]<\/p>\n","protected":false},"author":40,"featured_media":360686,"comment_status":"open","ping_status":"open","sticky":false,"template":"","format":"standard","meta":{"_stopmodifiedupdate":false,"_modified_date":"","inline_featured_image":false,"spay_email":"","jetpack_publicize_message":""},"categories":[3],"tags":[189,2556,1325],"jetpack_featured_media_url":"https:\/\/notinor.com\/jujuy\/wp-content\/uploads\/2022\/11\/blue-99.jpg","jetpack_publicize_connections":[],"_links":{"self":[{"href":"https:\/\/notinor.com\/jujuy\/wp-json\/wp\/v2\/posts\/360685"}],"collection":[{"href":"https:\/\/notinor.com\/jujuy\/wp-json\/wp\/v2\/posts"}],"about":[{"href":"https:\/\/notinor.com\/jujuy\/wp-json\/wp\/v2\/types\/post"}],"author":[{"embeddable":true,"href":"https:\/\/notinor.com\/jujuy\/wp-json\/wp\/v2\/users\/40"}],"replies":[{"embeddable":true,"href":"https:\/\/notinor.com\/jujuy\/wp-json\/wp\/v2\/comments?post=360685"}],"version-history":[{"count":2,"href":"https:\/\/notinor.com\/jujuy\/wp-json\/wp\/v2\/posts\/360685\/revisions"}],"predecessor-version":[{"id":360688,"href":"https:\/\/notinor.com\/jujuy\/wp-json\/wp\/v2\/posts\/360685\/revisions\/360688"}],"wp:featuredmedia":[{"embeddable":true,"href":"https:\/\/notinor.com\/jujuy\/wp-json\/wp\/v2\/media\/360686"}],"wp:attachment":[{"href":"https:\/\/notinor.com\/jujuy\/wp-json\/wp\/v2\/media?parent=360685"}],"wp:term":[{"taxonomy":"category","embeddable":true,"href":"https:\/\/notinor.com\/jujuy\/wp-json\/wp\/v2\/categories?post=360685"},{"taxonomy":"post_tag","embeddable":true,"href":"https:\/\/notinor.com\/jujuy\/wp-json\/wp\/v2\/tags?post=360685"}],"curies":[{"name":"wp","href":"https:\/\/api.w.org\/{rel}","templated":true}]}}