{"id":360647,"date":"2022-11-01T21:31:27","date_gmt":"2022-11-02T00:31:27","guid":{"rendered":"https:\/\/notinor.com\/jujuy\/?p=360647"},"modified":"2022-11-01T21:37:34","modified_gmt":"2022-11-02T00:37:34","slug":"funcionaria-de-la-oea-visita-la-ciudad-para-intercambiar-experiencias","status":"publish","type":"post","link":"https:\/\/notinor.com\/jujuy\/funcionaria-de-la-oea-visita-la-ciudad-para-intercambiar-experiencias\/","title":{"rendered":"Funcionaria de la OEA visita la ciudad para intercambiar experiencias"},"content":{"rendered":"\n<p class=\"has-medium-font-size\">El intendente Ra\u00fal \u201cChuli\u201d Jorge recibi\u00f3 a Iris Gonz\u00e1lez de Valenzuela, directora de la Secretar\u00eda Nacional de Discapacidad (Senadis) de Panam\u00e1, qui\u00e9n es la nueva presidenta y la primera mujer en estar al frente del Comit\u00e9 de la OEA contra la discriminaci\u00f3n a personas con discapacidad. Durante la reuni\u00f3n intercambiaron experiencias y dialogaron acerca de los trabajos y compromisos de la ciudad en materia de inclusi\u00f3n.<\/p>\n\n\n\n<figure class=\"wp-block-image size-large\"><img decoding=\"async\" loading=\"lazy\" width=\"759\" height=\"411\" src=\"https:\/\/notinor.com\/jujuy\/wp-content\/uploads\/2022\/11\/0001.png\" alt=\"\" class=\"wp-image-360648\" srcset=\"https:\/\/notinor.com\/jujuy\/wp-content\/uploads\/2022\/11\/0001.png 759w, https:\/\/notinor.com\/jujuy\/wp-content\/uploads\/2022\/11\/0001-660x357.png 660w, https:\/\/notinor.com\/jujuy\/wp-content\/uploads\/2022\/11\/0001-750x406.png 750w\" sizes=\"(max-width: 759px) 100vw, 759px\" \/><\/figure>\n\n\n\n<p>En una visita protocolar al Municipio, fue recibida por el intendente Ra\u00fal Jorge; el presidente del Concejo Deliberante, Lisandro Aguiar; la coordinadora general de Intendencia, Sandra Batistella; el secretario de Desarrollo Humano, Rodrigo Altea; el coordinador gral de Desarrollo Humano Sergio Morales y la directora de Asistencia Directa, Marisa Garcia.<\/p>\n\n\n\n<p>En este contexto Rodrigo Altea indic\u00f3 que \u201ca trav\u00e9s de la decisi\u00f3n tomada por el departamento ejecutivo acompa\u00f1ada en forma previa por ordenanzas que nos otorg\u00f3 el Concejo Deliberante, <strong>venimos desarrollando una serie de acciones que marca la transversalidad con pol\u00edticas p\u00fablicas en materia de discapacidad<\/strong> que es la visibilizaci\u00f3n, el respeto a los derechos de todas las personas, entre ellas, la comunidad que nuclea a las personas con discapacidad y hoy con este intercambio de experiencias a trav\u00e9s de una funcionaria de Panam\u00e1 que tiene una funci\u00f3n central, en lo que es el monitoreo a trav\u00e9s de la OEA, as\u00ed que <strong>aprovechando esta oportunidad para el intercambio de experiencias y seguir apostando a una ciudad m\u00e1s inclusiva\u201d.<\/strong><\/p>\n\n\n\n<p>Por su parte, Iris Gonz\u00e1les, detall\u00f3 que \u201cformando parte de la OEA, del Comit\u00e9 para la Eliminaci\u00f3n de Todas las Formas de Discriminaci\u00f3n contra las Personas con Discapacidad (CEDDIS), estamos llevando adelante un programa de no discriminaci\u00f3n de las personas con discapacidad en mi pa\u00eds, Panam\u00e1, y tambi\u00e9n en busca del respeto de los Derechos Humanos de las personas con discapacidad de la ONU, tuvimos una reuni\u00f3n en Buenos Aires, sobre el Programa Iberoamericano de Discapacidad que da seguimiento al cumplimiento de las diferentes convenciones y, <strong>estoy en Jujuy buscando intercambios de nuevas experiencias sobre esta tem\u00e1tica, que me ayuden a fortalecer esto en mi pa\u00eds, <\/strong>y estar\u00e9 brindando una peque\u00f1a conferencia hablando de lo que es la Secretar\u00eda Nacional de Discapacidad en Panam\u00e1 y el trabajo que estamos realizando\u201d.<\/p>\n\n\n\n<p>Por su parte, Marisa Garc\u00eda, directora de Asistencia Directa, explic\u00f3 que \u201csiguiendo lo que es este hilo conductor del Municipio <strong>avanzamos en temas tan importantes para la sociedad, as\u00ed que estamos dando la bienvenida y apertura a todas las acciones que signifiquen mayor inclusi\u00f3n.<\/strong> Desde el la Direcci\u00f3n de Asistencia Directa, trabajamos con el banco de \u00f3rtesis y pr\u00f3tesis dando respuesta diariamente a la gran demanda de elementos de discapacidad como sillas de ruedas, por el momento no estamos trabajando con pr\u00f3tesis pero s\u00ed con elementos de \u00f3rtesis que est\u00e1n a disposici\u00f3n para todas las personas vulnerables y que necesiten una respuesta inmediata\u201d.<\/p>\n","protected":false},"excerpt":{"rendered":"<p>El intendente Ra\u00fal \u201cChuli\u201d Jorge recibi\u00f3 a Iris Gonz\u00e1lez de Valenzuela, directora de la Secretar\u00eda Nacional de Discapacidad (Senadis) de Panam\u00e1, qui\u00e9n es la nueva presidenta y la primera mujer en estar al frente del Comit\u00e9 de la OEA contra la discriminaci\u00f3n a personas con discapacidad. Durante la reuni\u00f3n intercambiaron experiencias y dialogaron acerca de [&hellip;]<\/p>\n","protected":false},"author":54,"featured_media":360648,"comment_status":"closed","ping_status":"closed","sticky":false,"template":"","format":"standard","meta":{"_stopmodifiedupdate":false,"_modified_date":"","inline_featured_image":false,"spay_email":"","jetpack_publicize_message":""},"categories":[490],"tags":[],"jetpack_featured_media_url":"https:\/\/notinor.com\/jujuy\/wp-content\/uploads\/2022\/11\/0001.png","jetpack_publicize_connections":[],"_links":{"self":[{"href":"https:\/\/notinor.com\/jujuy\/wp-json\/wp\/v2\/posts\/360647"}],"collection":[{"href":"https:\/\/notinor.com\/jujuy\/wp-json\/wp\/v2\/posts"}],"about":[{"href":"https:\/\/notinor.com\/jujuy\/wp-json\/wp\/v2\/types\/post"}],"author":[{"embeddable":true,"href":"https:\/\/notinor.com\/jujuy\/wp-json\/wp\/v2\/users\/54"}],"replies":[{"embeddable":true,"href":"https:\/\/notinor.com\/jujuy\/wp-json\/wp\/v2\/comments?post=360647"}],"version-history":[{"count":1,"href":"https:\/\/notinor.com\/jujuy\/wp-json\/wp\/v2\/posts\/360647\/revisions"}],"predecessor-version":[{"id":360649,"href":"https:\/\/notinor.com\/jujuy\/wp-json\/wp\/v2\/posts\/360647\/revisions\/360649"}],"wp:featuredmedia":[{"embeddable":true,"href":"https:\/\/notinor.com\/jujuy\/wp-json\/wp\/v2\/media\/360648"}],"wp:attachment":[{"href":"https:\/\/notinor.com\/jujuy\/wp-json\/wp\/v2\/media?parent=360647"}],"wp:term":[{"taxonomy":"category","embeddable":true,"href":"https:\/\/notinor.com\/jujuy\/wp-json\/wp\/v2\/categories?post=360647"},{"taxonomy":"post_tag","embeddable":true,"href":"https:\/\/notinor.com\/jujuy\/wp-json\/wp\/v2\/tags?post=360647"}],"curies":[{"name":"wp","href":"https:\/\/api.w.org\/{rel}","templated":true}]}}