{"id":359368,"date":"2022-10-24T07:05:50","date_gmt":"2022-10-24T10:05:50","guid":{"rendered":"https:\/\/notinor.com\/jujuy\/?p=359368"},"modified":"2022-10-24T08:16:55","modified_gmt":"2022-10-24T11:16:55","slug":"la-unica-verdad-es-el-reality","status":"publish","type":"post","link":"https:\/\/notinor.com\/jujuy\/la-unica-verdad-es-el-reality\/","title":{"rendered":"La \u00fanica verdad es el reality"},"content":{"rendered":"\n<p class=\"has-medium-font-size\"><strong><em>En un pa\u00eds tan particular como el nuestro se dan tan ins\u00f3litos fen\u00f3menos que nos motiv\u00f3, m\u00e1s de una vez, a describir en estas l\u00edneas a la agenda pol\u00edtica como un reality show.\u00a0<\/em><\/strong><\/p>\n\n\n\n<div class=\"wp-block-image\"><figure class=\"aligncenter size-large is-resized\"><img decoding=\"async\" loading=\"lazy\" src=\"https:\/\/notinor.com\/jujuy\/wp-content\/uploads\/2022\/10\/blue-40.jpg\" alt=\"\" class=\"wp-image-359378\" width=\"940\" height=\"470\" srcset=\"https:\/\/notinor.com\/jujuy\/wp-content\/uploads\/2022\/10\/blue-40.jpg 600w, https:\/\/notinor.com\/jujuy\/wp-content\/uploads\/2022\/10\/blue-40-360x180.jpg 360w\" sizes=\"(max-width: 940px) 100vw, 940px\" \/><\/figure><\/div>\n\n\n\n<p><strong>Uno de ellos es que a la cl\u00e1sica dicotom\u00eda entre Oficialismo y Oposici\u00f3n que se da en todos los lugares del mundo, se suma el entretenido internismo que se viven en ambas veredas de la grieta; <\/strong>aunque con mayor estridencia en el lado de la coalici\u00f3n gobernante.&nbsp; Y es por ello que, dentro del actual gobierno se produce una ins\u00f3lita puja entre las facciones que lo componen, si bien no se llega a vislumbrar qui\u00e9nes encarnan el oficialismo y qui\u00e9nes la oposici\u00f3n... en este caso las oposiciones; no queda claro, pero muchos lo sospechan acertadamente.&nbsp;<\/p>\n\n\n\n<p>Uno quisiera creer que el oficialismo es el albertismo, <strong>con el presidente de la Naci\u00f3n a la cabeza y que el kirchnerismo, el massismo, y las otras fuerzas de gravedad que gobiernan este universo constituyen las oposiciones.&nbsp;<\/strong><\/p>\n\n\n\n<p><strong>Pero, a lo largo de estos ya casi tres a\u00f1os para el olvido, hemos sido testigos de una formidable campa\u00f1a de desgaste de la que fue v\u00edctima Alberto Fern\u00e1ndez al punto de dejarlo reducido a un rol m\u00e1s bien simb\u00f3lico y protocolar, que le hizo perder la centralidad.&nbsp; <\/strong>Renuncia tras renuncia, como si se tratara de una eliminaci\u00f3n de nominados en un reality, vimos c\u00f3mo se fue quedando cada vez m\u00e1s solo en la presidencia.&nbsp; Curiosamente, esta campa\u00f1a que incluy\u00f3 ins\u00f3litos e inauditos destratos provino desde adentro.&nbsp; Ni la oposici\u00f3n m\u00e1s encarnizada de la historia se atrevi\u00f3 a tanto.<\/p>\n\n\n\n<p><strong>As\u00ed, Alberto Fern\u00e1ndez tiene hoy, la imagen y la credibilidad tan afectadas que todo lo que hace le sale mal, aun lo poco que podr\u00eda decirse que hizo o hace bien.&nbsp;<\/strong>Cualquier cosa que haga o diga se presta para el rid\u00edculo y se inundan las redes sociales con memes con el presidente como protagonista de las m\u00e1s mordaces cr\u00edticas y burlas.&nbsp;<\/p>\n\n\n\n<p>El reciente episodio del ins\u00f3lito enfrentamiento entre el Gobierno Nacional con uno de los participantes del resucitado Gran Hermano quedar\u00e1 como <strong>un cap\u00edtulo m\u00e1s en el disparatado periplo de una presidencia que ser\u00e1 recordada como la peor y m\u00e1s tr\u00e1gica de la historia argentina.&nbsp;<\/strong><\/p>\n\n\n\n<p>Y si bien muchos hoy se sorprenden por este inesperado giro en la trama, que involucra un enfrentamiento entre el presidente y a su vocera con Alfa, a algunos -quiz\u00e1s a muy pocos- nos queda la satisfacci\u00f3n de haber advertido sobre a su debido tiempo,<strong> all\u00e1 por el 2019, sobre la posible inestabilidad emocional de un adulto -m\u00e1s all\u00e1 del cargo de relevancia y responsabilidad que ocupa- que, sin siquiera sonrojarse, admiti\u00f3 en un encuentro internacional que ten\u00eda problemas con la figura de Bugs Bunny.<\/strong><\/p>\n\n\n\n<div class=\"wp-block-image\"><figure class=\"aligncenter size-large is-resized\"><img decoding=\"async\" loading=\"lazy\" src=\"https:\/\/notinor.com\/jujuy\/wp-content\/uploads\/2022\/10\/WhatsApp-Image-2022-10-22-at-12.07.29-1-840x453.jpeg\" alt=\"\" class=\"wp-image-359370\" width=\"851\" height=\"459\" srcset=\"https:\/\/notinor.com\/jujuy\/wp-content\/uploads\/2022\/10\/WhatsApp-Image-2022-10-22-at-12.07.29-1-840x453.jpeg 840w, https:\/\/notinor.com\/jujuy\/wp-content\/uploads\/2022\/10\/WhatsApp-Image-2022-10-22-at-12.07.29-1-660x356.jpeg 660w, https:\/\/notinor.com\/jujuy\/wp-content\/uploads\/2022\/10\/WhatsApp-Image-2022-10-22-at-12.07.29-1-768x414.jpeg 768w, https:\/\/notinor.com\/jujuy\/wp-content\/uploads\/2022\/10\/WhatsApp-Image-2022-10-22-at-12.07.29-1-750x404.jpeg 750w, https:\/\/notinor.com\/jujuy\/wp-content\/uploads\/2022\/10\/WhatsApp-Image-2022-10-22-at-12.07.29-1.jpeg 1122w\" sizes=\"(max-width: 851px) 100vw, 851px\" \/><\/figure><\/div>\n\n\n\n<h3><strong>AUTOSABOTAJE<\/strong><\/h3>\n\n\n\n<p><strong>Con este tel\u00f3n de fondo asistimos al espect\u00e1culo de un gobierno que se hace oposici\u00f3n a s\u00ed mismo<\/strong> mientras transitamos el \u00faltimo trimestre con una tendencia inflacionaria que ya nos ubica por encima de los tres d\u00edgitos, algo que parec\u00eda tan lejano e impensable hace apenas un a\u00f1o.<\/p>\n\n\n\n<p><strong>Seg\u00fan lo advertimos reiterada e insistentemente en estos an\u00e1lisis semanales, los modelos inflacionarios generan un c\u00edrculo vicioso del cual es muy dif\u00edcil salir.&nbsp; <\/strong>Y as\u00ed, mientras el ministro de Econom\u00eda se empe\u00f1a en tratar de arreglar los descalabros de un sistema que implosiona, los obst\u00e1culos y otros palos en la rueda parecen surgir con mayor frecuencia y virulencia desde adentro de la coalici\u00f3n que del frente opositor propiamente dicho.<\/p>\n\n\n\n<p><strong>Una de las metas del nuevo titular de Hacienda era cerrar el 2023 con un d\u00e9ficit por debajo del 2,5% del PBI, algo que dif\u00edcilmente se alcanzar\u00e1 en el actual contexto.<\/strong>&nbsp; Al pernicioso escepticismo frente a las leyes naturales de la econom\u00eda que indican la directa proporcionalidad entre emisi\u00f3n e inflaci\u00f3n, ahora se suma la creencia -casi una superstici\u00f3n- de que las negociaciones paritarias tampoco tienen dicha relaci\u00f3n y efecto sobre el exponencial aumento del costo de vida.&nbsp; Sergio Massa y Cristina Kirchner buscaban, a trav\u00e9s de un bono de suma \u00fanica, frenar de alguna manera la puja paritaria.<\/p>\n\n\n\n<p><strong>Pero Alberto se junt\u00f3 con una parte de la CGT y ahora los sindicatos rechazan cualquier ofrecimiento de este tipo.&nbsp; Pablo Moyano est\u00e1 negociando un aumento del orden del 130% -casi 40% por encima de los dem\u00e1s gremios- para los camioneros.<\/strong>&nbsp; Pero por ah\u00ed andan tambi\u00e9n la UOCRA, los empleados de comercio, y los bancarios, entre otros, empujando aumentos salariares por encima del 90% tratando de salvar el valor del salario frente al problema de la inflaci\u00f3n.&nbsp; Es altamente improbable que se pueda llegar a fin de a\u00f1o con \u00e9se meta de d\u00e9ficit si nada se cerr\u00f3 como se pretend\u00eda.<\/p>\n\n\n\n<p><strong>Para empeorar el contexto, la senadora Juliana Di Tulio convoc\u00f3 a un plenario de comisiones en el Senado para dar tratamiento a uno de los tantos proyectos de ingreso b\u00e1sico universal que andan dando vueltas, <\/strong>si bien la convocatoria fue abortada quiz\u00e1s debido a que Sergio Massa y Fernanda Raverta anunciaron una especie de bono de $45.000 en dos cuotas para la indigencia.&nbsp;<\/p>\n\n\n\n<p><strong>Estamos presenciando los aprestos para el nuevo Plan Platita que parece inminente para el a\u00f1o electoral que se aproxima.&nbsp;<\/strong> De hecho, uno de las facciones de la CGT que no responde al albertismo, est\u00e1 tejiendo una alianza con las organizaciones sociales -los sindicatos de los desocupados- para mancomunar la lucha salarial y tambi\u00e9n para plantar bandera dentro de la coalici\u00f3n gobernante donde planean intervenir con protagonistas y candidatos propios.<\/p>\n\n\n\n<div class=\"wp-block-image\"><figure class=\"aligncenter size-large is-resized\"><img decoding=\"async\" loading=\"lazy\" src=\"https:\/\/notinor.com\/jujuy\/wp-content\/uploads\/2022\/10\/WhatsApp-Image-2022-10-22-at-12.07.30.jpeg\" alt=\"\" class=\"wp-image-359371\" width=\"812\" height=\"449\" srcset=\"https:\/\/notinor.com\/jujuy\/wp-content\/uploads\/2022\/10\/WhatsApp-Image-2022-10-22-at-12.07.30.jpeg 751w, https:\/\/notinor.com\/jujuy\/wp-content\/uploads\/2022\/10\/WhatsApp-Image-2022-10-22-at-12.07.30-660x365.jpeg 660w\" sizes=\"(max-width: 812px) 100vw, 812px\" \/><\/figure><\/div>\n\n\n\n<p><strong>Paralelamente al anuncio del bono para la indigencia, el ministerio de Econom\u00eda anunci\u00f3 la reimplementaci\u00f3n de cr\u00e9ditos en cuotas, Ahora 30 y Ahora 42, para comprar televisores de 55 y 68 pulgadas, electrodom\u00e9sticos y celulares de media y baja gama.&nbsp;<\/strong> Se trata de un enga\u00f1apichanga para que la gente sienta que puede comprar algo mientras se evapora el salario con la inflaci\u00f3n.&nbsp; Curiosamente se anunciaron m\u00e1s impuestos para celulares y televisores.<\/p>\n\n\n\n<p>Pero mientras en los c\u00edrculos sinodales del gobierno, como el Instituto Patria y similares, debaten sobre si los aumentos salariales atizan la hoguera de la inflaci\u00f3n, o viceversa, o se ocupan de otras discusiones tan bizantinas como la del huevo y la gallina o de la cuadratura del c\u00edrculo, Renault y Nissan tuvieron que parar la producci\u00f3n por falta de insumos.&nbsp;Todo indica que este problema se va a agravar porque el gobierno, a contrario de lo que indica el sentido com\u00fan, ha decidido profundizar los controles y las trabas t\u00edpicas del modelo kirchnerista que obstaculiza e interviene en toda actividad econ\u00f3mica.<strong>&nbsp;Un total desprop\u00f3sito en un pa\u00eds donde el 90% de las importaciones son insumos necesarios para producir y para eventualmente exportar.<\/strong><\/p>\n\n\n\n<p><strong>De todo lo ocurrido en la semana, lo \u00fanico destacable como positivo es el milagro ocurrido en la discusi\u00f3n presupuestaria.&nbsp;Se incorpor\u00f3 en el Presupuesto, por acuerdo entre oficialismo y oposici\u00f3n, un art\u00edculo para que jueces y funcionarios del Poder Judicial paguen Ganancias.&nbsp;<\/strong>Por supuesto que los jueces y el sindicato de Judiciales se oponen.&nbsp;El impuesto ser\u00eda aplicable con independencia de la fecha de nombramiento, algo que ya se hab\u00eda hecho en el 2017, cuando se dispuso que quedaban dentro de ese r\u00e9gimen tributario los nuevos jueces, fiscales y funcionarios nombrados con posterioridad a ese a\u00f1o; ahora se equiparar\u00eda la cosa con los que fueron nombrados antes.&nbsp;Se espera mucha controversia y judicializaci\u00f3n al respecto.<\/p>\n","protected":false},"excerpt":{"rendered":"<p>En un pa\u00eds tan particular como el nuestro se dan tan ins\u00f3litos fen\u00f3menos que nos motiv\u00f3, m\u00e1s de una vez, a describir en estas l\u00edneas a la agenda pol\u00edtica como un reality show.\u00a0 Uno de ellos es que a la cl\u00e1sica dicotom\u00eda entre Oficialismo y Oposici\u00f3n que se da en todos los lugares del mundo, [&hellip;]<\/p>\n","protected":false},"author":40,"featured_media":359378,"comment_status":"open","ping_status":"open","sticky":false,"template":"","format":"standard","meta":{"_stopmodifiedupdate":false,"_modified_date":"","inline_featured_image":false,"spay_email":"","jetpack_publicize_message":""},"categories":[1035,1127],"tags":[],"jetpack_featured_media_url":"https:\/\/notinor.com\/jujuy\/wp-content\/uploads\/2022\/10\/blue-40.jpg","jetpack_publicize_connections":[],"_links":{"self":[{"href":"https:\/\/notinor.com\/jujuy\/wp-json\/wp\/v2\/posts\/359368"}],"collection":[{"href":"https:\/\/notinor.com\/jujuy\/wp-json\/wp\/v2\/posts"}],"about":[{"href":"https:\/\/notinor.com\/jujuy\/wp-json\/wp\/v2\/types\/post"}],"author":[{"embeddable":true,"href":"https:\/\/notinor.com\/jujuy\/wp-json\/wp\/v2\/users\/40"}],"replies":[{"embeddable":true,"href":"https:\/\/notinor.com\/jujuy\/wp-json\/wp\/v2\/comments?post=359368"}],"version-history":[{"count":2,"href":"https:\/\/notinor.com\/jujuy\/wp-json\/wp\/v2\/posts\/359368\/revisions"}],"predecessor-version":[{"id":359379,"href":"https:\/\/notinor.com\/jujuy\/wp-json\/wp\/v2\/posts\/359368\/revisions\/359379"}],"wp:featuredmedia":[{"embeddable":true,"href":"https:\/\/notinor.com\/jujuy\/wp-json\/wp\/v2\/media\/359378"}],"wp:attachment":[{"href":"https:\/\/notinor.com\/jujuy\/wp-json\/wp\/v2\/media?parent=359368"}],"wp:term":[{"taxonomy":"category","embeddable":true,"href":"https:\/\/notinor.com\/jujuy\/wp-json\/wp\/v2\/categories?post=359368"},{"taxonomy":"post_tag","embeddable":true,"href":"https:\/\/notinor.com\/jujuy\/wp-json\/wp\/v2\/tags?post=359368"}],"curies":[{"name":"wp","href":"https:\/\/api.w.org\/{rel}","templated":true}]}}