{"id":358778,"date":"2022-10-18T17:33:00","date_gmt":"2022-10-18T20:33:00","guid":{"rendered":"https:\/\/notinor.com\/jujuy\/?p=358778"},"modified":"2022-10-18T17:52:06","modified_gmt":"2022-10-18T20:52:06","slug":"la-uta-anuncio-un-paro-de-colectivos-por-72-horas-para-la-semana-que-viene","status":"publish","type":"post","link":"https:\/\/notinor.com\/jujuy\/la-uta-anuncio-un-paro-de-colectivos-por-72-horas-para-la-semana-que-viene\/","title":{"rendered":"La UTA anunci\u00f3 un paro de colectivos por 72 horas para la semana que viene"},"content":{"rendered":"\n<p class=\"has-medium-font-size\"><strong><em>Seg\u00fan el comunicado oficial, la medida se har\u00eda efectiva el 25, 26 y 27 de octubre.<\/em><\/strong><\/p>\n\n\n\n<div class=\"wp-block-image\"><figure class=\"aligncenter is-resized\"><img decoding=\"async\" loading=\"lazy\" src=\"https:\/\/www.revistacolectibondi.com.ar\/wp-content\/uploads\/2016\/06\/colectivos-jujuy.jpg\" alt=\"Jujuy: Vuelven a circular los colectivos despu\u00e9s de seis d\u00edas de paro \u00bb  Revista Colectibondi\" width=\"809\" height=\"538\"\/><\/figure><\/div>\n\n\n\n<p><strong>La Uni\u00f3n de Tranviarios Automotor (UTA) no pudo arreglar con el Gobierno nacional y aplicar\u00e1 un paro en el transporte por 72 horas que comenzar\u00e1 el martes 25 hasta el jueves 27 de octubre. <\/strong>Luego de la reuni\u00f3n realizada este martes en el Ministerio de Trabajo de la Naci\u00f3n, la UTA inform\u00f3 que no se lleg\u00f3 a un acuerdo por la pretendida igualdad salarial para los trabajadores representados y por ende por tres d\u00edas no habr\u00e1 servicio de transporte.<\/p>\n\n\n\n<p><strong>\u201cVamos a defender nuestros salarios y las fuentes de trabajo.<\/strong> No queremos encontrarnos en medio de una disputa entre la Naci\u00f3n y las Provincias<strong>\u201d<\/strong>, manifestaron desde la UTA en un comunicado difundido en las \u00faltimas horas.<\/p>\n\n\n\n<p><strong>As\u00ed mismo, se\u00f1alaron que \u201cqueremos el aumento que nos corresponde\u201d y afirmaron que es <strong>\u201c<\/strong>indispensable que el Congreso Nacional declare la Emergencia en el Transporte de Pasajeros del Interior\u201d.<\/strong> <strong>\u201c<\/strong>Necesitamos que se reconozcan nuestros derechos y se comprometan para evitar diferente tratamiento a los mismos trabajadores<strong>\u201d<\/strong>, continuaron.<\/p>\n\n\n\n<figure class=\"wp-block-image\"><img decoding=\"async\" src=\"https:\/\/media.jujuyalmomento.com\/p\/ecadf6b85f7cb214e31862b089f2067d\/adjuntos\/260\/imagenes\/002\/124\/0002124000\/1200x0\/smart\/comunicadoojpg.jpg\" alt=\"\"\/><\/figure>\n\n\n\n<p><strong>Cabe recordar que el martes y mi\u00e9rcoles pasado por la presente problem\u00e1tica la Uni\u00f3n Tranviarios Automotor ya hizo un paro de 72 horas <\/strong>con motivos de arreglar la situaci\u00f3n econ\u00f3mica del gremio y al no haber acuerdo, no habr\u00e1 actividad nuevamente.<\/p>\n","protected":false},"excerpt":{"rendered":"<p>Seg\u00fan el comunicado oficial, la medida se har\u00eda efectiva el 25, 26 y 27 de octubre. La Uni\u00f3n de Tranviarios Automotor (UTA) no pudo arreglar con el Gobierno nacional y aplicar\u00e1 un paro en el transporte por 72 horas que comenzar\u00e1 el martes 25 hasta el jueves 27 de octubre. Luego de la reuni\u00f3n realizada [&hellip;]<\/p>\n","protected":false},"author":40,"featured_media":358779,"comment_status":"open","ping_status":"open","sticky":false,"template":"","format":"standard","meta":{"_stopmodifiedupdate":false,"_modified_date":"","inline_featured_image":false,"spay_email":"","jetpack_publicize_message":""},"categories":[2],"tags":[],"jetpack_featured_media_url":"https:\/\/notinor.com\/jujuy\/wp-content\/uploads\/2022\/10\/blue-2022-10-18T173120.375.jpg","jetpack_publicize_connections":[],"_links":{"self":[{"href":"https:\/\/notinor.com\/jujuy\/wp-json\/wp\/v2\/posts\/358778"}],"collection":[{"href":"https:\/\/notinor.com\/jujuy\/wp-json\/wp\/v2\/posts"}],"about":[{"href":"https:\/\/notinor.com\/jujuy\/wp-json\/wp\/v2\/types\/post"}],"author":[{"embeddable":true,"href":"https:\/\/notinor.com\/jujuy\/wp-json\/wp\/v2\/users\/40"}],"replies":[{"embeddable":true,"href":"https:\/\/notinor.com\/jujuy\/wp-json\/wp\/v2\/comments?post=358778"}],"version-history":[{"count":3,"href":"https:\/\/notinor.com\/jujuy\/wp-json\/wp\/v2\/posts\/358778\/revisions"}],"predecessor-version":[{"id":358784,"href":"https:\/\/notinor.com\/jujuy\/wp-json\/wp\/v2\/posts\/358778\/revisions\/358784"}],"wp:featuredmedia":[{"embeddable":true,"href":"https:\/\/notinor.com\/jujuy\/wp-json\/wp\/v2\/media\/358779"}],"wp:attachment":[{"href":"https:\/\/notinor.com\/jujuy\/wp-json\/wp\/v2\/media?parent=358778"}],"wp:term":[{"taxonomy":"category","embeddable":true,"href":"https:\/\/notinor.com\/jujuy\/wp-json\/wp\/v2\/categories?post=358778"},{"taxonomy":"post_tag","embeddable":true,"href":"https:\/\/notinor.com\/jujuy\/wp-json\/wp\/v2\/tags?post=358778"}],"curies":[{"name":"wp","href":"https:\/\/api.w.org\/{rel}","templated":true}]}}