{"id":358764,"date":"2022-10-18T15:59:07","date_gmt":"2022-10-18T18:59:07","guid":{"rendered":"https:\/\/notinor.com\/jujuy\/?p=358764"},"modified":"2022-10-18T16:16:52","modified_gmt":"2022-10-18T19:16:52","slug":"recomiendan-asistir-a-los-centros-de-testeo-en-caso-de-presentar-sintomas-de-gripe-a","status":"publish","type":"post","link":"https:\/\/notinor.com\/jujuy\/recomiendan-asistir-a-los-centros-de-testeo-en-caso-de-presentar-sintomas-de-gripe-a\/","title":{"rendered":"Recomiendan asistir a los centros de testeo en caso de presentar s\u00edntomas de Gripe A"},"content":{"rendered":"\n<p class=\"has-medium-font-size\"><strong><em>Las personas que tengan sintomatolog\u00eda respiratoria pueden recurrir a los centros donde se llevan adelante estudios de Covid-19, ubicados en la capital juje\u00f1a, para descartar o confirmar que sea un caso positivo.<\/em><\/strong><\/p>\n\n\n\n<div class=\"wp-block-image\"><figure class=\"aligncenter size-large is-resized\"><img decoding=\"async\" loading=\"lazy\" src=\"https:\/\/notinor.com\/jujuy\/wp-content\/uploads\/2022\/10\/blue-2022-10-18T155606.398.jpg\" alt=\"\" class=\"wp-image-358765\" width=\"790\" height=\"395\" srcset=\"https:\/\/notinor.com\/jujuy\/wp-content\/uploads\/2022\/10\/blue-2022-10-18T155606.398.jpg 600w, https:\/\/notinor.com\/jujuy\/wp-content\/uploads\/2022\/10\/blue-2022-10-18T155606.398-360x180.jpg 360w\" sizes=\"(max-width: 790px) 100vw, 790px\" \/><\/figure><\/div>\n\n\n\n<p>Luego de que el Ministerio de Salud de la Naci\u00f3n diera a conocer que hay un aumento notorio de casos de influenza o Gripe A en la poblaci\u00f3n, el infect\u00f3logo juje\u00f1o, Gustavo Echenique, <strong>asegur\u00f3 que en la provincia aumentaron las consultas por cuadros respiratorios y principalmente se dan en j\u00f3venes no vacunados. <\/strong><\/p>\n\n\n\n<p><strong>En alusi\u00f3n al grupo poblacional m\u00e1s afectado, Gustavo Echenique manifest\u00f3 que <strong>\u201c<\/strong>la Gripe A se est\u00e1 dando generalmente en gente joven no vacunada para gripe, s\u00ed est\u00e1n vacunados para Covid-19, pero no para la influenza ya que no es obligatoria la vacuna\". <\/strong>Debido a este aumento notorio de casos de Gripe A, el especialista llam\u00f3 a la ciudadan\u00eda a hacer la consulta precoz, como as\u00ed tambi\u00e9n solicit\u00f3 utilizar barbijos en lugares cerrados y mantener los cuidados muy parecidos a casos positivos de Covid-19.<\/p>\n\n\n\n<p>Sandra Quintos, directora provincial de Atenci\u00f3n Primaria de la Salud, coment\u00f3 que&nbsp;<strong>la semana pasada se confirm\u00f3 un caso de Gripe A en la provincia que fue controlado.<\/strong><\/p>\n\n\n\n<p><strong><strong>\u201c<\/strong>Le pedimos a la poblaci\u00f3n que recurran a los Centros de Testeo que est\u00e1n a disposici\u00f3n en la capital juje\u00f1a en caso de tener sintomatolog\u00eda respiratoria relacionada a la gripe. All\u00ed mismo se les va a tomar una muestra para ver si no es gripe A\u201d, indic\u00f3 Quinto. <\/strong>\u201cEl sistema de salud\u00a0tiene que conocer que tenemos gripe A a trav\u00e9s del diagn\u00f3stico para tener un mejor tratamiento\u201d, recalc\u00f3 la directora.<\/p>\n\n\n\n<div class=\"wp-block-image\"><figure class=\"aligncenter\"><img decoding=\"async\" src=\"https:\/\/www.inforegion.com.ar\/wp-content\/uploads\/2022\/10\/gripe-resfrio.jpg\" alt=\"Alerta por el crecimiento de la Gripe A \u2013 InfoRegi\u00f3n\"\/><\/figure><\/div>\n\n\n\n<p><strong>\u00a0CENTROS DE TESTEO<\/strong><\/p>\n\n\n\n<h4><strong>De lunes a viernes de 7 a 15 horas<\/strong><\/h4>\n\n\n\n<ul><li>CVP Chijra: Las Llamas esquina Los Molinos<\/li><li>NODO Alberdi: Av. Sucre 2190<\/li><li>Caps Reyes: Pasaje 11 N\u00ba 108<\/li><li>NODO CIC Copacabana: Av. M. Vilte esquina Chorc\u00e1n \u2013 Alto Comedero<\/li><\/ul>\n\n\n\n<p><strong>HORARIOS DE OTROS CENTROS<\/strong><\/p>\n\n\n\n<ul><li>Tribunales: Independencia esquina Arga\u00f1araz \u2013&nbsp;<strong>Lunes a viernes de 8 a 14 horas<\/strong><\/li><li>Central de Polic\u00eda: Av. Santib\u00e1\u00f1ez 1372 \u2013&nbsp;<strong>Lunes a viernes de 8 a 14 horas<\/strong><\/li><li>Nueva Terminal: confluencia de Ruta 66 y Ruta 9 \u2013&nbsp;<strong>Lunes a viernes de 7 a 18 horas y s\u00e1bados de 8 a 16 horas.<\/strong><\/li><\/ul>\n\n\n\n<h2><strong>QU\u00c9 ES LE GRIPE A Y C\u00d3MO SE TRANSMITE<\/strong><\/h2>\n\n\n\n<p><strong>Seg\u00fan la p\u00e1gina oficial de Salud, se trata de una\u00a0enfermedad viral respiratoria y muy contagiosa.\u00a0<\/strong>En la mayor\u00eda de los casos, quienes la padecen se recuperan en un m\u00e1ximo de dos semanas sin tener que recibir un tratamiento.<\/p>\n\n\n\n<p><strong>Aunque, puede provocar \"graves complicaciones, incluso la muerte, a personas mayores de 65 a\u00f1os y m\u00e1s\". <\/strong>Esto tambi\u00e9n afecta a ni\u00f1os peque\u00f1os, personas gestantes y con enfermedades o condiciones cr\u00f3nicas, como card\u00edacos, respiratorios, c\u00e1ncer, obesidad, diabetes, renales, trasplante o inmunosupresi\u00f3n.<\/p>\n\n\n\n<h2><strong>QU\u00c9 S\u00cdNTOMAS TIENE LA GRIPE A O INFLUENZA<\/strong><\/h2>\n\n\n\n<p>Los s\u00edntomas que se\u00f1ala la cartera de Salud son los siguientes:<\/p>\n\n\n\n<ul><li>Fiebre mayor a 38\u00b0.<\/li><li>Tos.<\/li><li>Congesti\u00f3n nasal.<\/li><li>Dolor de garganta, de cabeza y muscular.<\/li><li>Dificultad para respirar.<\/li><li>Neumon\u00eda.<\/li><\/ul>\n","protected":false},"excerpt":{"rendered":"<p>Las personas que tengan sintomatolog\u00eda respiratoria pueden recurrir a los centros donde se llevan adelante estudios de Covid-19, ubicados en la capital juje\u00f1a, para descartar o confirmar que sea un caso positivo. Luego de que el Ministerio de Salud de la Naci\u00f3n diera a conocer que hay un aumento notorio de casos de influenza o [&hellip;]<\/p>\n","protected":false},"author":40,"featured_media":358765,"comment_status":"open","ping_status":"open","sticky":false,"template":"","format":"standard","meta":{"_stopmodifiedupdate":false,"_modified_date":"","inline_featured_image":false,"spay_email":"","jetpack_publicize_message":""},"categories":[828],"tags":[],"jetpack_featured_media_url":"https:\/\/notinor.com\/jujuy\/wp-content\/uploads\/2022\/10\/blue-2022-10-18T155606.398.jpg","jetpack_publicize_connections":[],"_links":{"self":[{"href":"https:\/\/notinor.com\/jujuy\/wp-json\/wp\/v2\/posts\/358764"}],"collection":[{"href":"https:\/\/notinor.com\/jujuy\/wp-json\/wp\/v2\/posts"}],"about":[{"href":"https:\/\/notinor.com\/jujuy\/wp-json\/wp\/v2\/types\/post"}],"author":[{"embeddable":true,"href":"https:\/\/notinor.com\/jujuy\/wp-json\/wp\/v2\/users\/40"}],"replies":[{"embeddable":true,"href":"https:\/\/notinor.com\/jujuy\/wp-json\/wp\/v2\/comments?post=358764"}],"version-history":[{"count":3,"href":"https:\/\/notinor.com\/jujuy\/wp-json\/wp\/v2\/posts\/358764\/revisions"}],"predecessor-version":[{"id":358769,"href":"https:\/\/notinor.com\/jujuy\/wp-json\/wp\/v2\/posts\/358764\/revisions\/358769"}],"wp:featuredmedia":[{"embeddable":true,"href":"https:\/\/notinor.com\/jujuy\/wp-json\/wp\/v2\/media\/358765"}],"wp:attachment":[{"href":"https:\/\/notinor.com\/jujuy\/wp-json\/wp\/v2\/media?parent=358764"}],"wp:term":[{"taxonomy":"category","embeddable":true,"href":"https:\/\/notinor.com\/jujuy\/wp-json\/wp\/v2\/categories?post=358764"},{"taxonomy":"post_tag","embeddable":true,"href":"https:\/\/notinor.com\/jujuy\/wp-json\/wp\/v2\/tags?post=358764"}],"curies":[{"name":"wp","href":"https:\/\/api.w.org\/{rel}","templated":true}]}}