{"id":358744,"date":"2022-10-18T12:21:10","date_gmt":"2022-10-18T15:21:10","guid":{"rendered":"https:\/\/notinor.com\/jujuy\/?p=358744"},"modified":"2022-10-18T12:21:30","modified_gmt":"2022-10-18T15:21:30","slug":"habra-una-nueva-audiencia-para-destrabar-el-conflicto-del-transporte-en-jujuy","status":"publish","type":"post","link":"https:\/\/notinor.com\/jujuy\/habra-una-nueva-audiencia-para-destrabar-el-conflicto-del-transporte-en-jujuy\/","title":{"rendered":"Habr\u00e1 una nueva audiencia para destrabar el conflicto del transporte en Jujuy"},"content":{"rendered":"\n<p class=\"has-medium-font-size\"><em><strong>La UTA, empresarios y funcionarios se reunir\u00e1n de manera virtual para conocer la situaci\u00f3n salarial de los trabajadores y avanzar en una resoluci\u00f3n.<\/strong><\/em><\/p>\n\n\n\n<div class=\"wp-block-image\"><figure class=\"aligncenter size-large\"><img decoding=\"async\" loading=\"lazy\" width=\"723\" height=\"480\" src=\"https:\/\/notinor.com\/jujuy\/wp-content\/uploads\/2022\/10\/Colectivos-en-feriado-1-1-723x480.jpg\" alt=\"\" class=\"wp-image-358746\" srcset=\"https:\/\/notinor.com\/jujuy\/wp-content\/uploads\/2022\/10\/Colectivos-en-feriado-1-1-723x480.jpg 723w, https:\/\/notinor.com\/jujuy\/wp-content\/uploads\/2022\/10\/Colectivos-en-feriado-1-1-550x365.jpg 550w, https:\/\/notinor.com\/jujuy\/wp-content\/uploads\/2022\/10\/Colectivos-en-feriado-1-1-768x510.jpg 768w, https:\/\/notinor.com\/jujuy\/wp-content\/uploads\/2022\/10\/Colectivos-en-feriado-1-1-750x498.jpg 750w, https:\/\/notinor.com\/jujuy\/wp-content\/uploads\/2022\/10\/Colectivos-en-feriado-1-1.jpg 800w\" sizes=\"(max-width: 723px) 100vw, 723px\" \/><\/figure><\/div>\n\n\n\n<p>Representantes de la UTA, empresarios del sector y funcionarios provinciales y municipales se reunir\u00e1n<strong>\u00a0este martes en una nueva audiencia para destrabar el conflicto del transporte en Jujuy<\/strong>\u00a0luego de la medida de fuerza que dej\u00f3\u00a0sin colectivos a gran parte del pa\u00eds por un reclamo salarial.<\/p>\n\n\n\n<p>El sindicato pide que<strong>\u00a0se cancele el 100% de los salarios<\/strong>\u00a0mientras que las empresas hasta este viernes aguardaban a\u00fan la llegada de los subsidios de Naci\u00f3n para poder cumplir con el pago.<\/p>\n\n\n\n<p>La nueva audiencia est\u00e1 prevista para el martes a las 15.30 de forma virtual,\u00a0<strong>\u201ca los fines de ver si las empresas cumplieron con los salarios de septiembre\u201d<\/strong>, detall\u00f3 en di\u00e1logo con los medios,\u00a0el secretario de Trabajo de la Provincia, Carlos Coronel.<\/p>\n\n\n\n<p>Si bien<strong> el gremio amenaz\u00f3 con ir a un nuevo paro esta semana <\/strong>si las empresas no cumplen con el compromiso de cancelar los salarios, para Coronel es poco probable que ocurra.<\/p>\n\n\n\n<p><strong>\u201cNo creo que se llegue a producir atento a que las empresas dejaron un compromiso en actas de que van a cumplir apenas ingrese el subsidio\u201d<\/strong>, explic\u00f3.<\/p>\n\n\n\n<p>A la audiencia fueron invitados<strong> el secretario de Transporte, Pablo Giachino, y el secretario de Servicios P\u00fablicos de la Municipalidad, Guillermo Marenco.<\/strong> \u201cEs para que est\u00e9n al tanto de las situaciones que est\u00e1n atravesando los trabajadores y las empresas\u201d, se\u00f1al\u00f3 Coronel.<\/p>\n","protected":false},"excerpt":{"rendered":"<p>La UTA, empresarios y funcionarios se reunir\u00e1n de manera virtual para conocer la situaci\u00f3n salarial de los trabajadores y avanzar en una resoluci\u00f3n. Representantes de la UTA, empresarios del sector y funcionarios provinciales y municipales se reunir\u00e1n\u00a0este martes en una nueva audiencia para destrabar el conflicto del transporte en Jujuy\u00a0luego de la medida de fuerza [&hellip;]<\/p>\n","protected":false},"author":37,"featured_media":358746,"comment_status":"open","ping_status":"open","sticky":false,"template":"","format":"standard","meta":{"_stopmodifiedupdate":false,"_modified_date":"","inline_featured_image":false,"spay_email":"","jetpack_publicize_message":""},"categories":[2],"tags":[],"jetpack_featured_media_url":"https:\/\/notinor.com\/jujuy\/wp-content\/uploads\/2022\/10\/Colectivos-en-feriado-1-1.jpg","jetpack_publicize_connections":[],"_links":{"self":[{"href":"https:\/\/notinor.com\/jujuy\/wp-json\/wp\/v2\/posts\/358744"}],"collection":[{"href":"https:\/\/notinor.com\/jujuy\/wp-json\/wp\/v2\/posts"}],"about":[{"href":"https:\/\/notinor.com\/jujuy\/wp-json\/wp\/v2\/types\/post"}],"author":[{"embeddable":true,"href":"https:\/\/notinor.com\/jujuy\/wp-json\/wp\/v2\/users\/37"}],"replies":[{"embeddable":true,"href":"https:\/\/notinor.com\/jujuy\/wp-json\/wp\/v2\/comments?post=358744"}],"version-history":[{"count":1,"href":"https:\/\/notinor.com\/jujuy\/wp-json\/wp\/v2\/posts\/358744\/revisions"}],"predecessor-version":[{"id":358747,"href":"https:\/\/notinor.com\/jujuy\/wp-json\/wp\/v2\/posts\/358744\/revisions\/358747"}],"wp:featuredmedia":[{"embeddable":true,"href":"https:\/\/notinor.com\/jujuy\/wp-json\/wp\/v2\/media\/358746"}],"wp:attachment":[{"href":"https:\/\/notinor.com\/jujuy\/wp-json\/wp\/v2\/media?parent=358744"}],"wp:term":[{"taxonomy":"category","embeddable":true,"href":"https:\/\/notinor.com\/jujuy\/wp-json\/wp\/v2\/categories?post=358744"},{"taxonomy":"post_tag","embeddable":true,"href":"https:\/\/notinor.com\/jujuy\/wp-json\/wp\/v2\/tags?post=358744"}],"curies":[{"name":"wp","href":"https:\/\/api.w.org\/{rel}","templated":true}]}}