{"id":358741,"date":"2022-10-18T12:09:54","date_gmt":"2022-10-18T15:09:54","guid":{"rendered":"https:\/\/notinor.com\/jujuy\/?p=358741"},"modified":"2022-10-18T12:09:59","modified_gmt":"2022-10-18T15:09:59","slug":"cristina-kirchner-busca-recuperar-la-centralizacion-con-un-acto-el-17-de-noviembre","status":"publish","type":"post","link":"https:\/\/notinor.com\/jujuy\/cristina-kirchner-busca-recuperar-la-centralizacion-con-un-acto-el-17-de-noviembre\/","title":{"rendered":"Cristina Kirchner busca recuperar la centralizaci\u00f3n con un acto el 17 de noviembre"},"content":{"rendered":"\n<p class=\"has-medium-font-size\"><em><strong>En el kirchnerismo creen que la vicepresidenta podr\u00eda reaparecer en p\u00fablico en la movilizaci\u00f3n que se planifica para el D\u00eda de la Militancia. Admiten que esa movida volver\u00eda a exponer las fisuras en la coalici\u00f3n gobernante.<\/strong><\/em><\/p>\n\n\n\n<div class=\"wp-block-image\"><figure class=\"aligncenter size-large\"><img decoding=\"async\" loading=\"lazy\" width=\"738\" height=\"480\" src=\"https:\/\/notinor.com\/jujuy\/wp-content\/uploads\/2022\/10\/Sin-t\u00edtulo-3-738x480.png\" alt=\"\" class=\"wp-image-358742\" srcset=\"https:\/\/notinor.com\/jujuy\/wp-content\/uploads\/2022\/10\/Sin-t\u00edtulo-3-738x480.png 738w, https:\/\/notinor.com\/jujuy\/wp-content\/uploads\/2022\/10\/Sin-t\u00edtulo-3-561x365.png 561w, https:\/\/notinor.com\/jujuy\/wp-content\/uploads\/2022\/10\/Sin-t\u00edtulo-3-768x499.png 768w, https:\/\/notinor.com\/jujuy\/wp-content\/uploads\/2022\/10\/Sin-t\u00edtulo-3-750x488.png 750w, https:\/\/notinor.com\/jujuy\/wp-content\/uploads\/2022\/10\/Sin-t\u00edtulo-3.png 1078w\" sizes=\"(max-width: 738px) 100vw, 738px\" \/><\/figure><\/div>\n\n\n\n<p>En los \u00faltimos d\u00edas de septiembre, cuando en el oficialismo ya hab\u00edan fracasado todos los intentos por realizar un acto unificado para este\u00a0<strong>17 de Octubre<\/strong>, en\u00a0<strong>La C\u00e1mpora<\/strong>\u00a0se desliz\u00f3 una idea: la de posponer todo acto por el D\u00eda de la Lealtad y preparar una gran movilizaci\u00f3n para el\u00a0<strong>D\u00eda de la Militancia<\/strong>, exactamente 30 d\u00edas despu\u00e9s.<\/p>\n\n\n\n<p>Finalmente, la organizaci\u00f3n que comanda\u00a0<strong>M\u00e1ximo Kirchner<\/strong>\u00a0acord\u00f3 con Pablo Moyano -l\u00edder de Camioneros- realizar una masiva movilizaci\u00f3n a la Plaza de Mayo, convocatoria a la que se plegaron la Corriente Federal de Trabajadores de Sergio Palazzo, las dos CTA y movimientos que responden a intendentes del conurbano.<\/p>\n\n\n\n<p>La idea de La C\u00e1mpora de llevar adelante un masivo acto por el D\u00eda de la Militancia no perdi\u00f3 fuerza y\u00a0se pudo saber que ya se trabaja con la perspectiva de realizar una\u00a0<strong>movilizaci\u00f3n \u201cpotente\u201d de cara a noviembre<\/strong>. Ese d\u00eda, en 1972, fue el regreso de Juan Domingo Per\u00f3n al pa\u00eds, despu\u00e9s de 18 a\u00f1os de exilio en Espa\u00f1a.<\/p>\n\n\n\n<h2>La C\u00e1mpora piensa en un acto para el 17 de noviembre con la idea de darle centralidad a Cristina Kirchner<\/h2>\n\n\n\n<p>La movilizaci\u00f3n se planifica bajo la premisa de realizar un acto que vuelva a colocar en el centro de la atenci\u00f3n a la vicepresidenta\u00a0<strong>Cristina Kirchner<\/strong>, que semanas atr\u00e1s tuvo la centralidad absoluta del Gobierno por el intento de asesinato en su contra y su disputa judicial en la causa Vialidad.<\/p>\n\n\n\n<p>La periodista Jesica Bossi adelant\u00f3<strong>\u00a0<\/strong>que incluso no se descarta la posibilidad de que\u00a0Cristina Kirchner reaparezca en un acto masivo ese 17 de noviembre. Ser\u00e1 la primera vez que lo haga desde el ataque en la puerta de su departamento en Recoleta. Un atentado que el kirchnerismo pide investigar con m\u00e1s profundidad, en particular para determinar si la \u201cBanda de los Copitos\u201d recibi\u00f3 financiamiento para llevar adelante la planificaci\u00f3n del ataque.<\/p>\n\n\n\n<p>Si Cristina Kirchner reaparece p\u00fablicamente, ser\u00e1 todo un desaf\u00edo para la\u00a0<strong>custodia\u00a0<\/strong>de la Vicepresidenta, que qued\u00f3 en la mira por las fallas en el dispositivo de seguridad aquel jueves 1 de septiembre.<\/p>\n\n\n\n<p>El lugar, tono y participantes del acto del 17 de noviembre son cuestiones a definir. \u201cNada est\u00e1 definido, la idea persiste, pero a\u00fan es pronto\u201d, le dice a\u00a0<strong>TN<\/strong>\u00a0un dirigente cercano a la Vicepresidenta. La segunda cuesti\u00f3n no es menor, ya que desde hace semanas que el kirchnerismo recrudeci\u00f3 sus cr\u00edticas hacia la gesti\u00f3n de Massa. Este lunes la Vice logr\u00f3 que el ministro cumpla con uno de sus dos deseos:\u00a0un\u00a0<strong>subsidio para indigentes<\/strong>. El otro es un\u00a0<strong>bono para los trabajadores<\/strong>. Dos cuestiones que solo le colocan m\u00e1s presi\u00f3n al ministro de Econom\u00eda en su intento por cumplir con las metas del Fondo Monetario Internacional.<\/p>\n\n\n\n<h2>El del 17 de noviembre podr\u00eda ser otro acto que exponga las grietas en el Gobierno<\/h2>\n\n\n\n<p>En rigor, el acto podr\u00eda volver a exponer la fractura que hay en el Gobierno, con una interna que poco a poco comienza a recrudecer al ritmo de la falta de resultados en materia econ\u00f3mica, principalmente en las\u00a0<strong>dificultades para contener la inflaci\u00f3n<\/strong>\u00a0y en la preocupaci\u00f3n de Cristina Kirchner por los niveles de indigencia y el golpe que representa la suba de precios en el bolsillo de los trabajadores.<\/p>\n\n\n\n<p>Este lunes hubo tres actos diferentes: el que La C\u00e1mpora y Pablo Moyano realizaron en Plaza de Mayo; el que la CGT llev\u00f3 adelante en Obras mientras que las organizaciones sociales oficialistas como el Movimiento Evita, la Corriente Clasista y Combativa (CCC) y Somos Barrios de Pie fueron al Estadio de Laferrere.<\/p>\n\n\n\n<p>A ninguno de estos asisti\u00f3<strong>&nbsp;Alberto Fern\u00e1ndez<\/strong>&nbsp;ni&nbsp;<strong>Cristina Kirchner<\/strong>. El Presidente mantuvo su propia agenda con un acto en Ca\u00f1uelas junto con el ministro de Econom\u00eda,&nbsp;<strong>Sergio Massa<\/strong>. Durante toda la jornada hubo diferentes voces en el interior del peronismo que expresaron su malestar por los actos divididos.<\/p>\n\n\n\n<p>Tal vez el m\u00e1s elocuente fue el sindicalista gastron\u00f3mico Luis Barrionuevo, que no dud\u00f3 en afirmar que el peronismo \u201cest\u00e1 hecho mierda\u201d.<\/p>\n","protected":false},"excerpt":{"rendered":"<p>En el kirchnerismo creen que la vicepresidenta podr\u00eda reaparecer en p\u00fablico en la movilizaci\u00f3n que se planifica para el D\u00eda de la Militancia. Admiten que esa movida volver\u00eda a exponer las fisuras en la coalici\u00f3n gobernante. En los \u00faltimos d\u00edas de septiembre, cuando en el oficialismo ya hab\u00edan fracasado todos los intentos por realizar un [&hellip;]<\/p>\n","protected":false},"author":37,"featured_media":358742,"comment_status":"open","ping_status":"open","sticky":false,"template":"","format":"standard","meta":{"_stopmodifiedupdate":false,"_modified_date":"","inline_featured_image":false,"spay_email":"","jetpack_publicize_message":""},"categories":[501],"tags":[],"jetpack_featured_media_url":"https:\/\/notinor.com\/jujuy\/wp-content\/uploads\/2022\/10\/Sin-t\u00edtulo-3.png","jetpack_publicize_connections":[],"_links":{"self":[{"href":"https:\/\/notinor.com\/jujuy\/wp-json\/wp\/v2\/posts\/358741"}],"collection":[{"href":"https:\/\/notinor.com\/jujuy\/wp-json\/wp\/v2\/posts"}],"about":[{"href":"https:\/\/notinor.com\/jujuy\/wp-json\/wp\/v2\/types\/post"}],"author":[{"embeddable":true,"href":"https:\/\/notinor.com\/jujuy\/wp-json\/wp\/v2\/users\/37"}],"replies":[{"embeddable":true,"href":"https:\/\/notinor.com\/jujuy\/wp-json\/wp\/v2\/comments?post=358741"}],"version-history":[{"count":1,"href":"https:\/\/notinor.com\/jujuy\/wp-json\/wp\/v2\/posts\/358741\/revisions"}],"predecessor-version":[{"id":358743,"href":"https:\/\/notinor.com\/jujuy\/wp-json\/wp\/v2\/posts\/358741\/revisions\/358743"}],"wp:featuredmedia":[{"embeddable":true,"href":"https:\/\/notinor.com\/jujuy\/wp-json\/wp\/v2\/media\/358742"}],"wp:attachment":[{"href":"https:\/\/notinor.com\/jujuy\/wp-json\/wp\/v2\/media?parent=358741"}],"wp:term":[{"taxonomy":"category","embeddable":true,"href":"https:\/\/notinor.com\/jujuy\/wp-json\/wp\/v2\/categories?post=358741"},{"taxonomy":"post_tag","embeddable":true,"href":"https:\/\/notinor.com\/jujuy\/wp-json\/wp\/v2\/tags?post=358741"}],"curies":[{"name":"wp","href":"https:\/\/api.w.org\/{rel}","templated":true}]}}