{"id":354718,"date":"2022-09-19T11:47:02","date_gmt":"2022-09-19T14:47:02","guid":{"rendered":"https:\/\/notinor.com\/jujuy\/?p=354718"},"modified":"2022-09-19T11:49:17","modified_gmt":"2022-09-19T14:49:17","slug":"el-fmi-avalo-un-nuevo-desembolso-de-3-900-millones-de-dolares-para-la-argentina","status":"publish","type":"post","link":"https:\/\/notinor.com\/jujuy\/el-fmi-avalo-un-nuevo-desembolso-de-3-900-millones-de-dolares-para-la-argentina\/","title":{"rendered":"El FMI aval\u00f3 un nuevo desembolso de 3.900 millones de d\u00f3lares para la Argentina"},"content":{"rendered":"\n<p class=\"has-medium-font-size\"><em><strong>El organismo aprob\u00f3 la segunda revisi\u00f3n del acuerdo con el pa\u00eds y se prepara para ejecutar un nuevo giro. Alberto Fern\u00e1ndez se reunir\u00e1 este mediod\u00eda con la titular, Kristalina Georgieva, y esa foto sellar\u00e1 el trabajo realizado por los t\u00e9cnicos.<\/strong><\/em><\/p>\n\n\n\n<div class=\"wp-block-image\"><figure class=\"aligncenter size-large\"><img decoding=\"async\" loading=\"lazy\" width=\"840\" height=\"416\" src=\"https:\/\/notinor.com\/jujuy\/wp-content\/uploads\/2022\/09\/Sin-t\u00edtuloffdffd-1-840x416.png\" alt=\"\" class=\"wp-image-354720\" srcset=\"https:\/\/notinor.com\/jujuy\/wp-content\/uploads\/2022\/09\/Sin-t\u00edtuloffdffd-1-840x416.png 840w, https:\/\/notinor.com\/jujuy\/wp-content\/uploads\/2022\/09\/Sin-t\u00edtuloffdffd-1-660x327.png 660w, https:\/\/notinor.com\/jujuy\/wp-content\/uploads\/2022\/09\/Sin-t\u00edtuloffdffd-1-768x381.png 768w, https:\/\/notinor.com\/jujuy\/wp-content\/uploads\/2022\/09\/Sin-t\u00edtuloffdffd-1-750x372.png 750w, https:\/\/notinor.com\/jujuy\/wp-content\/uploads\/2022\/09\/Sin-t\u00edtuloffdffd-1-1140x565.png 1140w, https:\/\/notinor.com\/jujuy\/wp-content\/uploads\/2022\/09\/Sin-t\u00edtuloffdffd-1.png 1237w\" sizes=\"(max-width: 840px) 100vw, 840px\" \/><\/figure><\/div>\n\n\n\n<p><strong>El Fondo Monetario Internacional aprob\u00f3 este lunes la segunda revisi\u00f3n del programa con el organismo, que permitir\u00e1 la liberaci\u00f3n de unos  3.900<\/strong>\u00a0<strong>millones de d\u00f3lares <\/strong>para la Argentina cuando el directorio ejecutivo le de luz verde. El anuncio se hizo poco antes de la reuni\u00f3n de la directora gerente Kristalina Georgieva con el presidente Alberto Fern\u00e1ndez en Nueva York, quien se lleva de esta ciudad una buena y esperada noticia que servir\u00e1 para aliviar moment\u00e1neamente las arcas del Central.<\/p>\n\n\n\n<p>La foto entre Georgieva y Fern\u00e1ndez sellar\u00e1 el trabajo de los t\u00e9cnicos del Fondo, encabezados por Luis Cubeddu, y los de Econom\u00eda, piloteados por el asesor Leonardo Madcur, que estuvieron trabajando en el staff agreement por varias semanas por Zoom y tambi\u00e9n cara a cara los \u00faltimos d\u00edas en Washington junto con el ministro Sergio Massa.<\/p>\n\n\n\n<p>Seg\u00fan dijo el director de Comunicaciones Gerry Rice, el\u00a0<em>board\u00a0<\/em>podr\u00eda tratarlo dentro de 2 y 4 semanas.\u00a0<strong>Se estima que saldr\u00e1 sin problemas<\/strong>\u00a0porque cuenta con el aval de Estados Unidos, el socio mayoritario del Fondo.<\/p>\n\n\n\n<p>El anuncio y el encuentro con Georgieva en el marco de la&nbsp;Asamblea de las Naciones Unidas&nbsp;<strong>da un impulso a la&nbsp;gira del presidente Fern\u00e1ndez,<\/strong>&nbsp;que ofrecer\u00e1&nbsp;el martes un discurso ante los l\u00edderes globales, pero ven\u00eda con una agenda sin demasiadas bilaterales de importancia.<\/p>\n\n\n\n<p>En un comunicado, el Fondo dijo que \"las recientes y decisivas medidas de pol\u00edtica destinadas a corregir reveses anteriores<strong>&nbsp;est\u00e1n ayudando a restaurar la confianza&nbsp;<\/strong>y fortalecer la estabilidad macroecon\u00f3mica, incluso mediante la reconstrucci\u00f3n de las reservas internacionales\".<\/p>\n\n\n\n<p>Agreg\u00f3 que \"el personal t\u00e9cnico del FMI y las autoridades argentinas acordaron que los objetivos establecidos en la aprobaci\u00f3n del acuerdo&nbsp;<strong>permanecer\u00e1n sin cambios hasta 2023\"<\/strong>, lo que sugiere que quiz\u00e1s el a\u00f1o pr\u00f3ximo puedan ser cambiados.<\/p>\n\n\n\n<p>\"La implementaci\u00f3n decidida de pol\u00edticas sigue siendo esencial para consolidar la estabilidad macroecon\u00f3mica y comenzar a abordar los desaf\u00edos arraigados de Argentina, en particular la inflaci\u00f3n alta y persistente\", a\u00f1adi\u00f3.<\/p>\n\n\n\n<p>El Fondo se\u00f1al\u00f3 que&nbsp;<strong>\u201cla mayor\u00eda de los objetivos del programa cuantitativo hasta fines de junio de 2022 se cumplieron,<\/strong>&nbsp;con la excepci\u00f3n del piso de las reservas internacionales netas, principalmente debido a un crecimiento del volumen de importaciones superior al programado y demoras en el apoyo oficial externo. Posteriormente, un per\u00edodo de volatilidad en el mercado cambiario y de bonos fue detenido luego de medidas decisivas que corrigieron reveses anteriores y reconstruyeron credibilidad\u201d.<\/p>\n\n\n\n<p>Con respecto al marco macroecon\u00f3mico, dijo que&nbsp;<strong>\u201crefleja un entorno global m\u00e1s dif\u00edcil&nbsp;<\/strong>(presiones inflacionarias en curso, endurecimiento de las condiciones financieras y desaceleraci\u00f3n del crecimiento) y las recientes presiones del mercado interno\u201d. Se\u00f1alaron que gracias a las medidas del nuevo equipo econ\u00f3mico, \u201clas presiones del mercado se est\u00e1n disipando y la perspectiva de crecimiento permanece sin cambios en<strong>&nbsp;4% para este a\u00f1o,<\/strong>&nbsp;antes de moderarse a la tasa potencial&nbsp;<strong>de 2% a partir de 2023\u201d.<\/strong><\/p>\n\n\n\n<p><strong>\u201cSi bien las presiones inflacionarias siguen siendo fuertes,<\/strong>&nbsp;lo que resulta en revisiones al alza en el pron\u00f3stico de inflaci\u00f3n, se espera una moderaci\u00f3n gradual durante el resto de 2022 y 2023 lo que refleja una combinaci\u00f3n de marcos de pol\u00edticas macroecon\u00f3micas m\u00e1s estrictas, incertidumbres reducidas debido a la implementaci\u00f3n sostenida del programa y la evoluci\u00f3n proyectada de los precios mundiales de las materias primas\u201d.<\/p>\n\n\n\n<p>En el frente fiscal, el FMI dice que<strong>\u00a0se ratific\u00f3 el objetivo de d\u00e9ficit primario del 2,5% del PBI en 2022 y del 1,9% del PBI en 2023.\u00a0<\/strong>Y se\u00f1ala que las mejoras en las finanzas p\u00fablicas se sustentan en recortes (lo llama \u201cuna mejor focalizaci\u00f3n\u201d) de los subsidios a la energ\u00eda, el agua y el transporte; una nueva priorizaci\u00f3n del gasto para asegurar la ejecuci\u00f3n de proyectos de inversi\u00f3n cr\u00edticos y la protecci\u00f3n adecuada de los hogares pobres; controles de gastos fortalecidos, que a su vez deber\u00edan ayudar a contener los atrasos en los gastos; y esfuerzos para revisar los incentivos fiscales corporativos y fortalecer el cumplimiento de los ingresos.<\/p>\n\n\n\n<div class=\"wp-block-image\"><figure class=\"aligncenter\"><img decoding=\"async\" src=\"https:\/\/www.clarin.com\/img\/2022\/09\/13\/kristalina-georgieva-recibe-a-alberto___iND0IFnL9_720x0__1.jpg\" alt=\"Kristalina Georgieva recibe a Alberto Fern\u00e1ndez, una semana despu\u00e9s de haber estado con Sergio Massa. EFE\/ Ministerio de Econom\u00eda\" \/><\/figure><\/div>\n\n\n\n<p>En cuanto a la pol\u00edtica monetaria, dijo que \u201cel Banco Central est\u00e1 comprometido con la implementaci\u00f3n continua y m\u00e1s consistente del marco de pol\u00edtica monetaria, que ya est\u00e1 generando tasas de inter\u00e9s reales positivas. Esto es necesario para fortalecer la demanda de activos en pesos, reducir las presiones externas y apoyar una reducci\u00f3n de la inflaci\u00f3n alta y persistente, respaldada tambi\u00e9n por una reducci\u00f3n continua en el financiamiento monetario del d\u00e9ficit fiscal, que tendr\u00e1 un tope del 0,8 por ciento del PIB este a\u00f1o (por debajo del objetivo del 1 por ciento del PIB) y se limitar\u00e1 al 0,6 por ciento del PIB en 2023\u201d.<\/p>\n\n\n\n<p>Sobre las reservas, dijo que \u201cla implementaci\u00f3n m\u00e1s decisiva de pol\u00edticas macroecon\u00f3micas m\u00e1s estrictas deber\u00eda respaldar un fortalecimiento del saldo de cuenta corriente, la competitividad externa y la cobertura de reservas. En l\u00ednea con los compromisos del programa,&nbsp;<strong>se prev\u00e9 que las reservas internacionales netas aumenten en US$ 9.800 millones durante el transcurso de 2022-23\".<\/strong><\/p>\n\n\n\n<p>Respecto a las&nbsp;<strong>reformas estructurales,<\/strong>&nbsp;el FMI resalta que \u201cse est\u00e1n dando pasos para fortalecer el mercado de deuda en pesos, la transmisi\u00f3n de la pol\u00edtica monetaria, la gesti\u00f3n de las finanzas p\u00fablicas y los marcos para combatir la evasi\u00f3n fiscal y el lavado de dinero, complementado con los esfuerzos de las autoridades para buscar acuerdos internacionales de intercambio de informaci\u00f3n. Los incentivos bien dise\u00f1ados para alentar la inversi\u00f3n y el potencial de exportaci\u00f3n de los sectores estrat\u00e9gicos, especialmente la energ\u00eda, siguen siendo cruciales\u201d.<\/p>\n\n\n\n<p><strong>La mayor\u00eda de lo que se desembolse luego de la aprobaci\u00f3n del directorio&nbsp;ir\u00e1 a parar de nuevo al Fondo.<\/strong>&nbsp;Los tiempos urgen para la Argentina porque el mi\u00e9rcoles hay un vencimiento de US$ 2800 millones con el organismo y dada la burocracia administrativa los 3.900 aprobados hoy reci\u00e9n llegar\u00e1n en unas semanas.<\/p>\n\n\n\n<p>Igualmente, el Central pagar\u00e1 con reservas propias porque ya cuenta con la seguridad de que el dinero llegar\u00e1. En las arcas hay ahora dinero de la liquidaci\u00f3n de la soja y de los Derechos Especiales de Giro (DEG) que el Fondo gir\u00f3 a todos los pa\u00edses hace unos meses.<\/p>\n\n\n\n<p>El paquete se termin\u00f3 de afinar estos d\u00edas, luego de la visita del ministro Sergio Massa y su equipo a Washington. Luego de reunirse con el funcionario argentino, Georgieva hab\u00eda dicho que la revisi\u00f3n se terminar\u00eda \"en los pr\u00f3ximos d\u00edas\". Si bien los funcionarios argentinos destacaron siempre el compromiso con las metas del programa, que incluyen un 2,5% de d\u00e9ficit primario y 5800 millones de d\u00f3lares en reservas a fin de a\u00f1o, expertos dudan de que se puedan cumplir.<\/p>\n","protected":false},"excerpt":{"rendered":"<p>El organismo aprob\u00f3 la segunda revisi\u00f3n del acuerdo con el pa\u00eds y se prepara para ejecutar un nuevo giro. Alberto Fern\u00e1ndez se reunir\u00e1 este mediod\u00eda con la titular, Kristalina Georgieva, y esa foto sellar\u00e1 el trabajo realizado por los t\u00e9cnicos. El Fondo Monetario Internacional aprob\u00f3 este lunes la segunda revisi\u00f3n del programa con el organismo, [&hellip;]<\/p>\n","protected":false},"author":37,"featured_media":354720,"comment_status":"open","ping_status":"open","sticky":false,"template":"","format":"standard","meta":{"_stopmodifiedupdate":false,"_modified_date":"","inline_featured_image":false,"spay_email":"","jetpack_publicize_message":""},"categories":[676],"tags":[],"jetpack_featured_media_url":"https:\/\/notinor.com\/jujuy\/wp-content\/uploads\/2022\/09\/Sin-t\u00edtuloffdffd-1.png","jetpack_publicize_connections":[],"_links":{"self":[{"href":"https:\/\/notinor.com\/jujuy\/wp-json\/wp\/v2\/posts\/354718"}],"collection":[{"href":"https:\/\/notinor.com\/jujuy\/wp-json\/wp\/v2\/posts"}],"about":[{"href":"https:\/\/notinor.com\/jujuy\/wp-json\/wp\/v2\/types\/post"}],"author":[{"embeddable":true,"href":"https:\/\/notinor.com\/jujuy\/wp-json\/wp\/v2\/users\/37"}],"replies":[{"embeddable":true,"href":"https:\/\/notinor.com\/jujuy\/wp-json\/wp\/v2\/comments?post=354718"}],"version-history":[{"count":3,"href":"https:\/\/notinor.com\/jujuy\/wp-json\/wp\/v2\/posts\/354718\/revisions"}],"predecessor-version":[{"id":354723,"href":"https:\/\/notinor.com\/jujuy\/wp-json\/wp\/v2\/posts\/354718\/revisions\/354723"}],"wp:featuredmedia":[{"embeddable":true,"href":"https:\/\/notinor.com\/jujuy\/wp-json\/wp\/v2\/media\/354720"}],"wp:attachment":[{"href":"https:\/\/notinor.com\/jujuy\/wp-json\/wp\/v2\/media?parent=354718"}],"wp:term":[{"taxonomy":"category","embeddable":true,"href":"https:\/\/notinor.com\/jujuy\/wp-json\/wp\/v2\/categories?post=354718"},{"taxonomy":"post_tag","embeddable":true,"href":"https:\/\/notinor.com\/jujuy\/wp-json\/wp\/v2\/tags?post=354718"}],"curies":[{"name":"wp","href":"https:\/\/api.w.org\/{rel}","templated":true}]}}