{"id":354198,"date":"2022-09-15T11:53:24","date_gmt":"2022-09-15T14:53:24","guid":{"rendered":"https:\/\/notinor.com\/jujuy\/?p=354198"},"modified":"2022-09-15T11:53:30","modified_gmt":"2022-09-15T14:53:30","slug":"senor-y-la-virgen-del-milagro-hoy-seran-las-misas-centrales-en-salta","status":"publish","type":"post","link":"https:\/\/notinor.com\/jujuy\/senor-y-la-virgen-del-milagro-hoy-seran-las-misas-centrales-en-salta\/","title":{"rendered":"Se\u00f1or y la Virgen del Milagro: hoy ser\u00e1n las misas centrales en Salta"},"content":{"rendered":"\n<p class=\"has-medium-font-size\"><em><strong>Se transmiten en vivo por Canal 4. Se espera que asistan al culto en la Catedral de Salta m\u00e1s de 1 mill\u00f3n de peregrinos.<\/strong><\/em><\/p>\n\n\n\n<div class=\"wp-block-image\"><figure class=\"aligncenter size-large\"><img decoding=\"async\" loading=\"lazy\" width=\"723\" height=\"480\" src=\"https:\/\/notinor.com\/jujuy\/wp-content\/uploads\/2022\/09\/Procesi\u00f3n_del_Milagro_en_la_provincia_de_Salta_-_Argentina-723x480.jpg\" alt=\"\" class=\"wp-image-354199\" srcset=\"https:\/\/notinor.com\/jujuy\/wp-content\/uploads\/2022\/09\/Procesi\u00f3n_del_Milagro_en_la_provincia_de_Salta_-_Argentina-723x480.jpg 723w, https:\/\/notinor.com\/jujuy\/wp-content\/uploads\/2022\/09\/Procesi\u00f3n_del_Milagro_en_la_provincia_de_Salta_-_Argentina-550x365.jpg 550w, https:\/\/notinor.com\/jujuy\/wp-content\/uploads\/2022\/09\/Procesi\u00f3n_del_Milagro_en_la_provincia_de_Salta_-_Argentina-768x510.jpg 768w, https:\/\/notinor.com\/jujuy\/wp-content\/uploads\/2022\/09\/Procesi\u00f3n_del_Milagro_en_la_provincia_de_Salta_-_Argentina-750x498.jpg 750w, https:\/\/notinor.com\/jujuy\/wp-content\/uploads\/2022\/09\/Procesi\u00f3n_del_Milagro_en_la_provincia_de_Salta_-_Argentina.jpg 1024w\" sizes=\"(max-width: 723px) 100vw, 723px\" \/><\/figure><\/div>\n\n\n\n<p>Despu\u00e9s de dos a\u00f1os de restricciones por la pandemia,&nbsp;<strong>la Fiesta del Se\u00f1or y la Virgen del Milagro volver\u00e1 a desarrollarse con normalidad en la ciudad de Salta<\/strong>. Miles de fieles de distintos puntos de la provincia, se sumar\u00e1n a la procesi\u00f3n y posterior renovaci\u00f3n del pacto de fidelidad.<\/p>\n\n\n\n<p><a href=\"https:\/\/notinor.com\/jujuy\/empieza-la-fiesta-del-milagro-y-el-peregrinaje-mas-largo-que-se-vive-en-salta\/\">La mayor celebraci\u00f3n religiosa se realiza en la provincia cada 15 de septiembre<\/a>, conmemorando los terremotos de 1692 en la capital salte\u00f1a y que se atribuye a la imagen del Cristo crucificado que hayan cesado.<\/p>\n\n\n\n<p>Est\u00e1 festividad\u00a0<strong>suele convocar a casi 800 mil personas en cada procesi\u00f3n<\/strong>, la cual este\u00a0a\u00f1o, se desarrolla bajo el lema\u00a0<strong>\"Milagro, camino de esperanza, testimonio y fraternidad\".<\/strong><\/p>\n\n\n\n<p>Canal 4 de Jujuy realizar\u00e1 la transmisi\u00f3n en vivo desde Salta\u00a0con la llegada de los peregrinos a la Catedral y la procesi\u00f3n con las im\u00e1genes del Se\u00f1or y la Virgen del Milagro.<\/p>\n\n\n\n<h2>As\u00ed se vivir\u00e1 la festividad este jueves:<\/h2>\n\n\n\n<p>Las misas de este jueves ser\u00e1n a las 00, 1, 2, 4, 5, 6 y 7.\u00a0<strong>A las 10 la Misa Estacional,<\/strong>\u00a0luego a las 12<a href=\"https:\/\/notinor.com\/jujuy\/las-imagenes-peregrinas-del-milagro-recorreran-los-barrios-asi-sera-el-nuevo-circuito\/\"> la salida y recorrido de las im\u00e1genes por los barrios<\/a>.<\/p>\n\n\n\n<p>Mientras que la procesi\u00f3n ser\u00e1 a las 15.15 y a las 20.30 la Misa del Peregrino.\u00a0<strong>Luego el domingo a las 19 se llevar\u00e1 a cabo la Misa de Acci\u00f3n de Gracias.<\/strong><\/p>\n\n\n\n<h2>Operativos de seguridad<\/h2>\n\n\n\n<p>El<strong>&nbsp;jefe de Polic\u00eda, Miguel Ceballos<\/strong>, dio a conocer que para la procesi\u00f3n tradicional se dispondr\u00e1n de&nbsp;<strong>m\u00e1s de 4.200 polic\u00edas<\/strong>. Adem\u00e1s, por la ma\u00f1ana habr\u00e1 una cobertura especial, puesto que, desde las 8:30, se desarrollar\u00e1 el recorrido de las Im\u00e1genes Peregrinas por distintos barrios de la capital salte\u00f1a.&nbsp;<\/p>\n\n\n\n<p>Desde la Municipalidad de Salta se comunic\u00f3 que se desarrollar\u00e1 \"un masivo despliegue antes, durante y despu\u00e9s de la procesi\u00f3n en honor al Se\u00f1or y Virgen del Milagro\", puesto que, el principal objetivo es garantizar la seguridad de los miles de fieles que se congregar\u00e1n.&nbsp;<\/p>\n\n\n\n<p>El operativo consistir\u00e1 en realizar cortes por las inmediaciones del recorrido de la procesi\u00f3n y efectuar tareas de prevenci\u00f3n en puntos estrat\u00e9gicos de la ciudad para preservar la seguridad de los vecinos. Es as\u00ed que, desde las 00 de hoy, no se permitir\u00e1 el estacionamiento de veh\u00edculos en inmediaciones de plaza 9 de Julio. Y a partir de las 7, se proceder\u00e1 a despejar la zona del recorrido de la procesi\u00f3n.<\/p>\n\n\n\n<p>El recorrido desde la Catedral al monumento 20 de Febrero ser\u00e1 el siguiente: Catedral- Espa\u00f1a- Zuvir\u00eda- Avenida Belgrano- Avenida Sarmiento. No obstante, la imagen de la Virgen del Milagro, girar\u00e1 por la calle Necochea, Adolfo G\u00fcemes, 12 de Octubre, hasta llegar al monumento 20 de Febrero. Mientras que, la imagen del se\u00f1or Milagro, girar\u00e1 por O\u00b4Higgins, 25 de Mayo, 12 de Octubre, y llegar\u00e1 al monumento 20 de Febrero.<\/p>\n\n\n\n<p>Para el regreso, ambas im\u00e1genes lo har\u00e1n por Avenida Sarmiento-Avenida Belgrano- Balcarce-Espa\u00f1a- Catedral. En el caso del tr\u00e1nsito de veh\u00edculos, se cortar\u00e1 en distintos cuadrantes desde&nbsp; las 13 hasta las 21.&nbsp;<\/p>\n\n\n\n<p>La Municipalidad, tambi\u00e9n inform\u00f3 que junto a la empresa Agrot\u00e9cnica Fueguina, brindar\u00e1n los servicios de recolecci\u00f3n domiciliaria de residuos, barrido y lavado sin ning\u00fan tipo de interrupci\u00f3n. Adem\u00e1s, se reforzar\u00e1 el operativo una vez finalizada la procesi\u00f3n.<\/p>\n","protected":false},"excerpt":{"rendered":"<p>Se transmiten en vivo por Canal 4. Se espera que asistan al culto en la Catedral de Salta m\u00e1s de 1 mill\u00f3n de peregrinos. Despu\u00e9s de dos a\u00f1os de restricciones por la pandemia,&nbsp;la Fiesta del Se\u00f1or y la Virgen del Milagro volver\u00e1 a desarrollarse con normalidad en la ciudad de Salta. Miles de fieles de [&hellip;]<\/p>\n","protected":false},"author":37,"featured_media":354199,"comment_status":"open","ping_status":"open","sticky":false,"template":"","format":"standard","meta":{"_stopmodifiedupdate":false,"_modified_date":"","inline_featured_image":false,"spay_email":"","jetpack_publicize_message":""},"categories":[5],"tags":[],"jetpack_featured_media_url":"https:\/\/notinor.com\/jujuy\/wp-content\/uploads\/2022\/09\/Procesi\u00f3n_del_Milagro_en_la_provincia_de_Salta_-_Argentina.jpg","jetpack_publicize_connections":[],"_links":{"self":[{"href":"https:\/\/notinor.com\/jujuy\/wp-json\/wp\/v2\/posts\/354198"}],"collection":[{"href":"https:\/\/notinor.com\/jujuy\/wp-json\/wp\/v2\/posts"}],"about":[{"href":"https:\/\/notinor.com\/jujuy\/wp-json\/wp\/v2\/types\/post"}],"author":[{"embeddable":true,"href":"https:\/\/notinor.com\/jujuy\/wp-json\/wp\/v2\/users\/37"}],"replies":[{"embeddable":true,"href":"https:\/\/notinor.com\/jujuy\/wp-json\/wp\/v2\/comments?post=354198"}],"version-history":[{"count":1,"href":"https:\/\/notinor.com\/jujuy\/wp-json\/wp\/v2\/posts\/354198\/revisions"}],"predecessor-version":[{"id":354200,"href":"https:\/\/notinor.com\/jujuy\/wp-json\/wp\/v2\/posts\/354198\/revisions\/354200"}],"wp:featuredmedia":[{"embeddable":true,"href":"https:\/\/notinor.com\/jujuy\/wp-json\/wp\/v2\/media\/354199"}],"wp:attachment":[{"href":"https:\/\/notinor.com\/jujuy\/wp-json\/wp\/v2\/media?parent=354198"}],"wp:term":[{"taxonomy":"category","embeddable":true,"href":"https:\/\/notinor.com\/jujuy\/wp-json\/wp\/v2\/categories?post=354198"},{"taxonomy":"post_tag","embeddable":true,"href":"https:\/\/notinor.com\/jujuy\/wp-json\/wp\/v2\/tags?post=354198"}],"curies":[{"name":"wp","href":"https:\/\/api.w.org\/{rel}","templated":true}]}}