{"id":354184,"date":"2022-09-15T11:18:47","date_gmt":"2022-09-15T14:18:47","guid":{"rendered":"https:\/\/notinor.com\/jujuy\/?p=354184"},"modified":"2022-09-15T11:18:52","modified_gmt":"2022-09-15T14:18:52","slug":"fne-llegan-las-carrozas-y-se-premiara-a-la-que-se-comprometa-con-la-biodiversidad","status":"publish","type":"post","link":"https:\/\/notinor.com\/jujuy\/fne-llegan-las-carrozas-y-se-premiara-a-la-que-se-comprometa-con-la-biodiversidad\/","title":{"rendered":"FNE: llegan las carrozas y se premiar\u00e1 a la que se comprometa con la biodiversidad"},"content":{"rendered":"\n<p class=\"has-medium-font-size\"><em><strong>El Ministerio de Ambiente y Cambio Clim\u00e1tico de Jujuy reconocer\u00e1 a la carroza que incluya en su consigna una tem\u00e1tica vinculada a la biodiversidad: tiene que representar flora o fauna nativa y utilizar materiales amigables con el medioambiente.<\/strong><\/em><\/p>\n\n\n\n<div class=\"wp-block-image\"><figure class=\"aligncenter size-large\"><img decoding=\"async\" loading=\"lazy\" width=\"840\" height=\"480\" src=\"https:\/\/notinor.com\/jujuy\/wp-content\/uploads\/2022\/09\/1537745604504-840x480.jpg\" alt=\"\" class=\"wp-image-354185\" srcset=\"https:\/\/notinor.com\/jujuy\/wp-content\/uploads\/2022\/09\/1537745604504-840x480.jpg 840w, https:\/\/notinor.com\/jujuy\/wp-content\/uploads\/2022\/09\/1537745604504-639x365.jpg 639w, https:\/\/notinor.com\/jujuy\/wp-content\/uploads\/2022\/09\/1537745604504-768x439.jpg 768w, https:\/\/notinor.com\/jujuy\/wp-content\/uploads\/2022\/09\/1537745604504-750x429.jpg 750w, https:\/\/notinor.com\/jujuy\/wp-content\/uploads\/2022\/09\/1537745604504-1140x651.jpg 1140w, https:\/\/notinor.com\/jujuy\/wp-content\/uploads\/2022\/09\/1537745604504.jpg 1500w\" sizes=\"(max-width: 840px) 100vw, 840px\" \/><\/figure><\/div>\n\n\n\n<p>Con el objetivo de<strong> incentivar la incorporaci\u00f3n de la tem\u00e1tica ambiental en la propuesta<\/strong>, el Ministerio de Ambiente y Cambio Clim\u00e1tico otorgar\u00e1n un premio para los carroceros y la instituci\u00f3n educativa que representen en sus\u00a0carrozas, carruajes o maquetas<strong> la biodiversidad de Jujuy.<\/strong><\/p>\n\n\n\n<p>La provincia de Jujuy contiene dos de las seis \u00e1reas boscosas del territorio nacional, el Parque Chaque\u00f1o en menor medida y la Selva de Yungas. En los \u00faltimos a\u00f1os estos ecosistemas, los m\u00e1s biodiversos de la superficie terrestre, han sufrido grandes retracciones, es por ello que el Ministerio de Ambiente y Cambio Clim\u00e1tico considera que<strong> es necesario poner en valor la importancia de conservar los bosques para las generaciones de estudiantes del futuro<\/strong>. <\/p>\n\n\n\n<p>En ese marco, decidi\u00f3 instituir un premio a la carroza, carruaje o maqueta que mejor haya captado el valor en sus m\u00faltiples dimensiones (ecol\u00f3gicas, \u00e9tnico-culturales y ambientales) que poseen tanto el bosque chaque\u00f1o como la selva de Yungas.<\/p>\n\n\n\n<p>Para ello, la cartera ambiental <strong>tendr\u00e1 en consideraci\u00f3n no s\u00f3lo el aspecto est\u00e9tico y el grado de sustentabilidad logrado, sino tambi\u00e9n la pertinencia de los elementos que se hayan tomado de los ambientes boscosos de la provincia y el sentido y la fuerza del mensaje <\/strong>que el establecimiento educativo que participe ha querido plasmar en su obra. <\/p>\n\n\n\n<p>Tambi\u00e9n se tendr\u00e1 en cuenta que<strong> se haya utilizado material reciclado en el desarrollo y construcci\u00f3n de los trabajos, <\/strong><a href=\"https:\/\/notinor.com\/jujuy\/las-carrozas-llegan-a-ciudad-cultural-a-final-de-la-semana\/\">que entre este jueves y viernes empezar\u00e1n a llegar a Ciudad Cultural y por lo cual se recomienda a los conductores circular con precauci\u00f3n. <\/a><\/p>\n\n\n\n<figure class=\"wp-block-image\"><img decoding=\"async\" src=\"https:\/\/scontent.fjuj5-1.fna.fbcdn.net\/v\/t39.30808-6\/307067039_5423599094397792_7540200150473079839_n.jpg?_nc_cat=106&amp;ccb=1-7&amp;_nc_sid=8bfeb9&amp;_nc_ohc=BfV6N8hdDhQAX9gSJ8D&amp;_nc_ht=scontent.fjuj5-1.fna&amp;oh=00_AT8OVNnDxUvh6JuCQSWXhLHxzWhKBDt-WIdUny_MvhZhlA&amp;oe=6327ED61\" alt=\"Puede ser una imagen de una o varias personas y texto que dice &quot;IMPORTANTE SE RUEGA CIRCULAR CON PRECAUCI\u00d3N EN DISTINTOS PUNTOS DE LA CIUDAD Y RUTAS DEBIDO AL TRASLADO DE ALUMNOS Y DOCENTES CON SUS CARROZAS A CIUDAD CULTURAL. EJESA INEIDAQUENOSTBANIFOEMA ENERGIAQUE Ciudad Cultural PERMANENTE cp GOBIERNO DE JuJuy a seguir norte&quot;\" \/><\/figure>\n\n\n\n<p>En Jujuy el 88% de la zona de bosques nativos est\u00e1 protegido en alguno de los tres niveles de conservaci\u00f3n. Todo esto se realiza con el objetivo de <strong>fortalecer la perspectiva ambiental <\/strong>en el contexto de las diferentes acciones que el Ente lleva adelante y la promoci\u00f3n de la misma fiesta en toda la provincia. <\/p>\n\n\n\n<p>Tambi\u00e9n promoviendo a su vez intervenciones en l\u00ednea con los Objetivos del Desarrollo Sostenible (ODS), incorporando la protecci\u00f3n y cuidado del ambiente y el paradigma del desarrollo sustentable y la econom\u00eda circular; y permitiendo adem\u00e1s la ejecuci\u00f3n de pol\u00edticas p\u00fablicas sostenibles a largo plazo, <strong>para afianzar en la juventud un modelo de desarrollo m\u00e1s respetuoso y equilibrado en la relaci\u00f3n con el ambiental <\/strong>del que el ser humano forma parte.<\/p>\n","protected":false},"excerpt":{"rendered":"<p>El Ministerio de Ambiente y Cambio Clim\u00e1tico de Jujuy reconocer\u00e1 a la carroza que incluya en su consigna una tem\u00e1tica vinculada a la biodiversidad: tiene que representar flora o fauna nativa y utilizar materiales amigables con el medioambiente. Con el objetivo de incentivar la incorporaci\u00f3n de la tem\u00e1tica ambiental en la propuesta, el Ministerio de [&hellip;]<\/p>\n","protected":false},"author":37,"featured_media":354185,"comment_status":"open","ping_status":"open","sticky":false,"template":"","format":"standard","meta":{"_stopmodifiedupdate":false,"_modified_date":"","inline_featured_image":false,"spay_email":"","jetpack_publicize_message":""},"categories":[2,594],"tags":[],"jetpack_featured_media_url":"https:\/\/notinor.com\/jujuy\/wp-content\/uploads\/2022\/09\/1537745604504.jpg","jetpack_publicize_connections":[],"_links":{"self":[{"href":"https:\/\/notinor.com\/jujuy\/wp-json\/wp\/v2\/posts\/354184"}],"collection":[{"href":"https:\/\/notinor.com\/jujuy\/wp-json\/wp\/v2\/posts"}],"about":[{"href":"https:\/\/notinor.com\/jujuy\/wp-json\/wp\/v2\/types\/post"}],"author":[{"embeddable":true,"href":"https:\/\/notinor.com\/jujuy\/wp-json\/wp\/v2\/users\/37"}],"replies":[{"embeddable":true,"href":"https:\/\/notinor.com\/jujuy\/wp-json\/wp\/v2\/comments?post=354184"}],"version-history":[{"count":1,"href":"https:\/\/notinor.com\/jujuy\/wp-json\/wp\/v2\/posts\/354184\/revisions"}],"predecessor-version":[{"id":354187,"href":"https:\/\/notinor.com\/jujuy\/wp-json\/wp\/v2\/posts\/354184\/revisions\/354187"}],"wp:featuredmedia":[{"embeddable":true,"href":"https:\/\/notinor.com\/jujuy\/wp-json\/wp\/v2\/media\/354185"}],"wp:attachment":[{"href":"https:\/\/notinor.com\/jujuy\/wp-json\/wp\/v2\/media?parent=354184"}],"wp:term":[{"taxonomy":"category","embeddable":true,"href":"https:\/\/notinor.com\/jujuy\/wp-json\/wp\/v2\/categories?post=354184"},{"taxonomy":"post_tag","embeddable":true,"href":"https:\/\/notinor.com\/jujuy\/wp-json\/wp\/v2\/tags?post=354184"}],"curies":[{"name":"wp","href":"https:\/\/api.w.org\/{rel}","templated":true}]}}