{"id":354181,"date":"2022-09-15T11:06:03","date_gmt":"2022-09-15T14:06:03","guid":{"rendered":"https:\/\/notinor.com\/jujuy\/?p=354181"},"modified":"2022-09-15T11:06:09","modified_gmt":"2022-09-15T14:06:09","slug":"el-instituto-de-derecho-animal-del-colegio-de-abogados-de-jujuy-manifesto-su-apoyo-a-la-reforma","status":"publish","type":"post","link":"https:\/\/notinor.com\/jujuy\/el-instituto-de-derecho-animal-del-colegio-de-abogados-de-jujuy-manifesto-su-apoyo-a-la-reforma\/","title":{"rendered":"El Instituto de Derecho Animal del Colegio de Abogados de Jujuy manifest\u00f3 su apoyo a la reforma"},"content":{"rendered":"\n<p class=\"has-medium-font-size\"><em><strong>Abogados especializados en leyes y preservaci\u00f3n se ofrecieron como asesores para la redacci\u00f3n de los art\u00edculos de protecci\u00f3n a distintas especies.<\/strong><\/em><\/p>\n\n\n\n<div class=\"wp-block-image\"><figure class=\"aligncenter size-large\"><img decoding=\"async\" loading=\"lazy\" width=\"840\" height=\"404\" src=\"https:\/\/notinor.com\/jujuy\/wp-content\/uploads\/2022\/09\/notinorrrrrrrrrrrrrrrrrrrrrrrrrrrrrrrrrrre-840x404.jpg\" alt=\"\" class=\"wp-image-354182\" srcset=\"https:\/\/notinor.com\/jujuy\/wp-content\/uploads\/2022\/09\/notinorrrrrrrrrrrrrrrrrrrrrrrrrrrrrrrrrrre-840x404.jpg 840w, https:\/\/notinor.com\/jujuy\/wp-content\/uploads\/2022\/09\/notinorrrrrrrrrrrrrrrrrrrrrrrrrrrrrrrrrrre-660x317.jpg 660w, https:\/\/notinor.com\/jujuy\/wp-content\/uploads\/2022\/09\/notinorrrrrrrrrrrrrrrrrrrrrrrrrrrrrrrrrrre-768x369.jpg 768w, https:\/\/notinor.com\/jujuy\/wp-content\/uploads\/2022\/09\/notinorrrrrrrrrrrrrrrrrrrrrrrrrrrrrrrrrrre-750x360.jpg 750w, https:\/\/notinor.com\/jujuy\/wp-content\/uploads\/2022\/09\/notinorrrrrrrrrrrrrrrrrrrrrrrrrrrrrrrrrrre-1140x548.jpg 1140w, https:\/\/notinor.com\/jujuy\/wp-content\/uploads\/2022\/09\/notinorrrrrrrrrrrrrrrrrrrrrrrrrrrrrrrrrrre.jpg 1197w\" sizes=\"(max-width: 840px) 100vw, 840px\" \/><\/figure><\/div>\n\n\n\n<p>Los abogados que trabajan por los derechos de los animales estuvieron entre los primeros en manifestar su apoyo a la reforma constitucional propuesta por el gobernador Gerardo Morales, y en celebrar <strong>su inclusi\u00f3n en la Carta Magna provincial.<\/strong> Adem\u00e1s, <strong>ofrecieron colaborar en la redacci\u00f3n de las normas que hacen referencia a su defensa.<\/strong><\/p>\n\n\n\n<p>Mariela De Simone, y la presidenta del Instituto de Derecho Animal del Colegio de Abogados, Dafne Georgina Rodr\u00edguez, se reunieron con el secretario de Gobierno de la provincia, Diego Rotela, y le expresaron su apoyo a la reforma <strong>\u201cen lo concerniente al reconocimiento y protecci\u00f3n de los dem\u00e1s animales\u201d.<\/strong><\/p>\n\n\n\n<div class=\"wp-block-image\"><figure class=\"aligncenter\"><img decoding=\"async\" src=\"https:\/\/media.prensa.jujuy.gob.ar\/p\/9334d30439f31d5e5a5849c4a7fa25fd\/adjuntos\/301\/imagenes\/000\/352\/0000352184\/whatsapp-image-2022-09-14-at-125902-pmjpeg.jpeg\" alt=\"El Instituto de Derecho Animal del Colegio de Abogados manifest\u00f3 su apoyo a la reforma\" \/><\/figure><\/div>\n\n\n\n<p>Adem\u00e1s, propusieron como normas adicionales<strong> \u201cla creaci\u00f3n de una fiscal\u00eda especializada, la creaci\u00f3n de la polic\u00eda animal y la ley de protecci\u00f3n integral\u201d. <\/strong>Los abogados consideraron que es necesario que la nueva Constituci\u00f3n declare a los animales como \u201csujetos especiales de protecci\u00f3n\u201d, es decir que el Estado ponga particular atenci\u00f3n en ellos \u201cpor estar dentro del sector vulnerable de la sociedad\u201d.<\/p>\n\n\n\n<p>Del mismo modo, los letrados se\u00f1alaron que <strong>si los animales son declarados como \u201csujetos de protecci\u00f3n\u201d en la nueva Carta Magna, ser\u00e1 de \u201cgran ayuda para evitar la extinci\u00f3n de animales que se encuentran amenazados como el c\u00f3ndor, el tuc\u00e1n y el yaguaret\u00e9\u201d.<\/strong> Justamente, la conservaci\u00f3n de las especies locales es una de las principales preocupaciones del gobernador Gerardo Morales.<\/p>\n\n\n\n<p>Por \u00faltimo, se\u00f1alaron su inter\u00e9s de colaborar de manera desinteresada para \u201ctratar los temas concernientes a la materia de derecho animal\u201d, y esperan que la inclusi\u00f3n de los derechos de los animales en la Carta Magna sea \u201cde gran avance y <strong>marque un precedente a nivel mundial\u201d.<\/strong><\/p>\n\n\n\n<p>Por su parte, Diego Rotela, en nombre del Gobierno provincial, agradeci\u00f3 los importantes aportes y se\u00f1al\u00f3 que<strong> todos los sectores de la comunidad tendr\u00e1n la posibilidad de realizar sus propuestas y sugerencias,<\/strong> del mismo modo que lo har\u00e1 el Instituto de Derecho Animal del Colegio de Abogados.<\/p>\n","protected":false},"excerpt":{"rendered":"<p>Abogados especializados en leyes y preservaci\u00f3n se ofrecieron como asesores para la redacci\u00f3n de los art\u00edculos de protecci\u00f3n a distintas especies. Los abogados que trabajan por los derechos de los animales estuvieron entre los primeros en manifestar su apoyo a la reforma constitucional propuesta por el gobernador Gerardo Morales, y en celebrar su inclusi\u00f3n en [&hellip;]<\/p>\n","protected":false},"author":37,"featured_media":354182,"comment_status":"open","ping_status":"open","sticky":false,"template":"","format":"standard","meta":{"_stopmodifiedupdate":false,"_modified_date":"","inline_featured_image":false,"spay_email":"","jetpack_publicize_message":""},"categories":[2],"tags":[],"jetpack_featured_media_url":"https:\/\/notinor.com\/jujuy\/wp-content\/uploads\/2022\/09\/notinorrrrrrrrrrrrrrrrrrrrrrrrrrrrrrrrrrre.jpg","jetpack_publicize_connections":[],"_links":{"self":[{"href":"https:\/\/notinor.com\/jujuy\/wp-json\/wp\/v2\/posts\/354181"}],"collection":[{"href":"https:\/\/notinor.com\/jujuy\/wp-json\/wp\/v2\/posts"}],"about":[{"href":"https:\/\/notinor.com\/jujuy\/wp-json\/wp\/v2\/types\/post"}],"author":[{"embeddable":true,"href":"https:\/\/notinor.com\/jujuy\/wp-json\/wp\/v2\/users\/37"}],"replies":[{"embeddable":true,"href":"https:\/\/notinor.com\/jujuy\/wp-json\/wp\/v2\/comments?post=354181"}],"version-history":[{"count":1,"href":"https:\/\/notinor.com\/jujuy\/wp-json\/wp\/v2\/posts\/354181\/revisions"}],"predecessor-version":[{"id":354183,"href":"https:\/\/notinor.com\/jujuy\/wp-json\/wp\/v2\/posts\/354181\/revisions\/354183"}],"wp:featuredmedia":[{"embeddable":true,"href":"https:\/\/notinor.com\/jujuy\/wp-json\/wp\/v2\/media\/354182"}],"wp:attachment":[{"href":"https:\/\/notinor.com\/jujuy\/wp-json\/wp\/v2\/media?parent=354181"}],"wp:term":[{"taxonomy":"category","embeddable":true,"href":"https:\/\/notinor.com\/jujuy\/wp-json\/wp\/v2\/categories?post=354181"},{"taxonomy":"post_tag","embeddable":true,"href":"https:\/\/notinor.com\/jujuy\/wp-json\/wp\/v2\/tags?post=354181"}],"curies":[{"name":"wp","href":"https:\/\/api.w.org\/{rel}","templated":true}]}}