{"id":354178,"date":"2022-09-15T10:25:17","date_gmt":"2022-09-15T13:25:17","guid":{"rendered":"https:\/\/notinor.com\/jujuy\/?p=354178"},"modified":"2022-09-15T10:25:22","modified_gmt":"2022-09-15T13:25:22","slug":"se-habilito-un-puesto-de-salud-itinerante-para-peregrinos-que-llegan-a-salta","status":"publish","type":"post","link":"https:\/\/notinor.com\/jujuy\/se-habilito-un-puesto-de-salud-itinerante-para-peregrinos-que-llegan-a-salta\/","title":{"rendered":"Se habilit\u00f3 un puesto de salud itinerante para peregrinos que llegan a Salta"},"content":{"rendered":"\n<p class=\"has-medium-font-size\"><em><strong>M\u00e9dicos y enfermeros realizan controles de par\u00e1metros vitales y curaciones planas de heridas para fieles que participan de la Fiesta del Milagro en la provincia.<\/strong><\/em><\/p>\n\n\n\n<div class=\"wp-block-image\"><figure class=\"aligncenter size-large\"><img decoding=\"async\" loading=\"lazy\" width=\"560\" height=\"405\" src=\"https:\/\/notinor.com\/jujuy\/wp-content\/uploads\/2022\/09\/84891-se-habilito-un-puesto-de-salud-itinerante-para-peregrinos-que-llegan-a-la-ciudad.jpg\" alt=\"\" class=\"wp-image-354179\" srcset=\"https:\/\/notinor.com\/jujuy\/wp-content\/uploads\/2022\/09\/84891-se-habilito-un-puesto-de-salud-itinerante-para-peregrinos-que-llegan-a-la-ciudad.jpg 560w, https:\/\/notinor.com\/jujuy\/wp-content\/uploads\/2022\/09\/84891-se-habilito-un-puesto-de-salud-itinerante-para-peregrinos-que-llegan-a-la-ciudad-505x365.jpg 505w, https:\/\/notinor.com\/jujuy\/wp-content\/uploads\/2022\/09\/84891-se-habilito-un-puesto-de-salud-itinerante-para-peregrinos-que-llegan-a-la-ciudad-120x86.jpg 120w\" sizes=\"(max-width: 560px) 100vw, 560px\" \/><\/figure><\/div>\n\n\n\n<p>Desde el martes un equipo del Centro COVID-19 Salta conformado por m\u00e9dicos y enfermeros, brindan atenci\u00f3n sanitaria a peregrinos que ingresan a la ciudad de Salta por zona sur. Durante la jornada de hoy, el puesto de salud itinerante est\u00e1 ubicado en la Sociedad Rural Salte\u00f1a, en el horario de 10 a 15.<\/p>\n\n\n\n<p>Al respecto la directora m\u00e9dica del Centro COVID-19 Salta, Carmen De La Serna, expres\u00f3 que \u201clos profesionales <strong>est\u00e1n realizando curaciones planas de heridas en los pies, control de par\u00e1metros vitales <\/strong>como presi\u00f3n arterial <strong>y saturaci\u00f3n de ox\u00edgeno<\/strong>\u201d.<\/p>\n\n\n\n<p>Adem\u00e1s, indic\u00f3 que, <strong>el puesto de salud tiene medicaci\u00f3n para tratamiento por deshidrataci\u00f3n y glucemia.<\/strong><\/p>\n\n\n\n<p>\u201cEn el caso de que alg\u00fan peregrino precise de atenci\u00f3n de emergencia e<strong>n el alg\u00fan establecimiento de complejidad, ser\u00e1 derivado a trav\u00e9s del Sistema de Asistencia M\u00e9dica para Emergencia y Cat\u00e1strofes <\/strong>(SAMEC)\u201d, concluy\u00f3 De La Serna.\u00a0<\/p>\n\n\n\n<p><a href=\"https:\/\/notinor.com\/jujuy\/empieza-la-fiesta-del-milagro-y-el-peregrinaje-mas-largo-que-se-vive-en-salta\/\">La tradicional festividad religiosa del Se\u00f1or y la Virgen del Milagro volvi\u00f3 a congregar a miles de fieles<\/a>, despu\u00e9s de dos a\u00f1os de restricciones por la pandemia de la covid-19.\u00a0Es la fiesta m\u00e1s popular y concurrida de Salta, <strong>con cientos de miles de personas cada 15 de septiembre, d\u00eda en que las im\u00e1genes recorren la ciudad de Salta para concluir en la renovaci\u00f3n del pacto de fidelidad.<\/strong><\/p>\n\n\n\n<p><a href=\"https:\/\/notinor.com\/jujuy\/las-imagenes-peregrinas-del-milagro-recorreran-los-barrios-asi-sera-el-nuevo-circuito\/\">En este sentido, la Municipalidad diagram\u00f3 un dispositivo especial<\/a> que saldr\u00e1 con las sagradas im\u00e1genes peregrinas del Milagro desde la Catedral Bas\u00edlica de Salta.<\/p>\n\n\n\n<p>El circuito total organizado para este a\u00f1o alcanza los 28 km a lo largo y ancho de la ciudad de acuerdo al siguiente recorrido:<\/p>\n\n\n\n<div class=\"wp-block-image\"><figure class=\"aligncenter\"><img decoding=\"async\" src=\"https:\/\/municipalidadsalta.gob.ar\/wp-content\/uploads\/2022\/09\/imagenes-peregrinas-milagro-mapa-2-794x1024.jpg\" alt=\"\" \/><\/figure><\/div>\n","protected":false},"excerpt":{"rendered":"<p>M\u00e9dicos y enfermeros realizan controles de par\u00e1metros vitales y curaciones planas de heridas para fieles que participan de la Fiesta del Milagro en la provincia. Desde el martes un equipo del Centro COVID-19 Salta conformado por m\u00e9dicos y enfermeros, brindan atenci\u00f3n sanitaria a peregrinos que ingresan a la ciudad de Salta por zona sur. Durante [&hellip;]<\/p>\n","protected":false},"author":37,"featured_media":354179,"comment_status":"open","ping_status":"open","sticky":false,"template":"","format":"standard","meta":{"_stopmodifiedupdate":false,"_modified_date":"","inline_featured_image":false,"spay_email":"","jetpack_publicize_message":""},"categories":[5],"tags":[],"jetpack_featured_media_url":"https:\/\/notinor.com\/jujuy\/wp-content\/uploads\/2022\/09\/84891-se-habilito-un-puesto-de-salud-itinerante-para-peregrinos-que-llegan-a-la-ciudad.jpg","jetpack_publicize_connections":[],"_links":{"self":[{"href":"https:\/\/notinor.com\/jujuy\/wp-json\/wp\/v2\/posts\/354178"}],"collection":[{"href":"https:\/\/notinor.com\/jujuy\/wp-json\/wp\/v2\/posts"}],"about":[{"href":"https:\/\/notinor.com\/jujuy\/wp-json\/wp\/v2\/types\/post"}],"author":[{"embeddable":true,"href":"https:\/\/notinor.com\/jujuy\/wp-json\/wp\/v2\/users\/37"}],"replies":[{"embeddable":true,"href":"https:\/\/notinor.com\/jujuy\/wp-json\/wp\/v2\/comments?post=354178"}],"version-history":[{"count":1,"href":"https:\/\/notinor.com\/jujuy\/wp-json\/wp\/v2\/posts\/354178\/revisions"}],"predecessor-version":[{"id":354180,"href":"https:\/\/notinor.com\/jujuy\/wp-json\/wp\/v2\/posts\/354178\/revisions\/354180"}],"wp:featuredmedia":[{"embeddable":true,"href":"https:\/\/notinor.com\/jujuy\/wp-json\/wp\/v2\/media\/354179"}],"wp:attachment":[{"href":"https:\/\/notinor.com\/jujuy\/wp-json\/wp\/v2\/media?parent=354178"}],"wp:term":[{"taxonomy":"category","embeddable":true,"href":"https:\/\/notinor.com\/jujuy\/wp-json\/wp\/v2\/categories?post=354178"},{"taxonomy":"post_tag","embeddable":true,"href":"https:\/\/notinor.com\/jujuy\/wp-json\/wp\/v2\/tags?post=354178"}],"curies":[{"name":"wp","href":"https:\/\/api.w.org\/{rel}","templated":true}]}}