{"id":354163,"date":"2022-09-15T09:47:21","date_gmt":"2022-09-15T12:47:21","guid":{"rendered":"https:\/\/notinor.com\/jujuy\/?p=354163"},"modified":"2022-09-15T10:03:17","modified_gmt":"2022-09-15T13:03:17","slug":"omar-gutierrez-no-es-un-adios-al-barbijo-sino-que-simplemente-deja-de-ser-obligatorio","status":"publish","type":"post","link":"https:\/\/notinor.com\/jujuy\/omar-gutierrez-no-es-un-adios-al-barbijo-sino-que-simplemente-deja-de-ser-obligatorio\/","title":{"rendered":"Omar Guti\u00e9rrez: \u201cNo es un adi\u00f3s al barbijo, sino que simplemente deja de ser obligatorio\u201d"},"content":{"rendered":"\n<p class=\"has-medium-font-size\"><em><strong>El titular del Comit\u00e9 Operativo de Emergencia (COE) se refiri\u00f3 a la medida que dispuso este mi\u00e9rcoles Jujuy y pidi\u00f3 a la poblaci\u00f3n que se siga vacunando. \u201cSin buenos niveles de vacunaci\u00f3n, no habr\u00edamos podido dar este paso\u201d, indic\u00f3.<\/strong><\/em><\/p>\n\n\n\n<div class=\"wp-block-image\"><figure class=\"aligncenter size-large\"><img decoding=\"async\" loading=\"lazy\" width=\"840\" height=\"440\" src=\"https:\/\/notinor.com\/jujuy\/wp-content\/uploads\/2022\/09\/42YQ7PLT3RE6DCZLKQFRIBVCH4-1-840x440.jpeg\" alt=\"\" class=\"wp-image-354167\" srcset=\"https:\/\/notinor.com\/jujuy\/wp-content\/uploads\/2022\/09\/42YQ7PLT3RE6DCZLKQFRIBVCH4-1-840x440.jpeg 840w, https:\/\/notinor.com\/jujuy\/wp-content\/uploads\/2022\/09\/42YQ7PLT3RE6DCZLKQFRIBVCH4-1-660x345.jpeg 660w, https:\/\/notinor.com\/jujuy\/wp-content\/uploads\/2022\/09\/42YQ7PLT3RE6DCZLKQFRIBVCH4-1-768x402.jpeg 768w, https:\/\/notinor.com\/jujuy\/wp-content\/uploads\/2022\/09\/42YQ7PLT3RE6DCZLKQFRIBVCH4-1-750x393.jpeg 750w, https:\/\/notinor.com\/jujuy\/wp-content\/uploads\/2022\/09\/42YQ7PLT3RE6DCZLKQFRIBVCH4-1-1140x597.jpeg 1140w, https:\/\/notinor.com\/jujuy\/wp-content\/uploads\/2022\/09\/42YQ7PLT3RE6DCZLKQFRIBVCH4-1.jpeg 1200w\" sizes=\"(max-width: 840px) 100vw, 840px\" \/><\/figure><\/div>\n\n\n\n<p>El Gobierno de Jujuy resolvi\u00f3<strong> eliminar la obligatoriedad del uso de barbijo en espacios cerrados<\/strong>, por lo que su utilizaci\u00f3n ser\u00e1 optativa en entidades p\u00fablicas y privadas.\u00a0Gerardo Morales firm\u00f3 el decreto que puso fin a la medida, entendiendo que la situaci\u00f3n est\u00e1 controlada. <\/p>\n\n\n\n<blockquote class=\"wp-block-quote\"><p>\"No dir\u00eda que es un adi\u00f3s al barbijo, sino que simplemente deja de ser obligatorio\"<\/p><\/blockquote>\n\n\n\n<p> El titular del COE, Omar Guti\u00e9rrez, adem\u00e1s aclar\u00f3 que <strong>\u201cno quiere decir que no se establezcan recomendaciones para su uso\u201d<\/strong> y destac\u00f3 que la situaci\u00f3n epidemiol\u00f3gica que atraviesa hoy la provincia permiti\u00f3 avanzar en la medida. <\/p>\n\n\n\n<blockquote class=\"wp-block-quote\"><p>\u201cLa situaci\u00f3n controlada, la llegada de los meses de m\u00e1s calor y el avance del plan de vacunaci\u00f3n que ha sido fuerte nos permitieron dejar de implementar una medida de obligatoriedad del uso del barbijo y pasa a ser una recomendaci\u00f3n\u201d, explic\u00f3.<\/p><\/blockquote>\n\n\n\n<p>\u201cTodos sabemos cu\u00e1les son las situaciones de mayores riesgos y <strong>el barbijo pasa a ser una herramienta m\u00e1s que podemos utilizar al igual que el lavado de manos, la ventilaci\u00f3n de los ambientes y toser en el pliegue del codo<\/strong>\u201d, continu\u00f3 Guti\u00e9rrez.<\/p>\n\n\n\n<p>A su vez, <strong>inst\u00f3 a la poblaci\u00f3n a que siga vacun\u00e1ndose contra el Covid<\/strong>. \u201cNo es obligatorio tampoco, pero sabemos que es una herramienta v\u00e1lida\u201d, dijo y resalt\u00f3 que \u201csi no tuvi\u00e9ramos buenos niveles de vacunaci\u00f3n, no podr\u00edamos dar este paso\u201d.<\/p>\n\n\n\n<h2>El  uso del barbijo en el resto del pa\u00eds:<\/h2>\n\n\n\n<div class=\"wp-block-image\"><figure class=\"aligncenter size-large\"><img decoding=\"async\" loading=\"lazy\" width=\"480\" height=\"480\" src=\"https:\/\/notinor.com\/jujuy\/wp-content\/uploads\/2022\/09\/FEED-INSTAGRAM-3-480x480.png\" alt=\"\" class=\"wp-image-354175\" srcset=\"https:\/\/notinor.com\/jujuy\/wp-content\/uploads\/2022\/09\/FEED-INSTAGRAM-3-480x480.png 480w, https:\/\/notinor.com\/jujuy\/wp-content\/uploads\/2022\/09\/FEED-INSTAGRAM-3-365x365.png 365w, https:\/\/notinor.com\/jujuy\/wp-content\/uploads\/2022\/09\/FEED-INSTAGRAM-3-768x768.png 768w, https:\/\/notinor.com\/jujuy\/wp-content\/uploads\/2022\/09\/FEED-INSTAGRAM-3-75x75.png 75w, https:\/\/notinor.com\/jujuy\/wp-content\/uploads\/2022\/09\/FEED-INSTAGRAM-3-750x750.png 750w, https:\/\/notinor.com\/jujuy\/wp-content\/uploads\/2022\/09\/FEED-INSTAGRAM-3.png 1080w\" sizes=\"(max-width: 480px) 100vw, 480px\" \/><\/figure><\/div>\n\n\n\n<p><\/p>\n","protected":false},"excerpt":{"rendered":"<p>El titular del Comit\u00e9 Operativo de Emergencia (COE) se refiri\u00f3 a la medida que dispuso este mi\u00e9rcoles Jujuy y pidi\u00f3 a la poblaci\u00f3n que se siga vacunando. \u201cSin buenos niveles de vacunaci\u00f3n, no habr\u00edamos podido dar este paso\u201d, indic\u00f3. El Gobierno de Jujuy resolvi\u00f3 eliminar la obligatoriedad del uso de barbijo en espacios cerrados, por [&hellip;]<\/p>\n","protected":false},"author":37,"featured_media":354167,"comment_status":"open","ping_status":"open","sticky":false,"template":"","format":"standard","meta":{"_stopmodifiedupdate":false,"_modified_date":"","inline_featured_image":false,"spay_email":"","jetpack_publicize_message":""},"categories":[2],"tags":[],"jetpack_featured_media_url":"https:\/\/notinor.com\/jujuy\/wp-content\/uploads\/2022\/09\/42YQ7PLT3RE6DCZLKQFRIBVCH4-1.jpeg","jetpack_publicize_connections":[],"_links":{"self":[{"href":"https:\/\/notinor.com\/jujuy\/wp-json\/wp\/v2\/posts\/354163"}],"collection":[{"href":"https:\/\/notinor.com\/jujuy\/wp-json\/wp\/v2\/posts"}],"about":[{"href":"https:\/\/notinor.com\/jujuy\/wp-json\/wp\/v2\/types\/post"}],"author":[{"embeddable":true,"href":"https:\/\/notinor.com\/jujuy\/wp-json\/wp\/v2\/users\/37"}],"replies":[{"embeddable":true,"href":"https:\/\/notinor.com\/jujuy\/wp-json\/wp\/v2\/comments?post=354163"}],"version-history":[{"count":2,"href":"https:\/\/notinor.com\/jujuy\/wp-json\/wp\/v2\/posts\/354163\/revisions"}],"predecessor-version":[{"id":354176,"href":"https:\/\/notinor.com\/jujuy\/wp-json\/wp\/v2\/posts\/354163\/revisions\/354176"}],"wp:featuredmedia":[{"embeddable":true,"href":"https:\/\/notinor.com\/jujuy\/wp-json\/wp\/v2\/media\/354167"}],"wp:attachment":[{"href":"https:\/\/notinor.com\/jujuy\/wp-json\/wp\/v2\/media?parent=354163"}],"wp:term":[{"taxonomy":"category","embeddable":true,"href":"https:\/\/notinor.com\/jujuy\/wp-json\/wp\/v2\/categories?post=354163"},{"taxonomy":"post_tag","embeddable":true,"href":"https:\/\/notinor.com\/jujuy\/wp-json\/wp\/v2\/tags?post=354163"}],"curies":[{"name":"wp","href":"https:\/\/api.w.org\/{rel}","templated":true}]}}