{"id":354151,"date":"2022-09-15T09:25:21","date_gmt":"2022-09-15T12:25:21","guid":{"rendered":"https:\/\/notinor.com\/jujuy\/?p=354151"},"modified":"2022-09-15T10:10:16","modified_gmt":"2022-09-15T13:10:16","slug":"construiran-el-parque-industrial-de-ledesma-en-jujuy","status":"publish","type":"post","link":"https:\/\/notinor.com\/jujuy\/construiran-el-parque-industrial-de-ledesma-en-jujuy\/","title":{"rendered":"Construir\u00e1n el Parque Industrial de Ledesma en Jujuy"},"content":{"rendered":"\n<p class=\"has-medium-font-size\"><em><strong>El gobernador de la provincia, Gerardo Morales, firm\u00f3 un decreto para la creaci\u00f3n del complejo, que estar\u00e1 ubicado en la ciudad de Libertador General San Mart\u00edn, donde se encuentra el polo agroindustrial de la empresa.<\/strong><\/em><\/p>\n\n\n\n<div class=\"wp-block-image\"><figure class=\"aligncenter size-large\"><img decoding=\"async\" loading=\"lazy\" width=\"840\" height=\"480\" src=\"https:\/\/notinor.com\/jujuy\/wp-content\/uploads\/2022\/09\/notinorrrrrrrrrrrrrrrrrr-840x480.jpg\" alt=\"\" class=\"wp-image-354152\" srcset=\"https:\/\/notinor.com\/jujuy\/wp-content\/uploads\/2022\/09\/notinorrrrrrrrrrrrrrrrrr-840x480.jpg 840w, https:\/\/notinor.com\/jujuy\/wp-content\/uploads\/2022\/09\/notinorrrrrrrrrrrrrrrrrr-638x365.jpg 638w, https:\/\/notinor.com\/jujuy\/wp-content\/uploads\/2022\/09\/notinorrrrrrrrrrrrrrrrrr-768x439.jpg 768w, https:\/\/notinor.com\/jujuy\/wp-content\/uploads\/2022\/09\/notinorrrrrrrrrrrrrrrrrr-750x429.jpg 750w, https:\/\/notinor.com\/jujuy\/wp-content\/uploads\/2022\/09\/notinorrrrrrrrrrrrrrrrrr-1140x652.jpg 1140w, https:\/\/notinor.com\/jujuy\/wp-content\/uploads\/2022\/09\/notinorrrrrrrrrrrrrrrrrr.jpg 1271w\" sizes=\"(max-width: 840px) 100vw, 840px\" \/><\/figure><\/div>\n\n\n\n<p>Este martes, el gobernador de Jujuy, Gerardo Morales, <strong>sancion\u00f3 el decreto que permitir\u00e1 la creaci\u00f3n del Parque Industrial Ledesma<\/strong>, el cual estar\u00e1 ubicado en la ciudad de Libertador General San Mart\u00edn, donde se encuentra radicado el complejo agroindustrial de la empresa.<\/p>\n\n\n\n<p>Esta iniciativa propone la <strong>radicaci\u00f3n de nuevas empresas de bajo impacto ambiental<\/strong> que, bajo el concepto de econom\u00eda circular, <strong>brinden un valor agregado a la cadena productiva y fomenten la generaci\u00f3n de empleo en la regi\u00f3n.<\/strong><\/p>\n\n\n\n<p>El proyecto de creaci\u00f3n del Parque Industrial Ledesma fue anunciado por la compa\u00f1\u00eda en 2020,<strong>&nbsp;tras lo cual se realiz\u00f3 el correspondiente estudio de impacto ambiental y se gestion\u00f3 la aprobaci\u00f3n del proyecto.<\/strong><\/p>\n\n\n\n<p>La empresa viene creciendo y trabajando con ideales que procuran el cuidado del medio ambiente, hace meses puso en marcha una nueva m\u00e1quina en su f\u00e1brica de papel tras una inversi\u00f3n millonaria para <a href=\"https:\/\/notinor.com\/jujuy\/ledesma-aumenta-la-produccion-de-su-papel-natural\/\">producir papel natural 100 % ca\u00f1a de az\u00facar, con destino a mercados europeos y norteamericanos.<\/a><\/p>\n\n\n\n<p>Adem\u00e1s invirti\u00f3 en<strong>&nbsp;<\/strong><a href=\"https:\/\/notinor.com\/jujuy\/gerardo-morales-dio-inicio-a-la-zafra-2022-del-ingenio-ledesma\/\"><strong>el inicio de la cosecha anual de la ca\u00f1a de az\u00facar en la provincia<\/strong>,<\/a>&nbsp;donde se origina el proceso productivo de az\u00facar, papel, bioetanol, cuadernos, repuestos y productos electrol\u00edticos como hipoclorito.<\/p>\n\n\n\n<p>\"<a href=\"https:\/\/notinor.com\/jujuy\/ledesma-amplia-las-inversiones-en-el-inicio-de-la-zafra-su-plan-para-la-proxima-cosecha\/\">Queremos que Ledesma sea un modelo de transformaci\u00f3n tecnol\u00f3gica en la agroindustria argentina&nbsp;<\/a>y para eso estamos trabajando, tanto en Jujuy como en Buenos Aires y en Entre R\u00edos, con nuestro negocio agropecuario\", se\u00f1al\u00f3 Fernando del Pino, gerente de Campo de Ledesma.<\/p>\n\n\n\n<div class=\"wp-block-image\"><figure class=\"aligncenter size-large\"><img decoding=\"async\" loading=\"lazy\" width=\"840\" height=\"456\" src=\"https:\/\/notinor.com\/jujuy\/wp-content\/uploads\/2022\/09\/notinorrr-1-840x456.jpg\" alt=\"\" class=\"wp-image-354155\" srcset=\"https:\/\/notinor.com\/jujuy\/wp-content\/uploads\/2022\/09\/notinorrr-1-840x456.jpg 840w, https:\/\/notinor.com\/jujuy\/wp-content\/uploads\/2022\/09\/notinorrr-1-660x358.jpg 660w, https:\/\/notinor.com\/jujuy\/wp-content\/uploads\/2022\/09\/notinorrr-1-768x417.jpg 768w, https:\/\/notinor.com\/jujuy\/wp-content\/uploads\/2022\/09\/notinorrr-1-750x407.jpg 750w, https:\/\/notinor.com\/jujuy\/wp-content\/uploads\/2022\/09\/notinorrr-1-1140x619.jpg 1140w, https:\/\/notinor.com\/jujuy\/wp-content\/uploads\/2022\/09\/notinorrr-1.jpg 1273w\" sizes=\"(max-width: 840px) 100vw, 840px\" \/><\/figure><\/div>\n\n\n\n<h2>Ledesma se consolida como una empresa verde<\/h2>\n\n\n\n<p>Desde la entidad mantienen el concepto de sostenibilidad y cuidado ambiental\u00a0desde hace tiempo, por lo que <a href=\"https:\/\/notinor.com\/jujuy\/energia-limpia-papel-natural-y-areas-protegidas-ledesma-se-consolida-como-una-empresa-verde\/\">recibi\u00f3 el Pr\u00e9stamo Verde del Banco Franc\u00e9s<\/a> y desarrollaron un\u00a0plan<strong> <\/strong>basado en cinco pilares: <strong>preservaci\u00f3n del ambiente; bienestar y seguridad de las personas; desarrollo de la cadena de valor; progreso de las comunidades locales y competitividad econ\u00f3mica. <\/strong>Todos atravesados por los ejes transversales de innovaci\u00f3n y transparencia<\/p>\n\n\n\n<p>Seg\u00fan explic\u00f3, en dialogo con<strong> Notinor<\/strong>, el gerente de Innovaci\u00f3n y Medio Ambiente de la empresa Ledesma,&nbsp;<strong>H\u00e9ctor P\u00e1ez,<\/strong> <strong>Ledesma realiza un total de<\/strong>&nbsp;<strong>70 acciones en diferentes rubros enfocadas a preservar el medio ambiente<\/strong>:<\/p>\n\n\n\n<blockquote class=\"wp-block-quote\"><p>Actualmente impulsamos el control y reducci\u00f3n de emisiones a la atmosfera, la producci\u00f3n de energ\u00eda renovable, damos capacitaciones y acercamos la empresa a la sociedad<\/p><\/blockquote>\n","protected":false},"excerpt":{"rendered":"<p>El gobernador de la provincia, Gerardo Morales, firm\u00f3 un decreto para la creaci\u00f3n del complejo, que estar\u00e1 ubicado en la ciudad de Libertador General San Mart\u00edn, donde se encuentra el polo agroindustrial de la empresa. Este martes, el gobernador de Jujuy, Gerardo Morales, sancion\u00f3 el decreto que permitir\u00e1 la creaci\u00f3n del Parque Industrial Ledesma, el [&hellip;]<\/p>\n","protected":false},"author":37,"featured_media":354152,"comment_status":"open","ping_status":"open","sticky":false,"template":"","format":"standard","meta":{"_stopmodifiedupdate":false,"_modified_date":"","inline_featured_image":false,"spay_email":"","jetpack_publicize_message":""},"categories":[2,1158],"tags":[],"jetpack_featured_media_url":"https:\/\/notinor.com\/jujuy\/wp-content\/uploads\/2022\/09\/notinorrrrrrrrrrrrrrrrrr.jpg","jetpack_publicize_connections":[],"_links":{"self":[{"href":"https:\/\/notinor.com\/jujuy\/wp-json\/wp\/v2\/posts\/354151"}],"collection":[{"href":"https:\/\/notinor.com\/jujuy\/wp-json\/wp\/v2\/posts"}],"about":[{"href":"https:\/\/notinor.com\/jujuy\/wp-json\/wp\/v2\/types\/post"}],"author":[{"embeddable":true,"href":"https:\/\/notinor.com\/jujuy\/wp-json\/wp\/v2\/users\/37"}],"replies":[{"embeddable":true,"href":"https:\/\/notinor.com\/jujuy\/wp-json\/wp\/v2\/comments?post=354151"}],"version-history":[{"count":2,"href":"https:\/\/notinor.com\/jujuy\/wp-json\/wp\/v2\/posts\/354151\/revisions"}],"predecessor-version":[{"id":354177,"href":"https:\/\/notinor.com\/jujuy\/wp-json\/wp\/v2\/posts\/354151\/revisions\/354177"}],"wp:featuredmedia":[{"embeddable":true,"href":"https:\/\/notinor.com\/jujuy\/wp-json\/wp\/v2\/media\/354152"}],"wp:attachment":[{"href":"https:\/\/notinor.com\/jujuy\/wp-json\/wp\/v2\/media?parent=354151"}],"wp:term":[{"taxonomy":"category","embeddable":true,"href":"https:\/\/notinor.com\/jujuy\/wp-json\/wp\/v2\/categories?post=354151"},{"taxonomy":"post_tag","embeddable":true,"href":"https:\/\/notinor.com\/jujuy\/wp-json\/wp\/v2\/tags?post=354151"}],"curies":[{"name":"wp","href":"https:\/\/api.w.org\/{rel}","templated":true}]}}