{"id":354114,"date":"2022-09-15T10:26:09","date_gmt":"2022-09-15T13:26:09","guid":{"rendered":"https:\/\/notinor.com\/jujuy\/?p=354114"},"modified":"2022-09-14T23:30:42","modified_gmt":"2022-09-15T02:30:42","slug":"la-politica-exterior-clave-para-el-crecimiento-futuro-de-la-argentina","status":"publish","type":"post","link":"https:\/\/notinor.com\/jujuy\/la-politica-exterior-clave-para-el-crecimiento-futuro-de-la-argentina\/","title":{"rendered":"La pol\u00edtica exterior: clave para el crecimiento futuro de la Argentina"},"content":{"rendered":"\n<p class=\"has-medium-font-size\"><strong><em>Nuestra energ\u00eda es directamente proporcional al foco que elegimos: pongamos en foco a la Argentina como pa\u00eds privilegiado. All\u00ed es imprescindible pensar hacia el futuro y construir escenarios como naci\u00f3n especialmente en materia de pol\u00edtica exterior, a eso refiere la presente s\u00edntesis.<\/em><\/strong><\/p>\n\n\n\n<p><strong>Por Fundaci\u00f3n Ricardo Rojas<\/strong><\/p>\n\n\n\n<div class=\"wp-block-image\"><figure class=\"aligncenter\"><img decoding=\"async\" src=\"https:\/\/conteudo.imguol.com.br\/c\/entretenimento\/e2\/2020\/10\/27\/bandeira-argentina-1603815492437_v2_900x506.jpg\" alt=\"2022: Projeto argentino prev\u00ea crescer 4% do PIB e infla\u00e7\u00e3o de 33%\"\/><\/figure><\/div>\n\n\n\n<p>La Argentina, que hist\u00f3ricamente trabaja en la construcci\u00f3n de su autonom\u00eda en pol\u00edtica exterior de distintas formas, como resultado de las tendencias que se avizoran,<strong> tiene la oportunidad de incrementar su presencia internacional pol\u00edtica, social y cultural, econ\u00f3mica y comercial,<\/strong> avanzando desde la autonom\u00eda que se expresa primordialmente a trav\u00e9s de la participaci\u00f3n, a la autonom\u00eda que se manifiesta mediante la mayor diversificaci\u00f3n posible de los socios de nuestro pa\u00eds.<\/p>\n\n\n\n<p><strong>Ello sobre la base del trabajo constructivo con el Norte global y el aumento del v\u00ednculo con el Sur global, mediante la elecci\u00f3n de priorizar las relaciones con otros pa\u00edses emergentes, <\/strong>como una construcci\u00f3n central que dar\u00e1 una nueva perspectiva a las respuestas a las necesidades pol\u00edticas, sociales y culturales, ambientales, econ\u00f3micas y comerciales, e impulsar\u00e1 la prosperidad en t\u00e9rminos concretos en beneficio del pa\u00eds y de todos sus habitantes.<\/p>\n\n\n\n<p><strong>Es preciso proyectar la pol\u00edtica exterior hacia el futuro, tomando en consideraci\u00f3n los hechos internacionales que se suceden y los que se avizoran especialmente en el largo plazo,<\/strong> advirtiendo la relevancia de la multipolaridad, la diversificaci\u00f3n de los socios de la rep\u00fablica y la actuaci\u00f3n como mediador en conflictos, brindando su apoyo ante desentendimientos y como promotor de la paz, en particular de la regi\u00f3n de Am\u00e9rica Latina y el Caribe, y la creaci\u00f3n de oportunidades que se abrir\u00e1n y requieren de criterio y conocimiento impulsados por la profesi\u00f3n de construir la pol\u00edtica exterior.<\/p>\n\n\n\n<p><strong>En ese sentido, la pol\u00edtica exterior argentina abandera la defensa irrestricta de los derechos humanos y del derecho internacional humanitario;<\/strong> ning\u00fan atropello a los derechos humanos o al derecho internacional humanitario se corresponde con estas prioridades ni puede tener lugar a nombre de un gobierno democr\u00e1tico y republicano.<\/p>\n\n\n\n<p><strong>Reconoce el rol de la econom\u00eda de mercado en el proceso econ\u00f3mico y social, sobre la premisa de que debe la democracia, en conjunto con la econom\u00eda de mercado, ofrecer las condiciones para desarrollar y realizar los derechos humanos de las personas; <\/strong>reconocimiento de acuerdo con los postulados de las Naciones Unidas y de los Objetivos de Desarrollo Sostenible de la Agenda 2030.<\/p>\n\n\n\n<p>As\u00ed, esta proyecci\u00f3n permite observar que es apropiado sostener internacionalmente la posici\u00f3n relativa a la impulsi\u00f3n del mercado como sea factible y del Estado como haga falta,<strong> abogando por la justicia, la equidad, la contenci\u00f3n sociales y el paradigma de la libertad.<\/strong><\/p>\n\n\n\n<p><strong>Ello con la prioridad de actuar para: hacer frente a la creciente pobreza, empoderar a las mujeres y las ni\u00f1as, <\/strong>considerar a los Pueblos Ind\u00edgenas en los t\u00e9rminos del art\u00edculo 75, incisos 22 y 17 de la Constituci\u00f3n Nacional, a las comunidades locales, y afrontar la emergencia ambiental de los suelos, del clima y de la biodiversidad.<\/p>\n\n\n\n<p>Desde esta mirada, la pol\u00edtica exterior impulsar\u00e1 y promover\u00e1 la garant\u00eda de la igualdad de oportunidades internacionales para todas las personas, la competencia de las empresas, ordenando y regulando los monopolios que act\u00faan en el terreno internacional con base en la rep\u00fablica.<strong> El funcionamiento de los medios masivos de comunicaci\u00f3n social tiene que enmarcarse en dicho concepto de igualdad, respeto y libertad.<\/strong><\/p>\n\n\n\n<p>Es realizable proyectar la pol\u00edtica exterior argentina en t\u00e9rminos de justicia y de reconocimiento de los derechos humanos como uno de los fundamentos m\u00e1s importantes desde el 10 de diciembre de 1983,<strong> en que juntos pusimos fin a la \u00faltima y m\u00e1s sangrienta dictadura, y de desarrollo sostenible e inclusivo.<\/strong><\/p>\n\n\n\n<p><strong>Es apropiado observar si cada nueva dificultad representa una nueva oportunidad de encontrar soluciones <\/strong>que aumentan el valor de nuestro crecimiento y, de ser as\u00ed, sin dejar a nadie atr\u00e1s, buscar esas soluciones y ponerlas en pr\u00e1ctica.<\/p>\n","protected":false},"excerpt":{"rendered":"<p>Nuestra energ\u00eda es directamente proporcional al foco que elegimos: pongamos en foco a la Argentina como pa\u00eds privilegiado. All\u00ed es imprescindible pensar hacia el futuro y construir escenarios como naci\u00f3n especialmente en materia de pol\u00edtica exterior, a eso refiere la presente s\u00edntesis. Por Fundaci\u00f3n Ricardo Rojas La Argentina, que hist\u00f3ricamente trabaja en la construcci\u00f3n de [&hellip;]<\/p>\n","protected":false},"author":40,"featured_media":354115,"comment_status":"open","ping_status":"open","sticky":false,"template":"","format":"standard","meta":{"_stopmodifiedupdate":false,"_modified_date":"","inline_featured_image":false,"spay_email":"","jetpack_publicize_message":""},"categories":[1127],"tags":[573,1534,1302],"jetpack_featured_media_url":"https:\/\/notinor.com\/jujuy\/wp-content\/uploads\/2022\/09\/blue-2022-09-14T223438.109.jpg","jetpack_publicize_connections":[],"_links":{"self":[{"href":"https:\/\/notinor.com\/jujuy\/wp-json\/wp\/v2\/posts\/354114"}],"collection":[{"href":"https:\/\/notinor.com\/jujuy\/wp-json\/wp\/v2\/posts"}],"about":[{"href":"https:\/\/notinor.com\/jujuy\/wp-json\/wp\/v2\/types\/post"}],"author":[{"embeddable":true,"href":"https:\/\/notinor.com\/jujuy\/wp-json\/wp\/v2\/users\/40"}],"replies":[{"embeddable":true,"href":"https:\/\/notinor.com\/jujuy\/wp-json\/wp\/v2\/comments?post=354114"}],"version-history":[{"count":5,"href":"https:\/\/notinor.com\/jujuy\/wp-json\/wp\/v2\/posts\/354114\/revisions"}],"predecessor-version":[{"id":354118,"href":"https:\/\/notinor.com\/jujuy\/wp-json\/wp\/v2\/posts\/354114\/revisions\/354118"}],"wp:featuredmedia":[{"embeddable":true,"href":"https:\/\/notinor.com\/jujuy\/wp-json\/wp\/v2\/media\/354115"}],"wp:attachment":[{"href":"https:\/\/notinor.com\/jujuy\/wp-json\/wp\/v2\/media?parent=354114"}],"wp:term":[{"taxonomy":"category","embeddable":true,"href":"https:\/\/notinor.com\/jujuy\/wp-json\/wp\/v2\/categories?post=354114"},{"taxonomy":"post_tag","embeddable":true,"href":"https:\/\/notinor.com\/jujuy\/wp-json\/wp\/v2\/tags?post=354114"}],"curies":[{"name":"wp","href":"https:\/\/api.w.org\/{rel}","templated":true}]}}