{"id":354046,"date":"2022-09-14T14:14:05","date_gmt":"2022-09-14T17:14:05","guid":{"rendered":"https:\/\/notinor.com\/jujuy\/?p=354046"},"modified":"2022-09-14T14:14:10","modified_gmt":"2022-09-14T17:14:10","slug":"las-imagenes-peregrinas-del-milagro-recorreran-los-barrios-asi-sera-el-nuevo-circuito","status":"publish","type":"post","link":"https:\/\/notinor.com\/jujuy\/las-imagenes-peregrinas-del-milagro-recorreran-los-barrios-asi-sera-el-nuevo-circuito\/","title":{"rendered":"Las im\u00e1genes peregrinas del Milagro recorrer\u00e1n los barrios: as\u00ed ser\u00e1 el nuevo circuito"},"content":{"rendered":"\n<p class=\"has-medium-font-size\"><strong><em>Se dispuso un amplio dispositivo de seguridad vial, acompa\u00f1amiento y asistencia para el circuito y sectores aleda\u00f1os al paso de la caravana que saldr\u00e1 el 15 se septiembre a las 08:30 desde la Catedral.<\/em><\/strong><\/p>\n\n\n\n<figure class=\"wp-block-image\"><img decoding=\"async\" src=\"https:\/\/municipalidadsalta.gob.ar\/wp-content\/uploads\/2022\/09\/imagenes-peregrinas-milagro-4.jpg\" alt=\"\" class=\"wp-image-183990\"\/><\/figure>\n\n\n\n<p>La Municipalidad diagram\u00f3 un dispositivo especial dispuesto para la caravana vehicular que saldr\u00e1 con las sagradas im\u00e1genes peregrinas del Milagro, <strong>que se realizar\u00e1 este jueves con horario de salida a las 08:30 horas, desde la Catedral Bas\u00edlica de Salta.<\/strong><\/p>\n\n\n\n<p><strong>En ese sentido se trabajar\u00e1 en forma coordinada con los equipos de organizaci\u00f3n del Arzobispado de Salta, Gobierno de la Provincia, fuerzas de seguridad nacionales, SAMEC y equipos de rescate <\/strong>afectados para el avance de las sagradas im\u00e1genes que ser\u00e1n ubicadas en jeeps especiales pertenecientes al Ej\u00e9rcito Argentino. El circuito total organizado para este a\u00f1o alcanza los 28 km a lo largo y ancho de la ciudad de acuerdo al siguiente recorrido:<\/p>\n\n\n\n<figure class=\"wp-block-image\"><img decoding=\"async\" src=\"https:\/\/municipalidadsalta.gob.ar\/wp-content\/uploads\/2022\/09\/imagenes-peregrinas-milagro-mapa-1-798x1024.jpg\" alt=\"\" class=\"wp-image-183987\"\/><\/figure>\n\n\n\n<h3><strong>Catedral Bas\u00edlica- atrio-<\/strong><\/h3>\n\n\n\n<p>Espa\u00f1a- Zuvir\u00eda- Avenida Belgrano- Avenida Bicentenario-Avenida Reyes Cat\u00f3licos- Avenida Sans\u00f3n-Avenida Constituci\u00f3n (en contramano)- Acceso B\u00b0 Pereyra Rozas- Calles internas sin nombre- Avenida Bolivia- Avenida Arenales- Ibazeta- Laprida-Lola Mora-10 de Octubre- Avenida B\u00e9lgica- Virgilio Ted\u00edn- Los Lanceros- Avenida Independencia- Avenida Artigas- Avenida Italia- Avenida Delgadillo- Avenida Asunci\u00f3n- acceso B\u00b0 Aut\u00f3dromo- Oscar Cabalen- Ricardo Rizzati- Tadeo Tad\u00eda-<\/p>\n\n\n\n<p><strong>Retome avenida El Aut\u00f3dromo<\/strong>-\u00a0Avenida Asunci\u00f3n- Avenida Irigoyen- Avenida San Mart\u00edn- Mariano Boedo- J. Tob\u00edas-Avenida Gurruchaga- Avenida Uruguay- Monumento al General G\u00fcemes- Paseo G\u00fcemes- De\u00e1n Funes- Avenida Belgrano (contramano)-<\/p>\n\n\n\n<p><strong>Finaliza y se mantienen las im\u00e1genes peregrinas frente al Comando de la V Brigada del Ej\u00e9rcito Argentino<\/strong>. El municipio dispondr\u00e1 de 1 patrullero y 4 motos con efectivos para coche punteros pertenecientes a la Secretar\u00eda de Movilidad Ciudadana, que estar\u00e1n ubicados en el atrio de la Catedral Bas\u00edlica a las 8 y comenzar\u00e1n con los movimientos coordinados para iniciar el recorrido en la ciudad.<\/p>\n\n\n\n<p><strong>A su vez, se sumar\u00e1n m\u00f3viles y motoristas de la Secretar\u00eda de Protecci\u00f3n Ciudadana y la Subsecretar\u00eda de Gesti\u00f3n Integral de Riesgos que contribuir\u00e1n al apoyo sanitario y log\u00edstico. <\/strong>Las autoridades solicitan a la comunidad circular con precauci\u00f3n y atender a las indicaciones que realice el personal apostado en las distintas zonas para garantizar que el trayecto se realice sin demoras ni inconvenientes en su paso.<\/p>\n\n\n\n<figure class=\"wp-block-image\"><img decoding=\"async\" src=\"https:\/\/municipalidadsalta.gob.ar\/wp-content\/uploads\/2022\/09\/imagenes-peregrinas-milagro-mapa-2-794x1024.jpg\" alt=\"\" class=\"wp-image-183988\"\/><\/figure>\n\n\n\n<figure class=\"wp-block-image\"><img decoding=\"async\" src=\"https:\/\/municipalidadsalta.gob.ar\/wp-content\/uploads\/2022\/09\/imagenes-peregrinas-milagro-mapa-3-787x1024.jpg\" alt=\"\" class=\"wp-image-183989\"\/><\/figure>\n","protected":false},"excerpt":{"rendered":"<p>Se dispuso un amplio dispositivo de seguridad vial, acompa\u00f1amiento y asistencia para el circuito y sectores aleda\u00f1os al paso de la caravana que saldr\u00e1 el 15 se septiembre a las 08:30 desde la Catedral. La Municipalidad diagram\u00f3 un dispositivo especial dispuesto para la caravana vehicular que saldr\u00e1 con las sagradas im\u00e1genes peregrinas del Milagro, que [&hellip;]<\/p>\n","protected":false},"author":40,"featured_media":354047,"comment_status":"open","ping_status":"open","sticky":false,"template":"","format":"standard","meta":{"_stopmodifiedupdate":false,"_modified_date":"","inline_featured_image":false,"spay_email":"","jetpack_publicize_message":""},"categories":[5],"tags":[1939],"jetpack_featured_media_url":"https:\/\/notinor.com\/jujuy\/wp-content\/uploads\/2022\/09\/blue-93.jpg","jetpack_publicize_connections":[],"_links":{"self":[{"href":"https:\/\/notinor.com\/jujuy\/wp-json\/wp\/v2\/posts\/354046"}],"collection":[{"href":"https:\/\/notinor.com\/jujuy\/wp-json\/wp\/v2\/posts"}],"about":[{"href":"https:\/\/notinor.com\/jujuy\/wp-json\/wp\/v2\/types\/post"}],"author":[{"embeddable":true,"href":"https:\/\/notinor.com\/jujuy\/wp-json\/wp\/v2\/users\/40"}],"replies":[{"embeddable":true,"href":"https:\/\/notinor.com\/jujuy\/wp-json\/wp\/v2\/comments?post=354046"}],"version-history":[{"count":1,"href":"https:\/\/notinor.com\/jujuy\/wp-json\/wp\/v2\/posts\/354046\/revisions"}],"predecessor-version":[{"id":354048,"href":"https:\/\/notinor.com\/jujuy\/wp-json\/wp\/v2\/posts\/354046\/revisions\/354048"}],"wp:featuredmedia":[{"embeddable":true,"href":"https:\/\/notinor.com\/jujuy\/wp-json\/wp\/v2\/media\/354047"}],"wp:attachment":[{"href":"https:\/\/notinor.com\/jujuy\/wp-json\/wp\/v2\/media?parent=354046"}],"wp:term":[{"taxonomy":"category","embeddable":true,"href":"https:\/\/notinor.com\/jujuy\/wp-json\/wp\/v2\/categories?post=354046"},{"taxonomy":"post_tag","embeddable":true,"href":"https:\/\/notinor.com\/jujuy\/wp-json\/wp\/v2\/tags?post=354046"}],"curies":[{"name":"wp","href":"https:\/\/api.w.org\/{rel}","templated":true}]}}