{"id":354013,"date":"2022-09-14T11:04:30","date_gmt":"2022-09-14T14:04:30","guid":{"rendered":"https:\/\/notinor.com\/jujuy\/?p=354013"},"modified":"2022-09-14T11:04:35","modified_gmt":"2022-09-14T14:04:35","slug":"devocion-por-el-senor-y-la-virgen-del-milagro-bikers-de-san-pedro-rumbo-a-salta","status":"publish","type":"post","link":"https:\/\/notinor.com\/jujuy\/devocion-por-el-senor-y-la-virgen-del-milagro-bikers-de-san-pedro-rumbo-a-salta\/","title":{"rendered":"Devoci\u00f3n por el Se\u00f1or y la Virgen del Milagro: bikers de San Pedro rumbo a Salta"},"content":{"rendered":"\n<p class=\"has-medium-font-size\"><em><strong>Esta ma\u00f1ana se reunieron los peregrinos en bicicleta en la plaza central de San Pedro para partir rumbo Salta con motivo de la celebraci\u00f3n del Se\u00f1or y la Virgen del Milagro.<\/strong><\/em><\/p>\n\n\n\n<div class=\"wp-block-image\"><figure class=\"aligncenter size-large\"><img decoding=\"async\" loading=\"lazy\" width=\"840\" height=\"432\" src=\"https:\/\/notinor.com\/jujuy\/wp-content\/uploads\/2022\/09\/notnor-840x432.png\" alt=\"\" class=\"wp-image-354018\" srcset=\"https:\/\/notinor.com\/jujuy\/wp-content\/uploads\/2022\/09\/notnor-840x432.png 840w, https:\/\/notinor.com\/jujuy\/wp-content\/uploads\/2022\/09\/notnor-660x340.png 660w, https:\/\/notinor.com\/jujuy\/wp-content\/uploads\/2022\/09\/notnor-768x395.png 768w, https:\/\/notinor.com\/jujuy\/wp-content\/uploads\/2022\/09\/notnor-750x386.png 750w, https:\/\/notinor.com\/jujuy\/wp-content\/uploads\/2022\/09\/notnor.png 964w\" sizes=\"(max-width: 840px) 100vw, 840px\" \/><\/figure><\/div>\n\n\n\n<p>Durante la ma\u00f1ana de este mi\u00e9rcoles, <strong>un grupo de aproximadamente 70 biciperegrinos o bikers, partieron desde la plaza central de San Pedro de Jujuy rumbo a Salta<\/strong>, para sumarse a las <a href=\"https:\/\/notinor.com\/jujuy\/empieza-la-fiesta-del-milagro-y-el-peregrinaje-mas-largo-que-se-vive-en-salta\/\">celebraciones en honor al\u00a0Se\u00f1or y la Virgen del Milagro.<\/a><\/p>\n\n\n\n<p>Como todos los a\u00f1os, cientos de fieles de diferentes puntos de Jujuy parten con destino a la vecina provincia de Salta para estar presente en la <strong>misa central que se realiza todos los 15 de septiembre.<\/strong><\/p>\n\n\n\n<p>Los ciclistas recibieron la bendici\u00f3n del p\u00e1rroco de la ciudad de San Pedro para iniciar ruta. Cada a\u00f1o se suman m\u00e1s peregrinos que deciden ir en bicicleta para presenciar la Fiesta del Milagro.<\/p>\n","protected":false},"excerpt":{"rendered":"<p>Esta ma\u00f1ana se reunieron los peregrinos en bicicleta en la plaza central de San Pedro para partir rumbo Salta con motivo de la celebraci\u00f3n del Se\u00f1or y la Virgen del Milagro. Durante la ma\u00f1ana de este mi\u00e9rcoles, un grupo de aproximadamente 70 biciperegrinos o bikers, partieron desde la plaza central de San Pedro de Jujuy [&hellip;]<\/p>\n","protected":false},"author":37,"featured_media":354018,"comment_status":"open","ping_status":"open","sticky":false,"template":"","format":"standard","meta":{"_stopmodifiedupdate":false,"_modified_date":"","inline_featured_image":false,"spay_email":"","jetpack_publicize_message":""},"categories":[514],"tags":[],"jetpack_featured_media_url":"https:\/\/notinor.com\/jujuy\/wp-content\/uploads\/2022\/09\/notnor.png","jetpack_publicize_connections":[],"_links":{"self":[{"href":"https:\/\/notinor.com\/jujuy\/wp-json\/wp\/v2\/posts\/354013"}],"collection":[{"href":"https:\/\/notinor.com\/jujuy\/wp-json\/wp\/v2\/posts"}],"about":[{"href":"https:\/\/notinor.com\/jujuy\/wp-json\/wp\/v2\/types\/post"}],"author":[{"embeddable":true,"href":"https:\/\/notinor.com\/jujuy\/wp-json\/wp\/v2\/users\/37"}],"replies":[{"embeddable":true,"href":"https:\/\/notinor.com\/jujuy\/wp-json\/wp\/v2\/comments?post=354013"}],"version-history":[{"count":1,"href":"https:\/\/notinor.com\/jujuy\/wp-json\/wp\/v2\/posts\/354013\/revisions"}],"predecessor-version":[{"id":354023,"href":"https:\/\/notinor.com\/jujuy\/wp-json\/wp\/v2\/posts\/354013\/revisions\/354023"}],"wp:featuredmedia":[{"embeddable":true,"href":"https:\/\/notinor.com\/jujuy\/wp-json\/wp\/v2\/media\/354018"}],"wp:attachment":[{"href":"https:\/\/notinor.com\/jujuy\/wp-json\/wp\/v2\/media?parent=354013"}],"wp:term":[{"taxonomy":"category","embeddable":true,"href":"https:\/\/notinor.com\/jujuy\/wp-json\/wp\/v2\/categories?post=354013"},{"taxonomy":"post_tag","embeddable":true,"href":"https:\/\/notinor.com\/jujuy\/wp-json\/wp\/v2\/tags?post=354013"}],"curies":[{"name":"wp","href":"https:\/\/api.w.org\/{rel}","templated":true}]}}