{"id":354004,"date":"2022-09-14T10:32:50","date_gmt":"2022-09-14T13:32:50","guid":{"rendered":"https:\/\/notinor.com\/jujuy\/?p=354004"},"modified":"2022-09-14T10:32:56","modified_gmt":"2022-09-14T13:32:56","slug":"agua-potable-aseguran-que-es-de-consumo-seguro","status":"publish","type":"post","link":"https:\/\/notinor.com\/jujuy\/agua-potable-aseguran-que-es-de-consumo-seguro\/","title":{"rendered":"Agua Potable: aseguran que es de consumo seguro"},"content":{"rendered":"\n<p class=\"has-medium-font-size\"><em><strong>Desde la entidad emitieron un comunicado para aclarar que el agua que llega a todos los hogares \"cumple con los est\u00e1ndares de calidad exigidos\".<\/strong><\/em><\/p>\n\n\n\n<div class=\"wp-block-image\"><figure class=\"aligncenter size-large\"><img decoding=\"async\" loading=\"lazy\" width=\"720\" height=\"480\" src=\"https:\/\/notinor.com\/jujuy\/wp-content\/uploads\/2022\/09\/c\u00f3mo-purificar-el-agua-potable-en-casa-720x480.jpg\" alt=\"\" class=\"wp-image-354005\" srcset=\"https:\/\/notinor.com\/jujuy\/wp-content\/uploads\/2022\/09\/c\u00f3mo-purificar-el-agua-potable-en-casa-720x480.jpg 720w, https:\/\/notinor.com\/jujuy\/wp-content\/uploads\/2022\/09\/c\u00f3mo-purificar-el-agua-potable-en-casa-548x365.jpg 548w, https:\/\/notinor.com\/jujuy\/wp-content\/uploads\/2022\/09\/c\u00f3mo-purificar-el-agua-potable-en-casa-768x512.jpg 768w, https:\/\/notinor.com\/jujuy\/wp-content\/uploads\/2022\/09\/c\u00f3mo-purificar-el-agua-potable-en-casa-750x500.jpg 750w, https:\/\/notinor.com\/jujuy\/wp-content\/uploads\/2022\/09\/c\u00f3mo-purificar-el-agua-potable-en-casa.jpg 990w\" sizes=\"(max-width: 720px) 100vw, 720px\" \/><\/figure><\/div>\n\n\n\n<p><strong>Agua Potable <\/strong>emiti\u00f3 un comunicado este mi\u00e9rcoles para llevar tranquilidad a todos sus usuarios juje\u00f1os, asegurando que el agua que llega a los hogares\u00a0<strong>\"es apta para el consumo humano<\/strong>, <strong>cumpliendo con todos los est\u00e1ndares de calidad exigidos por los organismos de control para un consumo seguro\".<\/strong><\/p>\n\n\n\n<p>Esto se debe a que en los \u00faltimos d\u00edas se realizaron varias consultas sobre una posible contaminaci\u00f3n en el agua que llega a los hogares e incluso, <a href=\"https:\/\/notinor.com\/jujuy\/preocupacion-por-el-aumento-de-casos-de-gastroenteritis-en-jujuy\/\">el incremento de consultas por cuadros de gastroenteritis<\/a>, solicitando que se revise el servicio brindado.<\/p>\n\n\n\n<figure class=\"wp-block-image\"><img decoding=\"async\" src=\"https:\/\/somosjujuy-wordpress.s3.amazonaws.com\/wp-content\/uploads\/2022\/09\/14080713\/comunicado-de-agua-potable.jpg\" alt=\"\" \/><\/figure>\n\n\n\n<p>Adem\u00e1s, expresaron que \"los laboratorios de la empresa\u00a0<strong>realizan permanentes y rigurosos monitoreos<\/strong>\u00a0de calidad, con el objetivo de proteger la salud de las personas\".<\/p>\n","protected":false},"excerpt":{"rendered":"<p>Desde la entidad emitieron un comunicado para aclarar que el agua que llega a todos los hogares \"cumple con los est\u00e1ndares de calidad exigidos\". Agua Potable emiti\u00f3 un comunicado este mi\u00e9rcoles para llevar tranquilidad a todos sus usuarios juje\u00f1os, asegurando que el agua que llega a los hogares\u00a0\"es apta para el consumo humano, cumpliendo con [&hellip;]<\/p>\n","protected":false},"author":37,"featured_media":354005,"comment_status":"open","ping_status":"open","sticky":false,"template":"","format":"standard","meta":{"_stopmodifiedupdate":false,"_modified_date":"","inline_featured_image":false,"spay_email":"","jetpack_publicize_message":""},"categories":[2],"tags":[],"jetpack_featured_media_url":"https:\/\/notinor.com\/jujuy\/wp-content\/uploads\/2022\/09\/c\u00f3mo-purificar-el-agua-potable-en-casa.jpg","jetpack_publicize_connections":[],"_links":{"self":[{"href":"https:\/\/notinor.com\/jujuy\/wp-json\/wp\/v2\/posts\/354004"}],"collection":[{"href":"https:\/\/notinor.com\/jujuy\/wp-json\/wp\/v2\/posts"}],"about":[{"href":"https:\/\/notinor.com\/jujuy\/wp-json\/wp\/v2\/types\/post"}],"author":[{"embeddable":true,"href":"https:\/\/notinor.com\/jujuy\/wp-json\/wp\/v2\/users\/37"}],"replies":[{"embeddable":true,"href":"https:\/\/notinor.com\/jujuy\/wp-json\/wp\/v2\/comments?post=354004"}],"version-history":[{"count":1,"href":"https:\/\/notinor.com\/jujuy\/wp-json\/wp\/v2\/posts\/354004\/revisions"}],"predecessor-version":[{"id":354011,"href":"https:\/\/notinor.com\/jujuy\/wp-json\/wp\/v2\/posts\/354004\/revisions\/354011"}],"wp:featuredmedia":[{"embeddable":true,"href":"https:\/\/notinor.com\/jujuy\/wp-json\/wp\/v2\/media\/354005"}],"wp:attachment":[{"href":"https:\/\/notinor.com\/jujuy\/wp-json\/wp\/v2\/media?parent=354004"}],"wp:term":[{"taxonomy":"category","embeddable":true,"href":"https:\/\/notinor.com\/jujuy\/wp-json\/wp\/v2\/categories?post=354004"},{"taxonomy":"post_tag","embeddable":true,"href":"https:\/\/notinor.com\/jujuy\/wp-json\/wp\/v2\/tags?post=354004"}],"curies":[{"name":"wp","href":"https:\/\/api.w.org\/{rel}","templated":true}]}}