{"id":353994,"date":"2022-09-14T09:47:19","date_gmt":"2022-09-14T12:47:19","guid":{"rendered":"https:\/\/notinor.com\/jujuy\/?p=353994"},"modified":"2022-09-14T09:47:24","modified_gmt":"2022-09-14T12:47:24","slug":"preocupacion-por-el-aumento-de-casos-de-gastroenteritis-en-jujuy","status":"publish","type":"post","link":"https:\/\/notinor.com\/jujuy\/preocupacion-por-el-aumento-de-casos-de-gastroenteritis-en-jujuy\/","title":{"rendered":"Preocupaci\u00f3n por el aumento de casos de gastroenteritis en Jujuy"},"content":{"rendered":"\n<p class=\"has-medium-font-size\"><em><strong>Desde el sistema de salud provincial, advierten por el crecimiento de consultas en los \u00faltimos d\u00edas, sobre todo en ni\u00f1os. C\u00f3mo prevenir esta enfermedad.<\/strong><\/em><\/p>\n\n\n\n<div class=\"wp-block-image\"><figure class=\"aligncenter size-large\"><img decoding=\"async\" loading=\"lazy\" width=\"700\" height=\"450\" src=\"https:\/\/notinor.com\/jujuy\/wp-content\/uploads\/2022\/09\/nino-con-dolor-de-tripa.jpg\" alt=\"\" class=\"wp-image-353995\" srcset=\"https:\/\/notinor.com\/jujuy\/wp-content\/uploads\/2022\/09\/nino-con-dolor-de-tripa.jpg 700w, https:\/\/notinor.com\/jujuy\/wp-content\/uploads\/2022\/09\/nino-con-dolor-de-tripa-568x365.jpg 568w\" sizes=\"(max-width: 700px) 100vw, 700px\" \/><\/figure><\/div>\n\n\n\n<p>Desde los CAPS y hospitales de Jujuy vienen observando en los \u00faltimos d\u00edas un <strong>aumento de las consultas por gastroenteritis<\/strong>. Si bien la situaci\u00f3n no llega a ser alarmante, recomendaron tomar medidas para prevenirla y evitar complicaciones.<\/p>\n\n\n\n<p>La gastroenteritis es una inflamaci\u00f3n del est\u00f3mago y los intestinos que puede llevar a que se presente diarrea y v\u00f3mitos. <strong>Uno de los riesgos es la posibilidad de que se produzca un cuadro de deshidrataci\u00f3n, sobre todo en beb\u00e9s y ni\u00f1os.<\/strong><\/p>\n\n\n\n<p>El pediatra <strong>Rub\u00e9n Cama\u00f1o <\/strong>indic\u00f3 que las causas de la gastroenteritis var\u00edan seg\u00fan la \u00e9poca del a\u00f1o. Explic\u00f3 que \u201cen \u00e9pocas fr\u00edas las causas son virales, pero ahora en primavera \u2013 verano las causas son bacterianas, por las malas condiciones higi\u00e9nicas\u201d y advirti\u00f3 que<strong> se puede dar el contagio de persona a persona.<\/strong><\/p>\n\n\n\n<p>El m\u00e9dico explic\u00f3 que la enfermedad puede presentarse como una diarrea aguda, que <strong>en el caso de los ni\u00f1os puede ser preocupante cuando la diarrea se mantiene por 5 o 7 d\u00edas, por el riesgo de deshidrataci\u00f3n.<\/strong><\/p>\n\n\n\n<p>Cama\u00f1o remarc\u00f3 que l<strong>o correcto es hervir el agua que vamos a consumir<\/strong>. Hizo hincapi\u00e9 en prestar atenci\u00f3n a la cocci\u00f3n de los alimentos y en cuidar las condiciones de salubridad e higiene, y recomend\u00f3 el lavado de manos.<\/p>\n\n\n\n<div class=\"wp-block-image\"><figure class=\"aligncenter\"><img decoding=\"async\" src=\"https:\/\/tpc.googlesyndication.com\/simgad\/3504424247027440669\" alt=\"\" \/><\/figure><\/div>\n\n\n\n<p>La licenciada <strong>Raquel Corimayo<\/strong>, encargada del CIC Copacabana de barrio Alto Comedero indic\u00f3 por su parte que en estos \u00faltimos d\u00edas recibieron muchas consultas por cuadros de gastroenteritis.<\/p>\n\n\n\n<p>\u201cTodas fueron leves y tratadas en el centro de salud\u201d, explic\u00f3 y detall\u00f3 que algunos de los s\u00edntomas fueron diarrea, n\u00e1useas, v\u00f3mitos y febr\u00edculas. \u201cNo hubo ninguna otra complicaci\u00f3n\u201d, indic\u00f3.<\/p>\n\n\n\n<p>Corimayo coincidi\u00f3 en que <strong>la falta de cuidado de la higiene es una de las principales causas de la enfermedad <\/strong>y recomend\u00f3 a los vecinos revisar la limpieza de los tanques de agua. \u201cUno despu\u00e9s toma esa agua y cae mal\u201d, se\u00f1al\u00f3. Insisti\u00f3 al igual que el pediatra con que <strong>una de las principales medidas de prevenci\u00f3n es el correcto lavado de manos.<\/strong><\/p>\n","protected":false},"excerpt":{"rendered":"<p>Desde el sistema de salud provincial, advierten por el crecimiento de consultas en los \u00faltimos d\u00edas, sobre todo en ni\u00f1os. C\u00f3mo prevenir esta enfermedad. Desde los CAPS y hospitales de Jujuy vienen observando en los \u00faltimos d\u00edas un aumento de las consultas por gastroenteritis. Si bien la situaci\u00f3n no llega a ser alarmante, recomendaron tomar [&hellip;]<\/p>\n","protected":false},"author":37,"featured_media":353995,"comment_status":"open","ping_status":"open","sticky":false,"template":"","format":"standard","meta":{"_stopmodifiedupdate":false,"_modified_date":"","inline_featured_image":false,"spay_email":"","jetpack_publicize_message":""},"categories":[2],"tags":[],"jetpack_featured_media_url":"https:\/\/notinor.com\/jujuy\/wp-content\/uploads\/2022\/09\/nino-con-dolor-de-tripa.jpg","jetpack_publicize_connections":[],"_links":{"self":[{"href":"https:\/\/notinor.com\/jujuy\/wp-json\/wp\/v2\/posts\/353994"}],"collection":[{"href":"https:\/\/notinor.com\/jujuy\/wp-json\/wp\/v2\/posts"}],"about":[{"href":"https:\/\/notinor.com\/jujuy\/wp-json\/wp\/v2\/types\/post"}],"author":[{"embeddable":true,"href":"https:\/\/notinor.com\/jujuy\/wp-json\/wp\/v2\/users\/37"}],"replies":[{"embeddable":true,"href":"https:\/\/notinor.com\/jujuy\/wp-json\/wp\/v2\/comments?post=353994"}],"version-history":[{"count":1,"href":"https:\/\/notinor.com\/jujuy\/wp-json\/wp\/v2\/posts\/353994\/revisions"}],"predecessor-version":[{"id":353996,"href":"https:\/\/notinor.com\/jujuy\/wp-json\/wp\/v2\/posts\/353994\/revisions\/353996"}],"wp:featuredmedia":[{"embeddable":true,"href":"https:\/\/notinor.com\/jujuy\/wp-json\/wp\/v2\/media\/353995"}],"wp:attachment":[{"href":"https:\/\/notinor.com\/jujuy\/wp-json\/wp\/v2\/media?parent=353994"}],"wp:term":[{"taxonomy":"category","embeddable":true,"href":"https:\/\/notinor.com\/jujuy\/wp-json\/wp\/v2\/categories?post=353994"},{"taxonomy":"post_tag","embeddable":true,"href":"https:\/\/notinor.com\/jujuy\/wp-json\/wp\/v2\/tags?post=353994"}],"curies":[{"name":"wp","href":"https:\/\/api.w.org\/{rel}","templated":true}]}}