{"id":353980,"date":"2022-09-14T09:32:04","date_gmt":"2022-09-14T12:32:04","guid":{"rendered":"https:\/\/notinor.com\/jujuy\/?p=353980"},"modified":"2022-09-14T09:32:09","modified_gmt":"2022-09-14T12:32:09","slug":"a-pleno-calor-asi-se-despide-el-invierno-en-jujuy","status":"publish","type":"post","link":"https:\/\/notinor.com\/jujuy\/a-pleno-calor-asi-se-despide-el-invierno-en-jujuy\/","title":{"rendered":"A pleno calor: as\u00ed se despide el invierno en Jujuy"},"content":{"rendered":"\n<p class=\"has-medium-font-size\"><em><strong>A una semana de la llegada de la primavera, las temperaturas este fin de semana superar\u00e1n los 28\u00ba <\/strong><\/em><\/p>\n\n\n\n<div class=\"wp-block-image\"><figure class=\"aligncenter size-large\"><img decoding=\"async\" loading=\"lazy\" width=\"473\" height=\"480\" src=\"https:\/\/notinor.com\/jujuy\/wp-content\/uploads\/2022\/09\/DmVSzHlW0AA93Ga-473x480.jpg\" alt=\"\" class=\"wp-image-353984\" srcset=\"https:\/\/notinor.com\/jujuy\/wp-content\/uploads\/2022\/09\/DmVSzHlW0AA93Ga-473x480.jpg 473w, https:\/\/notinor.com\/jujuy\/wp-content\/uploads\/2022\/09\/DmVSzHlW0AA93Ga-359x365.jpg 359w, https:\/\/notinor.com\/jujuy\/wp-content\/uploads\/2022\/09\/DmVSzHlW0AA93Ga-768x780.jpg 768w, https:\/\/notinor.com\/jujuy\/wp-content\/uploads\/2022\/09\/DmVSzHlW0AA93Ga-75x75.jpg 75w, https:\/\/notinor.com\/jujuy\/wp-content\/uploads\/2022\/09\/DmVSzHlW0AA93Ga-750x762.jpg 750w, https:\/\/notinor.com\/jujuy\/wp-content\/uploads\/2022\/09\/DmVSzHlW0AA93Ga.jpg 1080w\" sizes=\"(max-width: 473px) 100vw, 473px\" \/><\/figure><\/div>\n\n\n\n<p><strong>En Jujuy ya se vive un clima primaveral<\/strong>, a pocos d\u00edas del inicio oficial de la Fiesta Nacional de los Estudiantes y la llegada de la estaci\u00f3n m\u00e1s linda, <strong>las temperaturas aumentar\u00e1n de manera notable y llegar\u00e1n a superar los 28\u00b0 seg\u00fan anunci\u00f3 el Servicio Metereol\u00f3gico Nacional.<\/strong><\/p>\n\n\n\n<p>Los d\u00edas con mayores temperaturas ser\u00e1n <strong>Viernes, S\u00e1bado y Domingo<\/strong> con <strong>m\u00e1ximas que superar\u00e1n los 28\u00ba y m\u00ednimas de 15\u00ba<\/strong>. No hay probabilidades de lluvia.\u00a0<\/p>\n\n\n\n<p><strong>Para la semana de los estudiantes y durante los desfiles de carrozas y carruajes, se esperan temperaturas similares y los estudiantes as\u00ed podr\u00edan disfrutar a pleno la FNE.<\/strong><\/p>\n\n\n\n<p>Es importante que los d\u00edas en que la temperatura aumenta, se tengan los cuidados necesarios con<strong>\u00a0los ni\u00f1os y los adultos mayores<\/strong>, quienes m\u00e1s sufren y tienen vulnerabilidad ante estos d\u00edas de mucho calor. <\/p>\n\n\n\n<h2>Recomendaciones: <\/h2>\n\n\n\n<ul><li>hidrataci\u00f3n, <\/li><li>no exponerse al sol en horarios que no recomendados,<\/li><li>usar sombrero si vas a estar bajo el sol, sombrilla, ropa blanca <\/li><\/ul>\n\n\n\n<h2>Incendios forestales<\/h2>\n\n\n\n<p>La situaci\u00f3n en la zona del Ramal es cr\u00edtica, y <strong>no est\u00e1 pronosticado  probabilidades de lluvia para esta semana<\/strong>, lo que ser\u00eda de gran alivio para poder seguir frenando el fuego. <\/p>\n","protected":false},"excerpt":{"rendered":"<p>A una semana de la llegada de la primavera, las temperaturas este fin de semana superar\u00e1n los 28\u00ba En Jujuy ya se vive un clima primaveral, a pocos d\u00edas del inicio oficial de la Fiesta Nacional de los Estudiantes y la llegada de la estaci\u00f3n m\u00e1s linda, las temperaturas aumentar\u00e1n de manera notable y llegar\u00e1n [&hellip;]<\/p>\n","protected":false},"author":37,"featured_media":353984,"comment_status":"open","ping_status":"open","sticky":false,"template":"","format":"standard","meta":{"_stopmodifiedupdate":false,"_modified_date":"","inline_featured_image":false,"spay_email":"","jetpack_publicize_message":""},"categories":[2],"tags":[],"jetpack_featured_media_url":"https:\/\/notinor.com\/jujuy\/wp-content\/uploads\/2022\/09\/DmVSzHlW0AA93Ga.jpg","jetpack_publicize_connections":[],"_links":{"self":[{"href":"https:\/\/notinor.com\/jujuy\/wp-json\/wp\/v2\/posts\/353980"}],"collection":[{"href":"https:\/\/notinor.com\/jujuy\/wp-json\/wp\/v2\/posts"}],"about":[{"href":"https:\/\/notinor.com\/jujuy\/wp-json\/wp\/v2\/types\/post"}],"author":[{"embeddable":true,"href":"https:\/\/notinor.com\/jujuy\/wp-json\/wp\/v2\/users\/37"}],"replies":[{"embeddable":true,"href":"https:\/\/notinor.com\/jujuy\/wp-json\/wp\/v2\/comments?post=353980"}],"version-history":[{"count":1,"href":"https:\/\/notinor.com\/jujuy\/wp-json\/wp\/v2\/posts\/353980\/revisions"}],"predecessor-version":[{"id":353993,"href":"https:\/\/notinor.com\/jujuy\/wp-json\/wp\/v2\/posts\/353980\/revisions\/353993"}],"wp:featuredmedia":[{"embeddable":true,"href":"https:\/\/notinor.com\/jujuy\/wp-json\/wp\/v2\/media\/353984"}],"wp:attachment":[{"href":"https:\/\/notinor.com\/jujuy\/wp-json\/wp\/v2\/media?parent=353980"}],"wp:term":[{"taxonomy":"category","embeddable":true,"href":"https:\/\/notinor.com\/jujuy\/wp-json\/wp\/v2\/categories?post=353980"},{"taxonomy":"post_tag","embeddable":true,"href":"https:\/\/notinor.com\/jujuy\/wp-json\/wp\/v2\/tags?post=353980"}],"curies":[{"name":"wp","href":"https:\/\/api.w.org\/{rel}","templated":true}]}}